{"id":305432,"date":"2026-06-17T08:30:00","date_gmt":"2026-06-17T06:30:00","guid":{"rendered":"https:\/\/www.tucomarca.com\/wordpress\/segunda\/?p=305432"},"modified":"2026-06-17T20:10:29","modified_gmt":"2026-06-17T18:10:29","slug":"siete-aguas-celebra-el-xlvi-festival-de-bandes-amb-motiu-del-75-aniversari-de-la-societat-musical-la-paz","status":"publish","type":"post","link":"https:\/\/tucomarca.whitekongsoftware.com\/ca\/siete-aguas-celebra-el-xlvi-festival-de-bandes-amb-motiu-del-75-aniversari-de-la-societat-musical-la-paz\/","title":{"rendered":"Siete Aguas celebra el XLVI Festival de Bandes amb motiu del 75 aniversari de la Societat Musical &#8220;La Paz&#8221;"},"content":{"rendered":"\n<p class=\"wp-block-paragraph\">La m\u00fasica tornar\u00e0 a ser protagonista a Siete Aguas amb la celebraci\u00f3 del <strong>XLVI Festival de Bandes<\/strong>, una de les cites culturals m\u00e9s destacades del calendari local, que tindr\u00e0 lloc el pr\u00f2xim <strong>dissabte 20 de juny a les 19.00 hores a la Pla\u00e7a de la Constituci\u00f3<\/strong>.<\/p>\n\n\n\n<p class=\"wp-block-paragraph\">El certamen reunir\u00e0 tres destacades formacions musicals en una edici\u00f3 molt especial, ja que s&#8217;emmarca dins dels actes commemoratius del <strong>75 aniversari de la Societat Musical &#8220;La Paz&#8221; de Siete Aguas<\/strong>, fundada l&#8217;any 1951.<\/p>\n\n\n\n<p class=\"wp-block-paragraph\">En esta edici\u00f3 participaran la <strong>Societat Musical Lira Castellonera de Castell\u00f3<\/strong>, sota la direcci\u00f3 de <strong>Sergio Navarro Bonavi\u00f1a<\/strong>; la <strong>Uni\u00f3 Musical Santa Cec\u00edlia de Villar del Arzobispo<\/strong>, dirigida per <strong>Borja Mart\u00ednez Alegre<\/strong>; i l&#8217;amfitriona, la <strong>Societat Musical &#8220;La Paz&#8221; de Siete Aguas<\/strong>, que actuar\u00e0 sota la batuta de <strong>Pere Llopis Sancho<\/strong>.<\/p>\n\n\n\n<p class=\"wp-block-paragraph\">El festival suposar\u00e0 una magn\u00edfica oportunitat per a gaudir de la m\u00fasica de banda i per a posar en valor la traject\u00f2ria d&#8217;una entitat que durant d\u00e8cades ha sigut un dels principals referents culturals del municipi. Sota el sentiment de que <em>\u00abla m\u00fasica que naix de la nostra banda \u00e9s el batec cultural d&#8217;un poble que celebra 75 anys d&#8217;hist\u00f2ria, valors compartits i tradici\u00f3 viva\u00bb<\/em>, la Societat Musical &#8220;La Paz&#8221; commemora una efem\u00e8ride marcada pel comprom\u00eds amb l&#8217;ensenyament musical i la difusi\u00f3 de la cultura.<\/p>\n\n\n\n<p class=\"wp-block-paragraph\">L&#8217;organitzaci\u00f3 del festival corre a c\u00e0rrec de la <strong>Societat Musical &#8220;La Paz&#8221; de Siete Aguas<\/strong>, amb el patrocini de l&#8217;<strong>Ajuntament de Siete Aguas<\/strong>, que convida ve\u00efns i visitants a gaudir d&#8217;una vesprada de m\u00fasica, conviv\u00e8ncia i celebraci\u00f3 al voltant d&#8217;una de les tradicions culturals m\u00e9s arrelades de la localitat.<\/p>\n","protected":false},"excerpt":{"rendered":"<div class=\"mh-excerpt\">La m\u00fasica tornar\u00e0 a ser protagonista a Siete Aguas amb la celebraci\u00f3 del XLVI Festival de Bandes, una de les cites culturals m\u00e9s destacades del calendari local, que tindr\u00e0 lloc el pr\u00f2xim dissabte 20 de <a class=\"mh-excerpt-more\" href=\"https:\/\/tucomarca.whitekongsoftware.com\/ca\/siete-aguas-celebra-el-xlvi-festival-de-bandes-amb-motiu-del-75-aniversari-de-la-societat-musical-la-paz\/\" title=\"Siete Aguas celebra el XLVI Festival de Bandes amb motiu del 75 aniversari de la Societat Musical &#8220;La Paz&#8221;\">[+] <\/a><\/div>\n","protected":false},"author":12,"featured_media":305429,"comment_status":"closed","ping_status":"open","sticky":false,"template":"","format":"standard","meta":{"footnotes":""},"categories":[11019,11005,10894,10912,11007,10896,10979],"tags":[24555,10914,11157,20470],"class_list":["post-305432","post","type-post","status-publish","format-standard","has-post-thumbnail","category-agenda-ca","category-canal-musica","category-la-comarca-ca","category-la-hoya-ca","category-ocio-y-cultura-ca","category-seccion-ca","category-siete-aguas-ca","tag-75-aniversario","tag-la-hoya-de-bunol-chiva-ca","tag-siete-aguas-ca","tag-sm-la-paz-de-siete-aguas-ca"],"_links":{"self":[{"href":"https:\/\/tucomarca.whitekongsoftware.com\/ca\/wp-json\/wp\/v2\/posts\/305432","targetHints":{"allow":["GET"]}}],"collection":[{"href":"https:\/\/tucomarca.whitekongsoftware.com\/ca\/wp-json\/wp\/v2\/posts"}],"about":[{"href":"https:\/\/tucomarca.whitekongsoftware.com\/ca\/wp-json\/wp\/v2\/types\/post"}],"author":[{"embeddable":true,"href":"https:\/\/tucomarca.whitekongsoftware.com\/ca\/wp-json\/wp\/v2\/users\/12"}],"replies":[{"embeddable":true,"href":"https:\/\/tucomarca.whitekongsoftware.com\/ca\/wp-json\/wp\/v2\/comments?post=305432"}],"version-history":[{"count":1,"href":"https:\/\/tucomarca.whitekongsoftware.com\/ca\/wp-json\/wp\/v2\/posts\/305432\/revisions"}],"predecessor-version":[{"id":305433,"href":"https:\/\/tucomarca.whitekongsoftware.com\/ca\/wp-json\/wp\/v2\/posts\/305432\/revisions\/305433"}],"wp:featuredmedia":[{"embeddable":true,"href":"https:\/\/tucomarca.whitekongsoftware.com\/ca\/wp-json\/wp\/v2\/media\/305429"}],"wp:attachment":[{"href":"https:\/\/tucomarca.whitekongsoftware.com\/ca\/wp-json\/wp\/v2\/media?parent=305432"}],"wp:term":[{"taxonomy":"category","embeddable":true,"href":"https:\/\/tucomarca.whitekongsoftware.com\/ca\/wp-json\/wp\/v2\/categories?post=305432"},{"taxonomy":"post_tag","embeddable":true,"href":"https:\/\/tucomarca.whitekongsoftware.com\/ca\/wp-json\/wp\/v2\/tags?post=305432"}],"curies":[{"name":"wp","href":"https:\/\/api.w.org\/{rel}","templated":true}]}}