{"id":305392,"date":"2026-06-17T09:30:00","date_gmt":"2026-06-17T07:30:00","guid":{"rendered":"https:\/\/www.tucomarca.com\/wordpress\/segunda\/?p=305392"},"modified":"2026-06-17T20:12:08","modified_gmt":"2026-06-17T18:12:08","slug":"la-generalitat-concedix-133-000-euros-en-ajudes-per-a-promocionar-lus-del-valencia-en-els-llibrets-de-falla","status":"publish","type":"post","link":"https:\/\/tucomarca.whitekongsoftware.com\/ca\/la-generalitat-concedix-133-000-euros-en-ajudes-per-a-promocionar-lus-del-valencia-en-els-llibrets-de-falla\/","title":{"rendered":"La Generalitat concedix 133.000 euros en ajudes per a promocionar l\u2019\u00fas del valenci\u00e0 en els llibrets de falla"},"content":{"rendered":"\n<h3 class=\"wp-block-heading\"><strong>La Vicepresid\u00e8ncia Segona i Conselleria de Presid\u00e8ncia publica en el DOGV la resoluci\u00f3 que beneficia 110 comissions falleres de la Comunitat Valenciana<\/strong>.<\/h3>\n\n\n\n<h3 class=\"wp-block-heading\">Les ajudes reconeixen la qualitat ling\u00fc\u00edstica i editorial dels llibres de Falles i contribu\u00efxen a refor\u00e7ar la pres\u00e8ncia del valenci\u00e0 en l\u2019\u00e0mbit festiu.<\/h3>\n\n\n\n<p class=\"wp-block-paragraph\">La Vicepresid\u00e8ncia Segona i Conselleria de Presid\u00e8ncia ha publicat en el Diari Oficial de la Generalitat Valenciana (<a href=\"https:\/\/dogv.gva.es\/es\/resultat-dogv?signatura=2026\/19945\" target=\"_blank\" rel=\"noreferrer noopener\">DOGV<\/a>) la resoluci\u00f3 per la qual es concedixen 133.000 euros en subvencions destinades a la promoci\u00f3 de l\u2019\u00fas del valenci\u00e0 en els llibres de Falles de l\u2019exercici 2026.<\/p>\n\n\n\n<p class=\"wp-block-paragraph\">Estes ajudes s\u2019emmarquen en la l\u00ednia de subvenci\u00f3 de promoci\u00f3 del valenci\u00e0 en l\u2019\u00e0mbit festiu i tenen com a finalitat impulsar la pres\u00e8ncia social de la llengua pr\u00f2pia en una de les expressions culturals m\u00e9s arrelades de la Comunitat Valenciana, a trav\u00e9s dels llibrets que editen les comissions falleres.<\/p>\n\n\n\n<p class=\"wp-block-paragraph\">El director general de Pol\u00edtica Ling\u00fc\u00edstica, Vicent Satorres, ha destacat que els llibrets de falla \u00abs\u00f3n una ferramenta essencial per a mantindre viva la creativitat, la mem\u00f2ria i la cr\u00edtica festiva en valenci\u00e0\u00bb i ha subratllat que estes subvencions \u00abreconeixen la tasca de les comissions que cuiden la llengua i contribu\u00efxen a fer-la present en la vida quotidiana dels pobles i barris\u00bb.<\/p>\n\n\n\n<p class=\"wp-block-paragraph\">La resoluci\u00f3 establix dos \u00e0mbits de concessi\u00f3: d\u2019una banda, les falles de la Comunitat Valenciana, excepte les de la ciutat de Val\u00e8ncia; i, de l\u2019altra, les comissions falleres de la ciutat de Val\u00e8ncia. En total, han obtingut subvenci\u00f3 110 comissions, de les quals 80 corresponen al primer \u00e0mbit i 30 a la ciutat de Val\u00e8ncia.<\/p>\n\n\n\n<p class=\"wp-block-paragraph\"><strong>Primers premis<\/strong><\/p>\n\n\n\n<p class=\"wp-block-paragraph\">En la modalitat de falles de la Comunitat Valenciana, excepte la ciutat de Val\u00e8ncia, el primer premi ha sigut per a l\u2019Associaci\u00f3 Cultural Falla Sagrada Fam\u00edlia-Corea, de Gandia, amb una puntuaci\u00f3 de 91,58 punts i una subvenci\u00f3 de 5.000 euros; el segon premi ha recaigut en l\u2019AC Falla Ro\u00eds de Corella, tamb\u00e9 de Gandia, amb 4.500 euros; i el tercer, en la Falla El Mercat d\u2019Alzira, amb 4.000 euros.<\/p>\n\n\n\n<p class=\"wp-block-paragraph\">En la modalitat de la ciutat de Val\u00e8ncia, el primer premi ha sigut per a l\u2019Associaci\u00f3 Cultural Falla Borrull Socors, amb 91,80 punts i una subvenci\u00f3 de 5.000 euros; el segon premi ha sigut per a la Cultural Fallera Duc de Gaeta-Pobla de Farnals de Val\u00e8ncia, amb 4.500 euros; i el tercer, per a la Falla Gran Via Fernando el Cat\u00f3lico-Erudito Orellana-Juan de Mena, amb 4.000 euros.<\/p>\n\n\n\n<p class=\"wp-block-paragraph\"><strong>Promoci\u00f3 del valenci\u00e0 en l\u2019\u00e0mbit festiu<\/strong><\/p>\n\n\n\n<p class=\"wp-block-paragraph\">Els llibres presentats han sigut estudiats i avaluats per una comissi\u00f3 avaluadora, que es va reunir el 21 de maig de 2026. La concessi\u00f3 s\u2019ha resolt d\u2019acord amb els criteris de valoraci\u00f3 previstos en les bases reguladores i en la convocat\u00f2ria d\u2019estes subvencions.<\/p>\n\n\n\n<p class=\"wp-block-paragraph\">Les entitats benefici\u00e0ries hauran de complir les obligacions establides en les bases reguladores, especialment pel que fa a la justificaci\u00f3 de les ajudes i al manteniment de les condicions que han perm\u00e9s obtindre la subvenci\u00f3.<\/p>\n\n\n\n<p class=\"wp-block-paragraph\">Amb esta resoluci\u00f3, la Generalitat refor\u00e7a el suport institucional a les Falles com a espai de creaci\u00f3 cultural, participaci\u00f3 ciutadana i transmissi\u00f3 del valenci\u00e0, i posa en valor el paper dels llibrets com a publicacions que combinen literatura, investigaci\u00f3, humor, patrimoni i vida associativa.<\/p>\n","protected":false},"excerpt":{"rendered":"<div class=\"mh-excerpt\">La Vicepresid\u00e8ncia Segona i Conselleria de Presid\u00e8ncia publica en el DOGV la resoluci\u00f3 que beneficia 110 comissions falleres de la Comunitat Valenciana. Les ajudes reconeixen la qualitat ling\u00fc\u00edstica i editorial dels llibres de Falles i <a class=\"mh-excerpt-more\" href=\"https:\/\/tucomarca.whitekongsoftware.com\/ca\/la-generalitat-concedix-133-000-euros-en-ajudes-per-a-promocionar-lus-del-valencia-en-els-llibrets-de-falla\/\" title=\"La Generalitat concedix 133.000 euros en ajudes per a promocionar l\u2019\u00fas del valenci\u00e0 en els llibrets de falla\">[+] <\/a><\/div>\n","protected":false},"author":13,"featured_media":296521,"comment_status":"closed","ping_status":"open","sticky":false,"template":"","format":"standard","meta":{"footnotes":""},"categories":[10898,10894,10904,11007,10896],"tags":[13821,11499,11498,15325,11199],"class_list":["post-305392","post","type-post","status-publish","format-standard","has-post-thumbnail","category-ventana-ca","category-la-comarca-ca","category-sin-categorizar-ca","category-ocio-y-cultura-ca","category-seccion-ca","tag-ayudas-ca","tag-fallas-ca","tag-generalitat-valenciana-ca","tag-gva-ca","tag-la-comunitat-ca"],"_links":{"self":[{"href":"https:\/\/tucomarca.whitekongsoftware.com\/ca\/wp-json\/wp\/v2\/posts\/305392","targetHints":{"allow":["GET"]}}],"collection":[{"href":"https:\/\/tucomarca.whitekongsoftware.com\/ca\/wp-json\/wp\/v2\/posts"}],"about":[{"href":"https:\/\/tucomarca.whitekongsoftware.com\/ca\/wp-json\/wp\/v2\/types\/post"}],"author":[{"embeddable":true,"href":"https:\/\/tucomarca.whitekongsoftware.com\/ca\/wp-json\/wp\/v2\/users\/13"}],"replies":[{"embeddable":true,"href":"https:\/\/tucomarca.whitekongsoftware.com\/ca\/wp-json\/wp\/v2\/comments?post=305392"}],"version-history":[{"count":2,"href":"https:\/\/tucomarca.whitekongsoftware.com\/ca\/wp-json\/wp\/v2\/posts\/305392\/revisions"}],"predecessor-version":[{"id":305394,"href":"https:\/\/tucomarca.whitekongsoftware.com\/ca\/wp-json\/wp\/v2\/posts\/305392\/revisions\/305394"}],"wp:featuredmedia":[{"embeddable":true,"href":"https:\/\/tucomarca.whitekongsoftware.com\/ca\/wp-json\/wp\/v2\/media\/296521"}],"wp:attachment":[{"href":"https:\/\/tucomarca.whitekongsoftware.com\/ca\/wp-json\/wp\/v2\/media?parent=305392"}],"wp:term":[{"taxonomy":"category","embeddable":true,"href":"https:\/\/tucomarca.whitekongsoftware.com\/ca\/wp-json\/wp\/v2\/categories?post=305392"},{"taxonomy":"post_tag","embeddable":true,"href":"https:\/\/tucomarca.whitekongsoftware.com\/ca\/wp-json\/wp\/v2\/tags?post=305392"}],"curies":[{"name":"wp","href":"https:\/\/api.w.org\/{rel}","templated":true}]}}