{"id":305374,"date":"2026-06-17T10:00:00","date_gmt":"2026-06-17T08:00:00","guid":{"rendered":"https:\/\/www.tucomarca.com\/wordpress\/segunda\/?p=305374"},"modified":"2026-06-17T20:19:45","modified_gmt":"2026-06-17T18:19:45","slug":"lajuntament-de-bunyol-recondiciona-la-pista-del-pavello-municipal-de-bunyol-pablo-cusi-sierra","status":"publish","type":"post","link":"https:\/\/tucomarca.whitekongsoftware.com\/ca\/lajuntament-de-bunyol-recondiciona-la-pista-del-pavello-municipal-de-bunyol-pablo-cusi-sierra\/","title":{"rendered":"L&#8217;Ajuntament de Bunyol recondiciona la pista del pavell\u00f3 municipal, Pablo Cus\u00ed Sierra\u00a0"},"content":{"rendered":"\n<p class=\"wp-block-paragraph\">El consistori continua amb els treballs de millora del pavell\u00f3 municipal, Pablo Cus\u00ed Sierra, on ja s&#8217;ha completat la restauraci\u00f3 integral de la pista esportiva i la renovaci\u00f3 de la il\u00b7luminaci\u00f3 Led d&#8217;aquesta.<\/p>\n\n\n\n<p class=\"wp-block-paragraph\">Aquesta intervenci\u00f3 s&#8217;ha centrat en la recuperaci\u00f3 i renovaci\u00f3 de la superf\u00edcie de joc, incloent-hi el recondicionament del paviment i el nou pintat de la pista, adaptant-la a un millor estat de conservaci\u00f3 i funcionalitat per als usuaris.<\/p>\n\n\n\n<p class=\"wp-block-paragraph\">Amb aquesta actuaci\u00f3, el recinte presenta ja una imatge completament renovada en la seua superf\u00edcie esportiva, millorant tant l&#8217;aspecte visual com les condicions per a la pr\u00e0ctica de diferents disciplines.<\/p>\n\n\n\n<p class=\"wp-block-paragraph\">Actualment, els treballs es troben en la seua fase final, quedant arracada la neteja general de l&#8217;espai per a donar per conclosa l&#8217;actuaci\u00f3 i deixar la instal\u00b7laci\u00f3 completament preparada per al seu \u00fas habitual.<\/p>\n\n\n\n<p class=\"wp-block-paragraph\">Des de la regidoria d&#8217;Esports es destaca la import\u00e0ncia de continuar mantenint i millorant les instal\u00b7lacions esportives municipals, amb l&#8217;objectiu d&#8217;oferir espais adequats i assegurances per a clubs, esportistes i ve\u00efns del municipi.<\/p>\n\n\n\n<p class=\"wp-block-paragraph\">En els pr\u00f2xims dies, una vegada finalitzades les labors de neteja, el pavell\u00f3 quedar\u00e0 plenament condicionat per a reprendre amb normalitat la seua activitat esportiva.<\/p>\n","protected":false},"excerpt":{"rendered":"<div class=\"mh-excerpt\">El consistori continua amb els treballs de millora del pavell\u00f3 municipal, Pablo Cus\u00ed Sierra, on ja s&#8217;ha completat la restauraci\u00f3 integral de la pista esportiva i la renovaci\u00f3 de la il\u00b7luminaci\u00f3 Led d&#8217;aquesta. Aquesta intervenci\u00f3 <a class=\"mh-excerpt-more\" href=\"https:\/\/tucomarca.whitekongsoftware.com\/ca\/lajuntament-de-bunyol-recondiciona-la-pista-del-pavello-municipal-de-bunyol-pablo-cusi-sierra\/\" title=\"L&#8217;Ajuntament de Bunyol recondiciona la pista del pavell\u00f3 municipal, Pablo Cus\u00ed Sierra\u00a0\">[+] <\/a><\/div>\n","protected":false},"author":12,"featured_media":305373,"comment_status":"closed","ping_status":"open","sticky":false,"template":"","format":"standard","meta":{"footnotes":""},"categories":[10911,11003,10948,10894,10912,11009,10947,10896],"tags":[10913,10914,13661],"class_list":["post-305374","post","type-post","status-publish","format-standard","has-post-thumbnail","category-bunol-ca","category-sports","category-infraestructuras-ca","category-la-comarca-ca","category-la-hoya-ca","category-polideportivo-ca","category-politica","category-seccion-ca","tag-bunol-ca","tag-la-hoya-de-bunol-chiva-ca","tag-pabellon-municipal-pablo-cusi-ca"],"_links":{"self":[{"href":"https:\/\/tucomarca.whitekongsoftware.com\/ca\/wp-json\/wp\/v2\/posts\/305374","targetHints":{"allow":["GET"]}}],"collection":[{"href":"https:\/\/tucomarca.whitekongsoftware.com\/ca\/wp-json\/wp\/v2\/posts"}],"about":[{"href":"https:\/\/tucomarca.whitekongsoftware.com\/ca\/wp-json\/wp\/v2\/types\/post"}],"author":[{"embeddable":true,"href":"https:\/\/tucomarca.whitekongsoftware.com\/ca\/wp-json\/wp\/v2\/users\/12"}],"replies":[{"embeddable":true,"href":"https:\/\/tucomarca.whitekongsoftware.com\/ca\/wp-json\/wp\/v2\/comments?post=305374"}],"version-history":[{"count":4,"href":"https:\/\/tucomarca.whitekongsoftware.com\/ca\/wp-json\/wp\/v2\/posts\/305374\/revisions"}],"predecessor-version":[{"id":305499,"href":"https:\/\/tucomarca.whitekongsoftware.com\/ca\/wp-json\/wp\/v2\/posts\/305374\/revisions\/305499"}],"wp:featuredmedia":[{"embeddable":true,"href":"https:\/\/tucomarca.whitekongsoftware.com\/ca\/wp-json\/wp\/v2\/media\/305373"}],"wp:attachment":[{"href":"https:\/\/tucomarca.whitekongsoftware.com\/ca\/wp-json\/wp\/v2\/media?parent=305374"}],"wp:term":[{"taxonomy":"category","embeddable":true,"href":"https:\/\/tucomarca.whitekongsoftware.com\/ca\/wp-json\/wp\/v2\/categories?post=305374"},{"taxonomy":"post_tag","embeddable":true,"href":"https:\/\/tucomarca.whitekongsoftware.com\/ca\/wp-json\/wp\/v2\/tags?post=305374"}],"curies":[{"name":"wp","href":"https:\/\/api.w.org\/{rel}","templated":true}]}}