{"id":305365,"date":"2026-06-16T11:45:00","date_gmt":"2026-06-16T09:45:00","guid":{"rendered":"https:\/\/www.tucomarca.com\/wordpress\/segunda\/?p=305365"},"modified":"2026-06-16T22:27:17","modified_gmt":"2026-06-16T20:27:17","slug":"el-bo-recuperem-turisme-2026-registra-les-primeres-631-reserves-per-import-de-218-000-euros","status":"publish","type":"post","link":"https:\/\/tucomarca.whitekongsoftware.com\/ca\/el-bo-recuperem-turisme-2026-registra-les-primeres-631-reserves-per-import-de-218-000-euros\/","title":{"rendered":"El Bo Recuperem Turisme 2026 registra les primeres 631 reserves per import de 218.000 euros"},"content":{"rendered":"\n<h3 class=\"wp-block-heading\">Mari\u00e1n Cano recorda que el programa cobreix el 100% del cost d&#8217;estades tur\u00edstiques, fins a un m\u00e0xim de 350 euros, i permet viatjar per tota la Comunitat Valenciana fins al 22 de desembre de 2026.<\/h3>\n\n\n\n<h3 class=\"wp-block-heading\">Aquestes ajudes es concedeixen autom\u00e0ticament a les persones afectades per la DANA que van sol\u00b7licitar el bo en 2025 i van quedar en llista d&#8217;espera, sense necessitat de realitzar un nou tr\u00e0mit.<\/h3>\n\n\n\n<p class=\"wp-block-paragraph\">La Generalitat, a trav\u00e9s de Turisme Comunitat Valenciana, ha iniciat la concessi\u00f3 dels primers bons del programa Bono Recuperem Turisme 2026, dels quals ja s&#8217;han formalitzat 631 reserves per a viatjar a destins de la Comunitat Valenciana, per un import global de 218.000 euros, corresponents a la primera remesa enviada dins d&#8217;aquesta convocat\u00f2ria.<\/p>\n\n\n\n<p class=\"wp-block-paragraph\">Es tracta dels primers expedients d&#8217;aquesta convocat\u00f2ria dirigida a persones afectades per la DANA que van sol\u00b7licitar l&#8217;ajuda en 2025 i van quedar en llista d&#8217;espera. Aquesta primera remesa de bons permet avan\u00e7ar en l&#8217;execuci\u00f3 d&#8217;una convocat\u00f2ria dotada amb 9,1 milions d&#8217;euros i concebuda per a donar continu\u00eftat al programa impulsat per la Generalitat en suport de les persones damnificades.<\/p>\n\n\n\n<p class=\"wp-block-paragraph\">La concessi\u00f3 s&#8217;est\u00e0 realitzant de manera progressiva, seguint l&#8217;ordre de la llista d&#8217;espera generada en 2025 i d&#8217;acord amb la data de formalitzaci\u00f3 de cada sol\u00b7licitud.<\/p>\n\n\n\n<p class=\"wp-block-paragraph\">La consellera d&#8217;Ind\u00fastria, Turisme, Innovaci\u00f3 i Comer\u00e7, Mari\u00e1n Cano, ha assenyalat que \u201cla posada en marxa d&#8217;aquests primers bons permet comen\u00e7ar a donar una resposta efectiva a fam\u00edlies que havien quedat a l&#8217;espera en l&#8217;anterior convocat\u00f2ria\u201d. Cano ha subratllat a m\u00e9s que \u201ccomplim el comprom\u00eds del Consell d&#8217;agilitzar al m\u00e0xim aquesta ajuda i, de convertir-la tamb\u00e9, en un instrument \u00fatil per a sostindre l&#8217;activitat tur\u00edstica i l&#8217;ocupaci\u00f3 en la Comunitat Valenciana\u201d.<\/p>\n\n\n\n<p class=\"wp-block-paragraph\">En aquest sentit, la consellera ha assenyalat que \u201cTurisme Comunitat Valenciana comprova d&#8217;ofici el compliment dels requisits establits en la convocat\u00f2ria de 2025, sense que les persones benefici\u00e0ries hagen d&#8217;aportar nova documentaci\u00f3\u201d.<\/p>\n\n\n\n<p class=\"wp-block-paragraph\">A m\u00e9s, ha recordat que \u201cel bo cobreix el 100% del cost de la reserva, fins a un m\u00e0xim de 350 euros, sempre que incloga una estada m\u00ednima de dues nits consecutives en allotjaments tur\u00edstics adherits al programa\u201d. Les ajudes poden utilitzar-se per a viatjar per tota la Comunitat Valenciana fins al 22 de desembre de 2026, inclosos els mesos d&#8217;estiu.<\/p>\n\n\n\n<p class=\"wp-block-paragraph\"><strong>Sobre el Bo Recuperem Turisme 2026<\/strong><\/p>\n\n\n\n<p class=\"wp-block-paragraph\">Les persones benefici\u00e0ries rebran per correu electr\u00f2nic un recordatori del seu n\u00famero de cita i, posteriorment, un altre av\u00eds quan els corresponga rebre el codi, que hauran de canviar en una ag\u00e8ncia de viatges o establiment tur\u00edstic adherit en un termini m\u00e0xim de 10 dies h\u00e0bils des de la seua recepci\u00f3 per a formalitzar la reserva. En cas contrari, el bo caducar\u00e0 i no podr\u00e0 tornar a adjudicar-se en aquesta convocat\u00f2ria.<\/p>\n\n\n\n<p class=\"wp-block-paragraph\">A m\u00e9s de l&#8217;allotjament, el programa contempla la possibilitat d&#8217;incloure determinats serveis complementaris associats a l&#8217;estada, com a manutenci\u00f3 fins a mitja pensi\u00f3, tractaments de salut i benestar, activitats esportives, excursions, animaci\u00f3 o aparcament, d&#8217;acord amb les condicions establides en el programa.<\/p>\n\n\n\n<p class=\"wp-block-paragraph\">Les empreses tur\u00edstiques adherides al programa en 2025 s&#8217;han incorporat autom\u00e0ticament a l&#8217;edici\u00f3 de 2026, mentre que nous establiments i ag\u00e8ncies de viatges podran sumar-se al programa fins al 30 de novembre de 2026.<\/p>\n\n\n\n<p class=\"wp-block-paragraph\">Tota la informaci\u00f3 sobre el funcionament del nou Bono Viaje 2026 per a afectats per la DANA est\u00e0 disponible en la web de Turisme CV Magazine.<\/p>\n","protected":false},"excerpt":{"rendered":"<div class=\"mh-excerpt\">Mari\u00e1n Cano recorda que el programa cobreix el 100% del cost d&#8217;estades tur\u00edstiques, fins a un m\u00e0xim de 350 euros, i permet viatjar per tota la Comunitat Valenciana fins al 22 de desembre de 2026. <a class=\"mh-excerpt-more\" href=\"https:\/\/tucomarca.whitekongsoftware.com\/ca\/el-bo-recuperem-turisme-2026-registra-les-primeres-631-reserves-per-import-de-218-000-euros\/\" title=\"El Bo Recuperem Turisme 2026 registra les primeres 631 reserves per import de 218.000 euros\">[+] <\/a><\/div>\n","protected":false},"author":12,"featured_media":305363,"comment_status":"closed","ping_status":"open","sticky":false,"template":"","format":"standard","meta":{"footnotes":""},"categories":[21466,10898,10948,10894,10904,11007,10947,10909,10896,10897],"tags":[24491,11498],"class_list":["post-305365","post","type-post","status-publish","format-standard","has-post-thumbnail","category-dana-ca","category-ventana-ca","category-infraestructuras-ca","category-la-comarca-ca","category-sin-categorizar-ca","category-ocio-y-cultura-ca","category-politica","category-requena-utiel-ca","category-seccion-ca","category-sucesos-la-comarca-ca","tag-bono-recuperem-turisme-2026","tag-generalitat-valenciana-ca"],"_links":{"self":[{"href":"https:\/\/tucomarca.whitekongsoftware.com\/ca\/wp-json\/wp\/v2\/posts\/305365","targetHints":{"allow":["GET"]}}],"collection":[{"href":"https:\/\/tucomarca.whitekongsoftware.com\/ca\/wp-json\/wp\/v2\/posts"}],"about":[{"href":"https:\/\/tucomarca.whitekongsoftware.com\/ca\/wp-json\/wp\/v2\/types\/post"}],"author":[{"embeddable":true,"href":"https:\/\/tucomarca.whitekongsoftware.com\/ca\/wp-json\/wp\/v2\/users\/12"}],"replies":[{"embeddable":true,"href":"https:\/\/tucomarca.whitekongsoftware.com\/ca\/wp-json\/wp\/v2\/comments?post=305365"}],"version-history":[{"count":3,"href":"https:\/\/tucomarca.whitekongsoftware.com\/ca\/wp-json\/wp\/v2\/posts\/305365\/revisions"}],"predecessor-version":[{"id":305370,"href":"https:\/\/tucomarca.whitekongsoftware.com\/ca\/wp-json\/wp\/v2\/posts\/305365\/revisions\/305370"}],"wp:featuredmedia":[{"embeddable":true,"href":"https:\/\/tucomarca.whitekongsoftware.com\/ca\/wp-json\/wp\/v2\/media\/305363"}],"wp:attachment":[{"href":"https:\/\/tucomarca.whitekongsoftware.com\/ca\/wp-json\/wp\/v2\/media?parent=305365"}],"wp:term":[{"taxonomy":"category","embeddable":true,"href":"https:\/\/tucomarca.whitekongsoftware.com\/ca\/wp-json\/wp\/v2\/categories?post=305365"},{"taxonomy":"post_tag","embeddable":true,"href":"https:\/\/tucomarca.whitekongsoftware.com\/ca\/wp-json\/wp\/v2\/tags?post=305365"}],"curies":[{"name":"wp","href":"https:\/\/api.w.org\/{rel}","templated":true}]}}