{"id":305351,"date":"2026-06-16T11:05:00","date_gmt":"2026-06-16T09:05:00","guid":{"rendered":"https:\/\/www.tucomarca.com\/wordpress\/segunda\/?p=305351"},"modified":"2026-06-16T22:13:24","modified_gmt":"2026-06-16T20:13:24","slug":"fotogaleria-xest-celebra-la-fi-de-curs-de-les-seues-escoles-esportives-municipals","status":"publish","type":"post","link":"https:\/\/tucomarca.whitekongsoftware.com\/ca\/fotogaleria-xest-celebra-la-fi-de-curs-de-les-seues-escoles-esportives-municipals\/","title":{"rendered":"Fotogaler\u00eda: Xest celebra la fi de curs de les seues Escoles Esportives Municipals"},"content":{"rendered":"\n<h3 class=\"wp-block-heading\">L&#8217;acte, celebrat en el Poliesportiu Mat\u00edas Morell i condu\u00eft per M\u00f3nica Verduch, va reunir a prop de 600 esportistes despr\u00e9s d&#8217;un any marcat per la superaci\u00f3 de les conseq\u00fc\u00e8ncies de la DANA i l&#8217;anunci d&#8217;una inversi\u00f3 de 1,5 milions d&#8217;euros per a la nova piscina.<\/h3>\n\n\n\n<p class=\"wp-block-paragraph\">El pavell\u00f3 del Poliesportiu Municipal Mat\u00edas Morell de Xest es va vestir de gala aquest passat diumenge 14 de juny per a albergar l&#8217;acte de clausura i fi de curs de les Escoles Esportives Municipals. L&#8217;esdeveniment va servir no sols per a retre homenatge als prop de 600 xiquets i xiquetes que participen en les activitats, sin\u00f3 tamb\u00e9 per a fer balan\u00e7 d&#8217;una temporada d&#8217;enorme superaci\u00f3 despr\u00e9s del pas de la devastadora DANA i anunciar els projectes d&#8217;infraestructura esportiva que estan per vindre.<\/p>\n\n\n\n<p class=\"wp-block-paragraph\">La jornada va transc\u00f3rrer en un ambient festiu i familiar, reunint esportistes, monitors, pares i ve\u00efns de la localitat. Durant la seua intervenci\u00f3 oficial, l&#8217;alcalde de Xest, Jose Morell, va destacar la transcend\u00e8ncia d&#8217;aquestes escoles de formaci\u00f3 per al teixit social del municipi, assenyalant que ha sigut &#8220;un curs ple d&#8217;entrenaments, aprenentatge, amistats, esfor\u00e7 i moments compartits que fan que les escoles esportives siguen molt m\u00e9s que una activitat extraescolar&#8221;. El primer edil va voler recon\u00e9ixer de manera molt expressa la dedicaci\u00f3 de M\u00f3nica Verduch, \u00e0nima del projecte, aix\u00ed com del regidor d&#8217;Esports, Adri\u00e1n Tar\u00edn, i de tot l&#8217;equip de monitors i operaris municipals.<\/p>\n\n\n\n<p class=\"wp-block-paragraph\"><strong>Important inversi\u00f3 en les instal\u00b7lacions esportives de Xest<\/strong><\/p>\n\n\n\n<p class=\"wp-block-paragraph\">L&#8217;alcalde va subratllar la capacitat de recuperaci\u00f3 del municipi davant l&#8217;adversitat extrema viscuda mesos arrere, recordant que &#8220;despr\u00e9s de la DANA aconseguim mantindre obertes les escoles esportives quan semblava molt dif\u00edcil fer-ho, gr\u00e0cies tamb\u00e9 al suport solidari del m\u00f3n del motociclisme&#8221;. Aix\u00ed mateix, va aprofitar l&#8217;esdeveniment per a detallar les importants inversions econ\u00f2miques destinades a la modernitzaci\u00f3 dels espais esportius. Entre elles, va destacar l&#8217;execuci\u00f3 d&#8217;una primera fase de renovaci\u00f3 integral del poliesportiu, dotada amb prop de 500.000 euros procedents del Govern d&#8217;Espanya per a pal\u00b7liar els danys de la cat\u00e0strofe.<\/p>\n\n\n\n<p class=\"wp-block-paragraph\">Aquesta injecci\u00f3 econ\u00f2mica ha fet possible reparar de manera definitiva la coberta del pavell\u00f3, solucionar problemes de goteres generalitzades, reformar els vestuaris i condicionar el front\u00f3 municipal. De cara al futur immediat, Morell va avan\u00e7ar que despr\u00e9s del per\u00edode estival s&#8217;iniciaran les obres de reconstrucci\u00f3 de la piscina municipal, un projecte clau ja adjudicat per un valor de 1,5 milions d&#8217;euros.<\/p>\n\n\n\n<p class=\"wp-block-paragraph\">Per a finalitzar, Morell va recordar el verdader motor de la instituci\u00f3: &#8220;perqu\u00e8 les escoles esportives no existeixen pels edificis ni per les pistes. Existeixen per vosaltres. Per cada xiquet i cada xiqueta que apr\u00e9n a treballar en equip, que descobreix una passi\u00f3, que guanya confian\u00e7a en si mateix o que troba nous amics&#8221;.<\/p>\n\n\n\n<p class=\"wp-block-paragraph\"><strong>Un gran desplegament d&#8217;exhibicions en la pista<\/strong><\/p>\n\n\n\n<p class=\"wp-block-paragraph\">El punt \u00e0lgid de la vesprada va arribar amb les esperades exhibicions, on els alumnes i alumnes van demostrar tot l&#8217;apr\u00e9s durant la temporada davant un pavell\u00f3 entregat. El programa art\u00edstic i esportiu va estar compost per quinze actuacions coordinades per les monitores Andrea, Carla, Mar\u00eda Cuevas, Carmen, Laura, Diego, Paula i Miranda.<\/p>\n\n\n\n<p class=\"wp-block-paragraph\">El p\u00fablic va poder gaudir en primer lloc de les disciplines de Gimn\u00e0stica R\u00edtmica, amb el Grup d&#8217;Iniciaci\u00f3, el Trio prebenjam\u00ed, el Quartet Benjam\u00edn, el Conjunt Alev\u00ed i el Grup Avan\u00e7at. Posteriorment, va ser el torn de les din\u00e0miques modalitats de Salt de Corda, que van comptar amb els grups Avan\u00e7at 1, Xiquets Pavell\u00f3 (coordinats per Laura, Paula i Diego), els conjunts de Xiva (La Murta i Mart\u00ednez Culla), el grup Mitjanes &#8220;Les Estupendes&#8221; i el grup Ana Lluch, tancant aquest bloc l&#8217;espectacular coreografia &#8220;Fantasma de l&#8217;\u00d2pera&#8221;. El fermall d&#8217;or de l&#8217;esdeveniment el van posar les exhibicions de Ball Modern dirigides per Andrea i Carla, contagiant de ritme i energia a tots els assistents.<\/p>\n\n\n\n<p class=\"wp-block-paragraph\"><strong>Balan\u00e7 positiu d&#8217;una temporada de superaci\u00f3<\/strong><\/p>\n\n\n\n<p class=\"wp-block-paragraph\">El regidor d&#8217;Esports, Adri\u00e1n Tar\u00edn, ha fet balan\u00e7 de l&#8217;acompliment de les Escoles Municipals al llarg d&#8217;enguany tan complex, lloant el comprom\u00eds indestructible de les fam\u00edlies i el cos t\u00e8cnic: &#8220;enguany ha sigut el major repte al qual ens hem enfrontat, per\u00f2 el balan\u00e7 no pot ser m\u00e9s positiu: no sols hem protegit l&#8217;activitat dels nostres quasi 600 alumnes en els moments m\u00e9s cr\u00edtics, sin\u00f3 que tanquem el curs demostrant que els valors de companyonia, resili\u00e8ncia i esfor\u00e7 que ensenyem en les pistes s&#8217;han aplicat de manera exemplar anara d&#8217;elles per tota la comunitat esportiva de Xest&#8221;, va declarar Tar\u00edn.<\/p>\n\n\n\n<figure class=\"wp-block-gallery has-nested-images columns-default is-cropped wp-block-gallery-1 is-layout-flex wp-block-gallery-is-layout-flex\">\n<figure class=\"wp-block-image size-large\"><img loading=\"lazy\" decoding=\"async\" width=\"1024\" height=\"683\" data-id=\"305344\" src=\"https:\/\/www.tucomarca.com\/wordpress\/segunda\/wp-content\/uploads\/2026\/06\/IMG_2005_1-1024x683.jpeg\" alt=\"\" class=\"wp-image-305344\" srcset=\"https:\/\/tucomarca.whitekongsoftware.com\/wp-content\/uploads\/2026\/06\/IMG_2005_1-1024x683.jpeg 1024w, https:\/\/tucomarca.whitekongsoftware.com\/wp-content\/uploads\/2026\/06\/IMG_2005_1-300x200.jpeg 300w, https:\/\/tucomarca.whitekongsoftware.com\/wp-content\/uploads\/2026\/06\/IMG_2005_1-768x512.jpeg 768w, https:\/\/tucomarca.whitekongsoftware.com\/wp-content\/uploads\/2026\/06\/IMG_2005_1.jpeg 1280w\" sizes=\"auto, (max-width: 1024px) 100vw, 1024px\" \/><\/figure>\n\n\n\n<figure class=\"wp-block-image size-large\"><img loading=\"lazy\" decoding=\"async\" width=\"1024\" height=\"682\" data-id=\"305339\" src=\"https:\/\/www.tucomarca.com\/wordpress\/segunda\/wp-content\/uploads\/2026\/06\/IMG_2077_1-1024x682.jpeg\" alt=\"\" class=\"wp-image-305339\" srcset=\"https:\/\/tucomarca.whitekongsoftware.com\/wp-content\/uploads\/2026\/06\/IMG_2077_1-1024x682.jpeg 1024w, https:\/\/tucomarca.whitekongsoftware.com\/wp-content\/uploads\/2026\/06\/IMG_2077_1-300x200.jpeg 300w, https:\/\/tucomarca.whitekongsoftware.com\/wp-content\/uploads\/2026\/06\/IMG_2077_1-768x512.jpeg 768w, https:\/\/tucomarca.whitekongsoftware.com\/wp-content\/uploads\/2026\/06\/IMG_2077_1.jpeg 1280w\" sizes=\"auto, (max-width: 1024px) 100vw, 1024px\" \/><\/figure>\n\n\n\n<figure class=\"wp-block-image size-large\"><img loading=\"lazy\" decoding=\"async\" width=\"1024\" height=\"682\" data-id=\"305337\" src=\"https:\/\/www.tucomarca.com\/wordpress\/segunda\/wp-content\/uploads\/2026\/06\/IMG_2080_1-1024x682.jpeg\" alt=\"\" class=\"wp-image-305337\" srcset=\"https:\/\/tucomarca.whitekongsoftware.com\/wp-content\/uploads\/2026\/06\/IMG_2080_1-1024x682.jpeg 1024w, https:\/\/tucomarca.whitekongsoftware.com\/wp-content\/uploads\/2026\/06\/IMG_2080_1-300x200.jpeg 300w, https:\/\/tucomarca.whitekongsoftware.com\/wp-content\/uploads\/2026\/06\/IMG_2080_1-768x512.jpeg 768w, https:\/\/tucomarca.whitekongsoftware.com\/wp-content\/uploads\/2026\/06\/IMG_2080_1.jpeg 1280w\" sizes=\"auto, (max-width: 1024px) 100vw, 1024px\" \/><\/figure>\n\n\n\n<figure class=\"wp-block-image size-large\"><img loading=\"lazy\" decoding=\"async\" width=\"1024\" height=\"683\" data-id=\"305335\" src=\"https:\/\/www.tucomarca.com\/wordpress\/segunda\/wp-content\/uploads\/2026\/06\/IMG_2042_1-1024x683.jpeg\" alt=\"\" class=\"wp-image-305335\" srcset=\"https:\/\/tucomarca.whitekongsoftware.com\/wp-content\/uploads\/2026\/06\/IMG_2042_1-1024x683.jpeg 1024w, https:\/\/tucomarca.whitekongsoftware.com\/wp-content\/uploads\/2026\/06\/IMG_2042_1-300x200.jpeg 300w, https:\/\/tucomarca.whitekongsoftware.com\/wp-content\/uploads\/2026\/06\/IMG_2042_1-768x512.jpeg 768w, https:\/\/tucomarca.whitekongsoftware.com\/wp-content\/uploads\/2026\/06\/IMG_2042_1.jpeg 1280w\" sizes=\"auto, (max-width: 1024px) 100vw, 1024px\" \/><\/figure>\n\n\n\n<figure class=\"wp-block-image size-large\"><img loading=\"lazy\" decoding=\"async\" width=\"1024\" height=\"683\" data-id=\"305333\" src=\"https:\/\/www.tucomarca.com\/wordpress\/segunda\/wp-content\/uploads\/2026\/06\/IMG_2068_1-1024x683.jpeg\" alt=\"\" class=\"wp-image-305333\" srcset=\"https:\/\/tucomarca.whitekongsoftware.com\/wp-content\/uploads\/2026\/06\/IMG_2068_1-1024x683.jpeg 1024w, https:\/\/tucomarca.whitekongsoftware.com\/wp-content\/uploads\/2026\/06\/IMG_2068_1-300x200.jpeg 300w, https:\/\/tucomarca.whitekongsoftware.com\/wp-content\/uploads\/2026\/06\/IMG_2068_1-768x512.jpeg 768w, https:\/\/tucomarca.whitekongsoftware.com\/wp-content\/uploads\/2026\/06\/IMG_2068_1.jpeg 1280w\" sizes=\"auto, (max-width: 1024px) 100vw, 1024px\" \/><\/figure>\n\n\n\n<figure class=\"wp-block-image size-large\"><img loading=\"lazy\" decoding=\"async\" width=\"1024\" height=\"768\" data-id=\"305331\" src=\"https:\/\/www.tucomarca.com\/wordpress\/segunda\/wp-content\/uploads\/2026\/06\/IMG_2114_1-1024x768.jpeg\" alt=\"\" class=\"wp-image-305331\" srcset=\"https:\/\/tucomarca.whitekongsoftware.com\/wp-content\/uploads\/2026\/06\/IMG_2114_1-1024x768.jpeg 1024w, https:\/\/tucomarca.whitekongsoftware.com\/wp-content\/uploads\/2026\/06\/IMG_2114_1-300x225.jpeg 300w, https:\/\/tucomarca.whitekongsoftware.com\/wp-content\/uploads\/2026\/06\/IMG_2114_1-768x576.jpeg 768w, https:\/\/tucomarca.whitekongsoftware.com\/wp-content\/uploads\/2026\/06\/IMG_2114_1-678x509.jpeg 678w, https:\/\/tucomarca.whitekongsoftware.com\/wp-content\/uploads\/2026\/06\/IMG_2114_1-326x245.jpeg 326w, https:\/\/tucomarca.whitekongsoftware.com\/wp-content\/uploads\/2026\/06\/IMG_2114_1-80x60.jpeg 80w, https:\/\/tucomarca.whitekongsoftware.com\/wp-content\/uploads\/2026\/06\/IMG_2114_1.jpeg 1280w\" sizes=\"auto, (max-width: 1024px) 100vw, 1024px\" \/><\/figure>\n<\/figure>\n","protected":false},"excerpt":{"rendered":"<div class=\"mh-excerpt\">L&#8217;acte, celebrat en el Poliesportiu Mat\u00edas Morell i condu\u00eft per M\u00f3nica Verduch, va reunir a prop de 600 esportistes despr\u00e9s d&#8217;un any marcat per la superaci\u00f3 de les conseq\u00fc\u00e8ncies de la DANA i l&#8217;anunci d&#8217;una <a class=\"mh-excerpt-more\" href=\"https:\/\/tucomarca.whitekongsoftware.com\/ca\/fotogaleria-xest-celebra-la-fi-de-curs-de-les-seues-escoles-esportives-municipals\/\" title=\"Fotogaler\u00eda: Xest celebra la fi de curs de les seues Escoles Esportives Municipals\">[+] <\/a><\/div>\n","protected":false},"author":13,"featured_media":305343,"comment_status":"closed","ping_status":"open","sticky":false,"template":"","format":"standard","meta":{"footnotes":""},"categories":[11003,10894,10912,11009,10896,10974],"tags":[11071,11074,10914],"class_list":["post-305351","post","type-post","status-publish","format-standard","has-post-thumbnail","category-sports","category-la-comarca-ca","category-la-hoya-ca","category-polideportivo-ca","category-seccion-ca","category-cheste-ca","tag-cheste","tag-deportes-ca","tag-la-hoya-de-bunol-chiva-ca"],"_links":{"self":[{"href":"https:\/\/tucomarca.whitekongsoftware.com\/ca\/wp-json\/wp\/v2\/posts\/305351","targetHints":{"allow":["GET"]}}],"collection":[{"href":"https:\/\/tucomarca.whitekongsoftware.com\/ca\/wp-json\/wp\/v2\/posts"}],"about":[{"href":"https:\/\/tucomarca.whitekongsoftware.com\/ca\/wp-json\/wp\/v2\/types\/post"}],"author":[{"embeddable":true,"href":"https:\/\/tucomarca.whitekongsoftware.com\/ca\/wp-json\/wp\/v2\/users\/13"}],"replies":[{"embeddable":true,"href":"https:\/\/tucomarca.whitekongsoftware.com\/ca\/wp-json\/wp\/v2\/comments?post=305351"}],"version-history":[{"count":2,"href":"https:\/\/tucomarca.whitekongsoftware.com\/ca\/wp-json\/wp\/v2\/posts\/305351\/revisions"}],"predecessor-version":[{"id":305358,"href":"https:\/\/tucomarca.whitekongsoftware.com\/ca\/wp-json\/wp\/v2\/posts\/305351\/revisions\/305358"}],"wp:featuredmedia":[{"embeddable":true,"href":"https:\/\/tucomarca.whitekongsoftware.com\/ca\/wp-json\/wp\/v2\/media\/305343"}],"wp:attachment":[{"href":"https:\/\/tucomarca.whitekongsoftware.com\/ca\/wp-json\/wp\/v2\/media?parent=305351"}],"wp:term":[{"taxonomy":"category","embeddable":true,"href":"https:\/\/tucomarca.whitekongsoftware.com\/ca\/wp-json\/wp\/v2\/categories?post=305351"},{"taxonomy":"post_tag","embeddable":true,"href":"https:\/\/tucomarca.whitekongsoftware.com\/ca\/wp-json\/wp\/v2\/tags?post=305351"}],"curies":[{"name":"wp","href":"https:\/\/api.w.org\/{rel}","templated":true}]}}