{"id":305179,"date":"2026-06-15T11:00:00","date_gmt":"2026-06-15T09:00:00","guid":{"rendered":"https:\/\/www.tucomarca.com\/wordpress\/segunda\/?p=305179"},"modified":"2026-06-15T13:42:58","modified_gmt":"2026-06-15T11:42:58","slug":"la-unio-llauradora-reclama-un-pla-immediat-darrancada-de-vinya-davant-la-deterioracio-del-mercat","status":"publish","type":"post","link":"https:\/\/tucomarca.whitekongsoftware.com\/ca\/la-unio-llauradora-reclama-un-pla-immediat-darrancada-de-vinya-davant-la-deterioracio-del-mercat\/","title":{"rendered":"La Uni\u00f3 Llauradora reclama un pla immediat d&#8217;arrancada de vinya davant la deterioraci\u00f3 del mercat"},"content":{"rendered":"\n<h3 class=\"wp-block-heading\">El sector no pot esperar que les diferents administracions despleguen tots els aparells derivats de la legislaci\u00f3 del Paquet va vindre referit al suport financer que garantisca la continu\u00eftat de moltes de les explotacions vit\u00edcoles en crisis.<\/h3>\n\n\n\n<p class=\"wp-block-paragraph\">La Uni\u00f3 Llauradora reclama la urg\u00e8ncia d&#8217;un pla d&#8217;arrancada definitiva amb criteris socials que consensue tant les condicions d&#8217;admissibilitat com els criteris de prioritat per a l&#8217;ajust de la superf\u00edcie de vinya.<\/p>\n\n\n\n<p class=\"wp-block-paragraph\">L&#8217;organitzaci\u00f3 considera que aquest pla \u00e9s una de les mesures necess\u00e0ries per a ajudar a pal\u00b7liar l&#8217;impacte de la crisi que est\u00e0 travessant el sector des de fa alguns anys i que incideix de manera especial en el sector productor. Els resultats de les \u00faltimes campanyes per als productors valencians posen de manifest que es tracta d&#8217;una mesura totalment necess\u00e0ria, at\u00e9s que els preus en origen de les varietats amb major superf\u00edcie cultivada han sigut baixos i el mercat es tensiona en ressentir-se el consum.<\/p>\n\n\n\n<p class=\"wp-block-paragraph\">La Uni\u00f3 assenyala que si l&#8217;entrada en vigor de la reglamentaci\u00f3 comunit\u00e0ria necess\u00e0ria es retarda al mes de juliol de 2026, si les CCAA no han dut a terme una labor de prospecci\u00f3 de les superf\u00edcies que es podrien veure afectades per aquesta arrancada i si la collita pr\u00f2xima eleva el volum de disponibilitats de vi i most a nivells elevats, l&#8217;efecte en els preus del ra\u00efm i del vi en origen i l&#8217;arrancada sense cap ajuda continuar\u00e0 registrant descens generalitzats que posen de deb\u00f2 risc la continu\u00eftat de moltes explotacions vit\u00edcoles.<\/p>\n\n\n\n<p class=\"wp-block-paragraph\">D&#8217;altra banda, continua considerant que la fitxa financera de la Intervenci\u00f3 Sectorial Vitivin\u00edcola (ISV), 202,14 M\u20ac ha de destinar-se per a aquells viticultors i altres agents del sector que desitgen continuar amb l&#8217;activitat vitivin\u00edcola.<\/p>\n\n\n\n<p class=\"wp-block-paragraph\">\u201cNo \u00e9s de rebut que mentre Fran\u00e7a ha posat damunt de la taula 250 M\u20ac en dos anys, 2025 i 2026, per a l&#8217;arrancada d&#8217;entorn de 60.000 has. amb fons d&#8217;Estat, a m\u00e9s de 40 M\u20ac per a destil\u00b7laci\u00f3 de crisi de la reserva de crisi comunit\u00e0ria, amb totes les benediccions comunit\u00e0ries, ac\u00ed estiguem esperant a resoldre el dubte de si s\u00f3n llebrers o podencos, si els fons ha de posar-los l&#8217;Administraci\u00f3 central o les CCAA que obvien el desastre que s&#8217;ave\u00efna sobre la base de les previsions de la pr\u00f2xima verema\u201d.<\/p>\n\n\n\n<p class=\"wp-block-paragraph\">La Uni\u00f3 manifesta igualment que la Intervenci\u00f3 Sectorial ha de ser obligat\u00f2ria per als EEMM, dotada econ\u00f2micament amb nivells de finan\u00e7ament, si m\u00e9s no, similars als actuals i eliminant el cofinan\u00e7ament del 30% dels EEMM com a figura en els esborranys de la nova PAC 2028 -2034 per a les Intervencions Sectorials.<\/p>\n\n\n\n<p class=\"wp-block-paragraph\"><strong>Reducci\u00f3 creixent de la demanda<\/strong><\/p>\n\n\n\n<p class=\"wp-block-paragraph\">Al mateix temps, l&#8217;organitzaci\u00f3 ha confirmat la tend\u00e8ncia dels cellers a la reducci\u00f3 de demanda de ra\u00efm dels seus prove\u00efdors, circumst\u00e0ncia que s&#8217;est\u00e0 repetint en nombroses DOP en un context d&#8217;expectatives de producci\u00f3 elevada a costa de l&#8217;evoluci\u00f3 de la climatologia al llarg dels dos mesos pr\u00f2xims.<\/p>\n\n\n\n<p class=\"wp-block-paragraph\">\u201cEl Reglament que posa en pr\u00e0ctica el Paquet va vindre, necessari, per\u00f2 no suficient, el desenvolupament de la legislaci\u00f3 secund\u00e0ria i la seua translaci\u00f3 al marc normatiu estatal, els agosarats esfor\u00e7os de l&#8217;oferta per col\u00b7locar nous productes en els mercats intern i extern no aconsegueixen conjurar eixe fantasma que recorre el m\u00f3n del vi a nivell global: la consolidaci\u00f3 del descens en el seu consum, tant a la UE com en la resta del m\u00f3n\u201d, assenyalen els responsables del sector en La Uni\u00f3.<\/p>\n\n\n\n<p class=\"wp-block-paragraph\">D&#8217;altra banda, s&#8217;ha plantejat l&#8217;exist\u00e8ncia de pr\u00e0ctiques fraudulentes a trav\u00e9s de la substituci\u00f3 d&#8217;alcohols v\u00ednics per alcohols d&#8217;altres or\u00edgens, una cosa reiterativa al llarg de les \u00faltimes campanyes. El mateix escenari es dona en la producci\u00f3 de mostos pel que s&#8217;ha exigit una major efectivitat en els controls de les diferents administracions implicades.<\/p>\n","protected":false},"excerpt":{"rendered":"<div class=\"mh-excerpt\">El sector no pot esperar que les diferents administracions despleguen tots els aparells derivats de la legislaci\u00f3 del Paquet va vindre referit al suport financer que garantisca la continu\u00eftat de moltes de les explotacions vit\u00edcoles <a class=\"mh-excerpt-more\" href=\"https:\/\/tucomarca.whitekongsoftware.com\/ca\/la-unio-llauradora-reclama-un-pla-immediat-darrancada-de-vinya-davant-la-deterioracio-del-mercat\/\" title=\"La Uni\u00f3 Llauradora reclama un pla immediat d&#8217;arrancada de vinya davant la deterioraci\u00f3 del mercat\">[+] <\/a><\/div>\n","protected":false},"author":12,"featured_media":305176,"comment_status":"closed","ping_status":"open","sticky":false,"template":"","format":"standard","meta":{"footnotes":""},"categories":[10905,10898,10948,10894,10904,10903,10947,10909,10896],"tags":[18022,24542],"class_list":["post-305179","post","type-post","status-publish","format-standard","has-post-thumbnail","category-agricultura-la-comarca-ca","category-ventana-ca","category-infraestructuras-ca","category-la-comarca-ca","category-sin-categorizar-ca","category-medio-ambiente-la-comarca-ca","category-politica","category-requena-utiel-ca","category-seccion-ca","tag-la-unio-llauradora-ca","tag-vinedo"],"_links":{"self":[{"href":"https:\/\/tucomarca.whitekongsoftware.com\/ca\/wp-json\/wp\/v2\/posts\/305179","targetHints":{"allow":["GET"]}}],"collection":[{"href":"https:\/\/tucomarca.whitekongsoftware.com\/ca\/wp-json\/wp\/v2\/posts"}],"about":[{"href":"https:\/\/tucomarca.whitekongsoftware.com\/ca\/wp-json\/wp\/v2\/types\/post"}],"author":[{"embeddable":true,"href":"https:\/\/tucomarca.whitekongsoftware.com\/ca\/wp-json\/wp\/v2\/users\/12"}],"replies":[{"embeddable":true,"href":"https:\/\/tucomarca.whitekongsoftware.com\/ca\/wp-json\/wp\/v2\/comments?post=305179"}],"version-history":[{"count":0,"href":"https:\/\/tucomarca.whitekongsoftware.com\/ca\/wp-json\/wp\/v2\/posts\/305179\/revisions"}],"wp:featuredmedia":[{"embeddable":true,"href":"https:\/\/tucomarca.whitekongsoftware.com\/ca\/wp-json\/wp\/v2\/media\/305176"}],"wp:attachment":[{"href":"https:\/\/tucomarca.whitekongsoftware.com\/ca\/wp-json\/wp\/v2\/media?parent=305179"}],"wp:term":[{"taxonomy":"category","embeddable":true,"href":"https:\/\/tucomarca.whitekongsoftware.com\/ca\/wp-json\/wp\/v2\/categories?post=305179"},{"taxonomy":"post_tag","embeddable":true,"href":"https:\/\/tucomarca.whitekongsoftware.com\/ca\/wp-json\/wp\/v2\/tags?post=305179"}],"curies":[{"name":"wp","href":"https:\/\/api.w.org\/{rel}","templated":true}]}}