{"id":305112,"date":"2026-06-15T09:30:00","date_gmt":"2026-06-15T07:30:00","guid":{"rendered":"https:\/\/www.tucomarca.com\/wordpress\/segunda\/?p=305112"},"modified":"2026-06-15T13:15:17","modified_gmt":"2026-06-15T11:15:17","slug":"lajuntament-de-xest-presenta-les-serenates-2026-amb-un-cartell-que-combina-jazz-intercanvi-amb-altres-poblacions-i-molt-talent-local","status":"publish","type":"post","link":"https:\/\/tucomarca.whitekongsoftware.com\/ca\/lajuntament-de-xest-presenta-les-serenates-2026-amb-un-cartell-que-combina-jazz-intercanvi-amb-altres-poblacions-i-molt-talent-local\/","title":{"rendered":"L&#8217;Ajuntament de Xest presenta les \u201cSerenates 2026\u201d amb un cartell que combina jazz, intercanvi amb altres poblacions i molt talent local"},"content":{"rendered":"\n<p class=\"wp-block-paragraph\">La Regidoria de Cultura de l&#8217;Ajuntament de Xest ha presentat la programaci\u00f3 completa per al cicle de &#8220;Serenates 2026&#8221;, una de les cites culturals i musicals m\u00e9s esperades de l&#8217;estiu a la comarca. El programa d&#8217;enguany destaca per la seua varietat art\u00edstica, i abasta des de la m\u00fasica coral tradicional fins al swing de gran format i l&#8217;agermanament entre bandes musicals juvenils. \u201cHem volgut elaborar una programaci\u00f3 atractiva per a tothom, i fomentar l&#8217;activitat de les agrupacions locals i la col\u00b7laboraci\u00f3 amb altres poblacions\u201d, explica M\u00aa \u00c1ngeles Llorente, regidora de Cultura, \u201cper\u00f2 tamb\u00e9 hem volgut innovar amb una preciosa aproximaci\u00f3 al jazz, tan adequat per a les nits d&#8217;estiu, amb la Jazzbona big band i Javier Botella\u201d.<\/p>\n\n\n\n<p class=\"wp-block-paragraph\"><strong>Una arrancada amb la pedrera local i m\u00fasica coral<\/strong><\/p>\n\n\n\n<p class=\"wp-block-paragraph\">El cicle s&#8217;inaugurar\u00e0 de manera oficial el dissabte 20 de juny a les 22:30 hores en la c\u00e8ntrica Plaza Doctor Cajal. Aquest primer concert, amb la denominaci\u00f3 Innov@cant \u201cSer persona emociona\u201d, estar\u00e0 protagonitzat per la Banda Juvenil de &#8220;La Lira&#8221; de Xest.<\/p>\n\n\n\n<p class=\"wp-block-paragraph\">La m\u00fasica continuar\u00e0 el divendres 26 de juny a les 20:00 hores, ara en la Pla\u00e7a de l&#8217;Ermita. El p\u00fablic podr\u00e0 gaudir d&#8217;una trobada coral ve\u00efnal amb un repertori l\u00edric i polif\u00f2nic tradicional a l&#8217;aire lliure, a c\u00e0rrec de la Coral Polif\u00f2nica Santa Cecilia de Macastre i la Coral Cantabile de l&#8217;Associaci\u00f3 Musical &#8220;La Lira&#8221;.<\/p>\n\n\n\n<p class=\"wp-block-paragraph\"><strong>Swing, jazz i el tradicional intercanvi de bandes<\/strong><\/p>\n\n\n\n<p class=\"wp-block-paragraph\">L&#8217;equador de les Serenates arribar\u00e0 amb ritmes americans i eleg\u00e0ncia. El dissabte 27 de juny a les 23:00 hores, la Pla\u00e7a Doctor Cajal acollir\u00e0 l&#8217;actuaci\u00f3 de la Jazzbonna big band al costat del reconegut vocalista Javier Botella, els qui oferiran un repertori carregat de jazz i swing de primer nivell. La big band de la Pobla de Vallbona s&#8217;uneix aix\u00ed a Javier Botella per a oferir un espectacle ple de swing, en el qual rememorar\u00e0 grans \u00e8xits i standards americans del jazz a l&#8217;estil de Frank Sinatra.<\/p>\n\n\n\n<p class=\"wp-block-paragraph\">Ja el mes de juliol, el dissabte 4 de juliol les 20:30, en la mateixa pla\u00e7a Ram\u00f3n y Cajal, es reprendr\u00e0 l&#8217;activitat de bandes juvenils en la Pla\u00e7a Doctor Cajal mitjan\u00e7ant el concert d&#8217;intercanvi entre la Uni\u00f3 Musical de Soneja i la Banda Juvenil \u201cLa Lira\u201d, de Xest. Una actuaci\u00f3 que forma part de la campanya d&#8217;Intercanvis Musicals creada per la Federaci\u00f3 de Societats Musicals per a organitzar concerts que aparellen artistes de diferents federacions.<\/p>\n\n\n\n<p class=\"wp-block-paragraph\">El diumenge 5 de juliol a les 20:00 hores, el \u201copera studio\u201d d&#8217;alt rendimento \u201cCentre de Perfeccionament dels Arts\u201d actuar\u00e0 en la Pla\u00e7a Ram\u00f3n y Cajal. Un estupend concert de cambra que donaran aquests estudiants, talents internacionals de l\u00edrica i piano, dins del seu gira: \u2018Els Arts amb El teu\u2019.<\/p>\n\n\n\n<p class=\"wp-block-paragraph\"><strong>Festival de Bandes i fermall internacional a Val\u00e8ncia<\/strong><\/p>\n\n\n\n<p class=\"wp-block-paragraph\">La gran cita simf\u00f2nica en el municipi tindr\u00e0 lloc el dissabte 11 de juliol a les 22:00 hores en el Teatre Liceu. El tradicional Festival de Bandes de Xest reunir\u00e0 enguany tres formacions de gran prestigi: l&#8217;Associaci\u00f3 Musical Vila de Bullas (M\u00farcia), la Societat Musical &#8220;Santa Cecilia&#8221; de Macastre i l&#8217;amfitriona, la Banda Simf\u00f2nica de l&#8217;Associaci\u00f3 Musical &#8220;La Lira&#8221; de Xest.<\/p>\n\n\n\n<p class=\"wp-block-paragraph\">El divendres 17 de juliol, a les 17:00 hores, i com a tancament excepcional a un estiu hist\u00f2ric, el cicle de Serenates es trasllada al Palau de la M\u00fasica de Val\u00e8ncia, on la Banda de M\u00fasica &#8220;La Lira&#8221; de Xest participar\u00e0 de manera oficial en la Secci\u00f3 Segona (actuant en primer lloc en l&#8217;ordre oficial) del prestigi\u00f3s 138\u00e9 Certamen Internacional de Bandes de M\u00fasica &#8220;Ciutat de Val\u00e8ncia&#8221; 2026.<\/p>\n\n\n\n<p class=\"wp-block-paragraph\">\u201cConvidem a tots els ve\u00efns, ve\u00efnes i visitants de la comarca a assistir i gaudir d&#8217;aquestes nits de m\u00fasica\u201d, assenyala la regidora de Cultura de Xest. L&#8217;acc\u00e9s \u00e9s gratu\u00eft i lliure, fins a completar l&#8217;aforament disponible en tots els concerts.<\/p>\n","protected":false},"excerpt":{"rendered":"<div class=\"mh-excerpt\">La Regidoria de Cultura de l&#8217;Ajuntament de Xest ha presentat la programaci\u00f3 completa per al cicle de &#8220;Serenates 2026&#8221;, una de les cites culturals i musicals m\u00e9s esperades de l&#8217;estiu a la comarca. El programa <a class=\"mh-excerpt-more\" href=\"https:\/\/tucomarca.whitekongsoftware.com\/ca\/lajuntament-de-xest-presenta-les-serenates-2026-amb-un-cartell-que-combina-jazz-intercanvi-amb-altres-poblacions-i-molt-talent-local\/\" title=\"L&#8217;Ajuntament de Xest presenta les \u201cSerenates 2026\u201d amb un cartell que combina jazz, intercanvi amb altres poblacions i molt talent local\">[+] <\/a><\/div>\n","protected":false},"author":12,"featured_media":305111,"comment_status":"closed","ping_status":"open","sticky":false,"template":"","format":"standard","meta":{"footnotes":""},"categories":[11019,11005,10894,10912,11007,10896,10974],"tags":[11071,10914,24540],"class_list":["post-305112","post","type-post","status-publish","format-standard","has-post-thumbnail","category-agenda-ca","category-canal-musica","category-la-comarca-ca","category-la-hoya-ca","category-ocio-y-cultura-ca","category-seccion-ca","category-cheste-ca","tag-cheste","tag-la-hoya-de-bunol-chiva-ca","tag-serenatas-2026"],"_links":{"self":[{"href":"https:\/\/tucomarca.whitekongsoftware.com\/ca\/wp-json\/wp\/v2\/posts\/305112","targetHints":{"allow":["GET"]}}],"collection":[{"href":"https:\/\/tucomarca.whitekongsoftware.com\/ca\/wp-json\/wp\/v2\/posts"}],"about":[{"href":"https:\/\/tucomarca.whitekongsoftware.com\/ca\/wp-json\/wp\/v2\/types\/post"}],"author":[{"embeddable":true,"href":"https:\/\/tucomarca.whitekongsoftware.com\/ca\/wp-json\/wp\/v2\/users\/12"}],"replies":[{"embeddable":true,"href":"https:\/\/tucomarca.whitekongsoftware.com\/ca\/wp-json\/wp\/v2\/comments?post=305112"}],"version-history":[{"count":0,"href":"https:\/\/tucomarca.whitekongsoftware.com\/ca\/wp-json\/wp\/v2\/posts\/305112\/revisions"}],"wp:featuredmedia":[{"embeddable":true,"href":"https:\/\/tucomarca.whitekongsoftware.com\/ca\/wp-json\/wp\/v2\/media\/305111"}],"wp:attachment":[{"href":"https:\/\/tucomarca.whitekongsoftware.com\/ca\/wp-json\/wp\/v2\/media?parent=305112"}],"wp:term":[{"taxonomy":"category","embeddable":true,"href":"https:\/\/tucomarca.whitekongsoftware.com\/ca\/wp-json\/wp\/v2\/categories?post=305112"},{"taxonomy":"post_tag","embeddable":true,"href":"https:\/\/tucomarca.whitekongsoftware.com\/ca\/wp-json\/wp\/v2\/tags?post=305112"}],"curies":[{"name":"wp","href":"https:\/\/api.w.org\/{rel}","templated":true}]}}