{"id":305043,"date":"2026-06-12T11:00:00","date_gmt":"2026-06-12T09:00:00","guid":{"rendered":"https:\/\/www.tucomarca.com\/wordpress\/segunda\/?p=305043"},"modified":"2026-06-12T14:35:34","modified_gmt":"2026-06-12T12:35:34","slug":"la-diputacio-de-valencia-incorpora-la-major-promocio-de-bombers-de-la-seua-historia-i-convertix-al-consorci-en-el-major-despanya","status":"publish","type":"post","link":"https:\/\/tucomarca.whitekongsoftware.com\/ca\/la-diputacio-de-valencia-incorpora-la-major-promocio-de-bombers-de-la-seua-historia-i-convertix-al-consorci-en-el-major-despanya\/","title":{"rendered":"La Diputaci\u00f3 de Val\u00e8ncia incorpora la major promoci\u00f3 de bombers de la seua hist\u00f2ria i convertix al Consorci en el major d&#8217;Espanya"},"content":{"rendered":"\n<h3 class=\"wp-block-heading\">El president de la instituci\u00f3 provincial, Vicent Momp\u00f3, dona la benvinguda als 245 nous efectius que ja s&#8217;han incorporat al servici provincial d&#8217;emerg\u00e8ncies<\/h3>\n\n\n\n<h3 class=\"wp-block-heading\">El president del Consorci, Avelino Mascarell, destaca que &#8220;els nous Bombers de la Diputaci\u00f3 han completat un proc\u00e9s selectiu i formatiu sense precedents per a refor\u00e7ar l&#8217;atenci\u00f3 als ajuntaments i a la ciutadania de tota la prov\u00edncia&#8221;<\/h3>\n\n\n\n<p class=\"wp-block-paragraph\">El Consorci Provincial de Bombers de Val\u00e8ncia ha culminat la major incorporaci\u00f3 de bombers realitzada fins a la data a l&#8217;entitat dependent de la Diputaci\u00f3 de Val\u00e8ncia amb l&#8217;entrada de 245 nous efectius que ja presten servici als parcs distribu\u00efts per tota la prov\u00edncia.&nbsp;<\/p>\n\n\n\n<p class=\"wp-block-paragraph\">El president Vicent Momp\u00f3 ha donat este divendres la benvinguda oficial als nous Bombers de la Diputaci\u00f3 en un acte celebrat en el Centre Cultural La Nau de Val\u00e8ncia i en el qual tamb\u00e9 ha participat el president del Consorci Provincial de Bombers i diputat de Medi Ambient, Prevenci\u00f3 de Riscos Forestals i Desenvolupament Rural, Avelino Mascarell; aix\u00ed com la vicepresidenta segona, Reme Mazzolari.<\/p>\n\n\n\n<p class=\"wp-block-paragraph\">Momp\u00f3 ha destacat que &#8220;esta promoci\u00f3 hist\u00f2rica convertix al de Val\u00e8ncia en el major consorci provincial de bombers d&#8217;Espanya per nombre d&#8217;efectius i suposa un refor\u00e7 sense precedents per al servici p\u00fablic d&#8217;emerg\u00e8ncies al servici dels nostres ajuntaments. Es tracta a m\u00e9s d&#8217;una de les actuacions m\u00e9s importants del pla de modernitzaci\u00f3 que estem impulsant per a dotar als Bombers de la Diputaci\u00f3 de m\u00e9s personal, millors instal\u00b7lacions i m\u00e9s mitjans materials&#8221;.<\/p>\n\n\n\n<p class=\"wp-block-paragraph\">El president provincial ha afegit que \u201cdarrere de cada nou efectiu hi ha una millora real del servici que reben els municipis, una major capacitat de resposta davant les emerg\u00e8ncies i m\u00e9s seguretat per a la ciutadania de tota la prov\u00edncia\u201d.<\/p>\n\n\n\n<p class=\"wp-block-paragraph\">Per part seua, Avelino Mascarell assenyala que \u201cla incorporaci\u00f3 de prop de 250 nous professionals enfortix l&#8217;estructura operativa del servici, millora la cobertura dels parcs i ens permet continuar avan\u00e7ant en l&#8217;objectiu com\u00fa d&#8217;oferir la millor atenci\u00f3 possible als municipis valencians\u201d.<\/p>\n\n\n\n<p class=\"wp-block-paragraph\">Els nous efectius es troben distribu\u00efts entre els parcs principals de Sagunt, Paterna, Torrent, Gandia, Alzira i Requena, aix\u00ed com en els diferents parcs auxiliars integrats en les sis zones operatives del Consorci. La seua labor inclou les funcions pr\u00f2pies de prevenci\u00f3 i extinci\u00f3 d&#8217;incendis, salvament de persones i b\u00e9ns, rescats i intervenci\u00f3 en tota mena d&#8217;emerg\u00e8ncies.<\/p>\n\n\n\n<p class=\"wp-block-paragraph\"><strong>Una inversi\u00f3 hist\u00f2rica per a refor\u00e7ar els Bombers de la Diputaci\u00f3<\/strong><\/p>\n\n\n\n<p class=\"wp-block-paragraph\">La incorporaci\u00f3 dels nous efectius forma part del major pla d&#8217;inversions impulsat en els \u00faltims anys per la Diputaci\u00f3 de Val\u00e8ncia per a refor\u00e7ar i modernitzar el Consorci Provincial de Bombers.<\/p>\n\n\n\n<p class=\"wp-block-paragraph\">La instituci\u00f3 provincial va aprovar en la seua \u00faltima Assemblea General una dotaci\u00f3 pressupost\u00e0ria de prop de 30 milions d&#8217;euros per a optimitzar la capacitat de resposta davant emerg\u00e8ncies mitjan\u00e7ant la construcci\u00f3 i millora d&#8217;infraestructures operatives, la renovaci\u00f3 d&#8217;equipaments, l&#8217;adquisici\u00f3 de nous vehicles d&#8217;intervenci\u00f3 i la modernitzaci\u00f3 dels recursos materials dels parcs de bombers.<\/p>\n\n\n\n<p class=\"wp-block-paragraph\">Entre les actuacions incloses destaquen la construcci\u00f3 de nous parcs i bases operatives, la millora d&#8217;instal\u00b7lacions existents i la renovaci\u00f3 progressiva de la flota mitjan\u00e7ant la incorporaci\u00f3 de nous vehicles especialitzats, inclosos BUP (Bombes Urbanes Pesades), aix\u00ed com altres recursos destinats a millorar la seguretat i l&#8217;efic\u00e0cia de les intervencions.<\/p>\n\n\n\n<p class=\"wp-block-paragraph\"><strong>Proc\u00e9s formatiu<\/strong><\/p>\n\n\n\n<p class=\"wp-block-paragraph\">La incorporaci\u00f3 d&#8217;esta promoci\u00f3 ha anat acompanyada d&#8217;un dels majors dispositius formatius desenvolupats pel Consorci Provincial de Bombers. Els aspirants han completat un curs selectiu de 500 hores, compost per una fase te\u00f2rica i una altra pr\u00e0ctica de 250 hores cada una, impartit en coordinaci\u00f3 entre l&#8217;Institut Valenci\u00e0 de Seguretat P\u00fablica i Emerg\u00e8ncies (IVASPE) i el mateix Consorci.<\/p>\n\n\n\n<p class=\"wp-block-paragraph\">Segons explica Avelino Mascarell, &#8220;les dimensions de la convocat\u00f2ria van obligar a desplegar un ampli operatiu docent que va mobilitzar a m\u00e9s d&#8217;un centenar d&#8217;instructors i va permetre desenvolupar de manera simult\u00e0nia nombroses accions formatives en diferents seus&#8221; i subratlla que &#8220;gr\u00e0cies a este esfor\u00e7 de coordinaci\u00f3 ha sigut possible completar en tot just sis mesos un proc\u00e9s que, en condicions ordin\u00e0ries, hauria requerit m\u00e9s d&#8217;un any de treball&#8221;.<\/p>\n\n\n\n<p class=\"wp-block-paragraph\">Aix\u00ed, entre setembre de 2025 i febrer de 2026, els bombers van rebre formaci\u00f3 especialitzada en incendis interiors, rescat en accidents de tr\u00e0nsit, intervenci\u00f3 en estructures col\u00b7lapsades, seguretat vertical, actuaci\u00f3 en sinistres qu\u00edmics i altres disciplines essencials per a la gesti\u00f3 d&#8217;emerg\u00e8ncies.<\/p>\n\n\n\n<p class=\"wp-block-paragraph\"><strong>La major convocat\u00f2ria realitzada pel Consorci<\/strong><\/p>\n\n\n\n<p class=\"wp-block-paragraph\">El proc\u00e9s selectiu es va iniciar a l&#8217;abril de 2023 amb un total de 1.915 aspirants i conclou ara amb la incorporaci\u00f3 de 245 bombers conductors.&nbsp;<\/p>\n\n\n\n<p class=\"wp-block-paragraph\">El desenvolupament del proc\u00e9s va coincidir a m\u00e9s amb l&#8217;emerg\u00e8ncia provocada per la dana d&#8217;octubre de 2024, que va obligar a mobilitzar a la totalitat del personal operatiu del Consorci per a atendre els municipis afectats i garantir la seguretat de la poblaci\u00f3.&nbsp;<\/p>\n\n\n\n<p class=\"wp-block-paragraph\">Malgrat aix\u00f2, la convocat\u00f2ria ha pogut culminar-se amb la incorporaci\u00f3 dels 245 nous bombers que ja formen part de la plantilla de l&#8217;entitat de la Diputaci\u00f3 de Val\u00e8ncia.<\/p>\n\n\n\n<figure class=\"wp-block-gallery has-nested-images columns-2 is-cropped wp-block-gallery-1 is-layout-flex wp-block-gallery-is-layout-flex\">\n<figure class=\"wp-block-image size-large\"><img loading=\"lazy\" decoding=\"async\" width=\"1024\" height=\"665\" data-id=\"305036\" src=\"https:\/\/www.tucomarca.com\/wordpress\/segunda\/wp-content\/uploads\/2026\/06\/TomaPosesion_BomberosConsorcio02-1024x665.jpg\" alt=\"\" class=\"wp-image-305036\" srcset=\"https:\/\/tucomarca.whitekongsoftware.com\/wp-content\/uploads\/2026\/06\/TomaPosesion_BomberosConsorcio02-1024x665.jpg 1024w, https:\/\/tucomarca.whitekongsoftware.com\/wp-content\/uploads\/2026\/06\/TomaPosesion_BomberosConsorcio02-300x195.jpg 300w, https:\/\/tucomarca.whitekongsoftware.com\/wp-content\/uploads\/2026\/06\/TomaPosesion_BomberosConsorcio02-768x499.jpg 768w, https:\/\/tucomarca.whitekongsoftware.com\/wp-content\/uploads\/2026\/06\/TomaPosesion_BomberosConsorcio02-1536x998.jpg 1536w, https:\/\/tucomarca.whitekongsoftware.com\/wp-content\/uploads\/2026\/06\/TomaPosesion_BomberosConsorcio02-2048x1331.jpg 2048w\" sizes=\"auto, (max-width: 1024px) 100vw, 1024px\" \/><\/figure>\n\n\n\n<figure class=\"wp-block-image size-large\"><img loading=\"lazy\" decoding=\"async\" width=\"1024\" height=\"526\" data-id=\"305038\" src=\"https:\/\/www.tucomarca.com\/wordpress\/segunda\/wp-content\/uploads\/2026\/06\/TomaPosesion_BomberosConsorcio03-1024x526.jpg\" alt=\"\" class=\"wp-image-305038\" srcset=\"https:\/\/tucomarca.whitekongsoftware.com\/wp-content\/uploads\/2026\/06\/TomaPosesion_BomberosConsorcio03-1024x526.jpg 1024w, https:\/\/tucomarca.whitekongsoftware.com\/wp-content\/uploads\/2026\/06\/TomaPosesion_BomberosConsorcio03-300x154.jpg 300w, https:\/\/tucomarca.whitekongsoftware.com\/wp-content\/uploads\/2026\/06\/TomaPosesion_BomberosConsorcio03-768x395.jpg 768w, https:\/\/tucomarca.whitekongsoftware.com\/wp-content\/uploads\/2026\/06\/TomaPosesion_BomberosConsorcio03-1536x789.jpg 1536w, https:\/\/tucomarca.whitekongsoftware.com\/wp-content\/uploads\/2026\/06\/TomaPosesion_BomberosConsorcio03-2048x1053.jpg 2048w\" sizes=\"auto, (max-width: 1024px) 100vw, 1024px\" \/><\/figure>\n\n\n\n<figure class=\"wp-block-image size-large\"><img loading=\"lazy\" decoding=\"async\" width=\"1024\" height=\"545\" data-id=\"305040\" src=\"https:\/\/www.tucomarca.com\/wordpress\/segunda\/wp-content\/uploads\/2026\/06\/TomaPosesion_BomberosConsorcio04-1024x545.jpg\" alt=\"\" class=\"wp-image-305040\" srcset=\"https:\/\/tucomarca.whitekongsoftware.com\/wp-content\/uploads\/2026\/06\/TomaPosesion_BomberosConsorcio04-1024x545.jpg 1024w, https:\/\/tucomarca.whitekongsoftware.com\/wp-content\/uploads\/2026\/06\/TomaPosesion_BomberosConsorcio04-300x160.jpg 300w, https:\/\/tucomarca.whitekongsoftware.com\/wp-content\/uploads\/2026\/06\/TomaPosesion_BomberosConsorcio04-768x408.jpg 768w, https:\/\/tucomarca.whitekongsoftware.com\/wp-content\/uploads\/2026\/06\/TomaPosesion_BomberosConsorcio04-1536x817.jpg 1536w, https:\/\/tucomarca.whitekongsoftware.com\/wp-content\/uploads\/2026\/06\/TomaPosesion_BomberosConsorcio04-2048x1089.jpg 2048w\" sizes=\"auto, (max-width: 1024px) 100vw, 1024px\" \/><\/figure>\n<\/figure>\n","protected":false},"excerpt":{"rendered":"<div class=\"mh-excerpt\">El president de la instituci\u00f3 provincial, Vicent Momp\u00f3, dona la benvinguda als 245 nous efectius que ja s&#8217;han incorporat al servici provincial d&#8217;emerg\u00e8ncies El president del Consorci, Avelino Mascarell, destaca que &#8220;els nous Bombers de <a class=\"mh-excerpt-more\" href=\"https:\/\/tucomarca.whitekongsoftware.com\/ca\/la-diputacio-de-valencia-incorpora-la-major-promocio-de-bombers-de-la-seua-historia-i-convertix-al-consorci-en-el-major-despanya\/\" title=\"La Diputaci\u00f3 de Val\u00e8ncia incorpora la major promoci\u00f3 de bombers de la seua hist\u00f2ria i convertix al Consorci en el major d&#8217;Espanya\">[+] <\/a><\/div>\n","protected":false},"author":12,"featured_media":305035,"comment_status":"closed","ping_status":"open","sticky":false,"template":"","format":"gallery","meta":{"footnotes":""},"categories":[10898,10948,10894,10904,10903,10947,10896,10897],"tags":[13120,12903,11199,21009],"class_list":["post-305043","post","type-post","status-publish","format-gallery","has-post-thumbnail","category-ventana-ca","category-infraestructuras-ca","category-la-comarca-ca","category-sin-categorizar-ca","category-medio-ambiente-la-comarca-ca","category-politica","category-seccion-ca","category-sucesos-la-comarca-ca","tag-consorci-provincial-de-bombers","tag-infraestructuras-ca","tag-la-comunitat-ca","tag-la-diputacio-de-valencia-ca","post_format-post-format-gallery"],"_links":{"self":[{"href":"https:\/\/tucomarca.whitekongsoftware.com\/ca\/wp-json\/wp\/v2\/posts\/305043","targetHints":{"allow":["GET"]}}],"collection":[{"href":"https:\/\/tucomarca.whitekongsoftware.com\/ca\/wp-json\/wp\/v2\/posts"}],"about":[{"href":"https:\/\/tucomarca.whitekongsoftware.com\/ca\/wp-json\/wp\/v2\/types\/post"}],"author":[{"embeddable":true,"href":"https:\/\/tucomarca.whitekongsoftware.com\/ca\/wp-json\/wp\/v2\/users\/12"}],"replies":[{"embeddable":true,"href":"https:\/\/tucomarca.whitekongsoftware.com\/ca\/wp-json\/wp\/v2\/comments?post=305043"}],"version-history":[{"count":0,"href":"https:\/\/tucomarca.whitekongsoftware.com\/ca\/wp-json\/wp\/v2\/posts\/305043\/revisions"}],"wp:featuredmedia":[{"embeddable":true,"href":"https:\/\/tucomarca.whitekongsoftware.com\/ca\/wp-json\/wp\/v2\/media\/305035"}],"wp:attachment":[{"href":"https:\/\/tucomarca.whitekongsoftware.com\/ca\/wp-json\/wp\/v2\/media?parent=305043"}],"wp:term":[{"taxonomy":"category","embeddable":true,"href":"https:\/\/tucomarca.whitekongsoftware.com\/ca\/wp-json\/wp\/v2\/categories?post=305043"},{"taxonomy":"post_tag","embeddable":true,"href":"https:\/\/tucomarca.whitekongsoftware.com\/ca\/wp-json\/wp\/v2\/tags?post=305043"}],"curies":[{"name":"wp","href":"https:\/\/api.w.org\/{rel}","templated":true}]}}