{"id":305030,"date":"2026-06-12T10:10:00","date_gmt":"2026-06-12T08:10:00","guid":{"rendered":"https:\/\/www.tucomarca.com\/wordpress\/segunda\/?p=305030"},"modified":"2026-06-12T15:04:18","modified_gmt":"2026-06-12T13:04:18","slug":"lajuntament-de-xest-sollicita-acollir-se-als-plans-dhabitatge-public-del-govern-despanya-i-de-la-generalitat-valenciana","status":"publish","type":"post","link":"https:\/\/tucomarca.whitekongsoftware.com\/ca\/lajuntament-de-xest-sollicita-acollir-se-als-plans-dhabitatge-public-del-govern-despanya-i-de-la-generalitat-valenciana\/","title":{"rendered":"L&#8217;Ajuntament de Xest sol\u00b7licita acollir-se als plans d&#8217;habitatge p\u00fablic del Govern d&#8217;Espanya i de la Generalitat Valenciana"},"content":{"rendered":"\n<h3 class=\"wp-block-heading\">El municipi se suma a les iniciatives CASA 47 i Pla Viu-CV per a construir habitatges de protecci\u00f3 p\u00fablica en s\u00f2l municipal i donar resposta a la greu crisi d&#8217;acc\u00e9s a l&#8217;habitatge.<\/h3>\n\n\n\n<p class=\"wp-block-paragraph\">L&#8217;Ajuntament de Xest ha formalitzat la sol\u00b7licitud per a acollir-se als dos grans programes de construcci\u00f3 d&#8217;habitatge p\u00fablic actualment en execuci\u00f3: el pla CASA 47, impulsat pel Govern d&#8217;Espanya a trav\u00e9s del Ministeri d&#8217;Habitatge i Agenda Urbana, i el Pla Viu Comunitat Valenciana, posat en marxa per la Generalitat a trav\u00e9s de l&#8217;Entitat Valenciana d&#8217;Habitatge i S\u00f2l (EVHA). \u201cAmb aquesta doble sol\u00b7licitud, el consistori fa un pas decidit per a abordar el problema d&#8217;acc\u00e9s a l&#8217;habitatge en el municipi\u201d, ha declarat Jos\u00e9 Morell, alcalde de Xest.<\/p>\n\n\n\n<p class=\"wp-block-paragraph\">&#8220;L&#8217;habitatge \u00e9s un dels problemes m\u00e9s urgents que afronten els nostres ve\u00efns hui, i des de l&#8217;Ajuntament de Xest no podem quedar-nos encreuats de bra\u00e7os\u201d, ha assenyalat Morell, \u201cper aix\u00f2 hem fet el pas de sol\u00b7licitar tots dos plans: el del Govern d&#8217;Espanya i el de la Generalitat. Tenim s\u00f2l municipal, tenim voluntat pol\u00edtica i tenim l&#8217;obligaci\u00f3 d&#8217;utilitzar-los perqu\u00e8 els joves i les fam\u00edlies de Xest puguen trobar una llar digna en el seu propi municipi. Aquest \u00e9s el tipus de pol\u00edtica concreta que marca la difer\u00e8ncia&#8221;.<\/p>\n\n\n\n<p class=\"wp-block-paragraph\">El programa CASA 47, impulsat pel Ministeri d&#8217;Habitatge i Agenda Urbana, habilita 22,8 milions d&#8217;euros per a construir habitatges assequibles en els municipis de la Comunitat Valenciana afectats per la DANA. Xest, incl\u00f2s entre els municipis damnificats per la cat\u00e0strofe del 29 d&#8217;octubre de 2024, pot beneficiar-se d&#8217;aquest programa en cedir s\u00f2l municipal de titularitat p\u00fablica per a la construcci\u00f3 de nous habitatges.<\/p>\n\n\n\n<p class=\"wp-block-paragraph\">Els habitatges resultants s&#8217;incorporaran al parc estatal d&#8217;habitatge assequible de manera permanent, finan\u00e7ades \u00edntegrament per l&#8217;entitat estatal. L&#8217;ajuntament de Xest oferir\u00e0 solars lliures de c\u00e0rregues, destinats a l&#8217;\u00fas residencial col\u00b7lectiu, no situats en zones inundables i amb capacitat per a construir entre 30 i 60 habitatges amb una altura m\u00ednima de quatre plantes.<\/p>\n\n\n\n<p class=\"wp-block-paragraph\">Per part seua, el Pla Viu-CV \u00e9s l&#8217;aposta de la Generalitat Valenciana per a impulsar la construcci\u00f3 de 10.000 habitatges de protecci\u00f3 p\u00fablica durant aquesta legislatura, amb l&#8217;objectiu de beneficiar a m\u00e9s de 25.000 persones. Actualment, m\u00e9s de 320 ajuntaments s&#8217;han adherit al conveni marc subscrit entre la Generalitat i la Federaci\u00f3 Valenciana de Municipis i Prov\u00edncies, que facilita la promoci\u00f3 d&#8217;habitatge protegit en s\u00f2l de les administracions locals.<\/p>\n\n\n\n<p class=\"wp-block-paragraph\">Xest sol\u00b7licitar\u00e0 ser declarada zona de mercat residencial tensionado<br>Paral\u00b7lelament a aquestes sol\u00b7licituds, l&#8217;Ajuntament de Xest t\u00e9 previst iniciar els tr\u00e0mits per a demanar la declaraci\u00f3 del municipi com a zona de mercat residencial tensionado, figura contemplada en la Llei d&#8217;Habitatge estatal. Aquesta declaraci\u00f3 permetr\u00e0 aplicar mesures addicionals de contenci\u00f3 de preus del lloguer i refor\u00e7ar les eines de les quals disposa l&#8217;administraci\u00f3 local per a protegir l&#8217;acc\u00e9s a l&#8217;habitatge de la ciutadania.<\/p>\n\n\n\n<p class=\"wp-block-paragraph\">\u201cAmb aquestes tres iniciatives \u2014la sol\u00b7licitud a CASA 47, l&#8217;adhesi\u00f3 al Pla Viu-CV i la futura sol\u00b7licitud de zona tensionada\u2014, l&#8217;Ajuntament de Xest activa tots els mecanismes disponibles per a fer front a un dels reptes socials m\u00e9s apressants de l&#8217;actualitat, tant a Xest com en tot el pa\u00eds\u201d, ha concl\u00f2s l&#8217;alcalde.<\/p>\n","protected":false},"excerpt":{"rendered":"<div class=\"mh-excerpt\">El municipi se suma a les iniciatives CASA 47 i Pla Viu-CV per a construir habitatges de protecci\u00f3 p\u00fablica en s\u00f2l municipal i donar resposta a la greu crisi d&#8217;acc\u00e9s a l&#8217;habitatge. L&#8217;Ajuntament de Xest <a class=\"mh-excerpt-more\" href=\"https:\/\/tucomarca.whitekongsoftware.com\/ca\/lajuntament-de-xest-sollicita-acollir-se-als-plans-dhabitatge-public-del-govern-despanya-i-de-la-generalitat-valenciana\/\" title=\"L&#8217;Ajuntament de Xest sol\u00b7licita acollir-se als plans d&#8217;habitatge p\u00fablic del Govern d&#8217;Espanya i de la Generalitat Valenciana\">[+] <\/a><\/div>\n","protected":false},"author":12,"featured_media":305029,"comment_status":"closed","ping_status":"open","sticky":false,"template":"","format":"standard","meta":{"footnotes":""},"categories":[21466,10948,10894,10904,10912,10903,10947,10896,10897,10974],"tags":[11071,15409,10914,13492],"class_list":["post-305030","post","type-post","status-publish","format-standard","has-post-thumbnail","category-dana-ca","category-infraestructuras-ca","category-la-comarca-ca","category-sin-categorizar-ca","category-la-hoya-ca","category-medio-ambiente-la-comarca-ca","category-politica","category-seccion-ca","category-sucesos-la-comarca-ca","category-cheste-ca","tag-cheste","tag-dana-2-ca","tag-la-hoya-de-bunol-chiva-ca","tag-vivienda-publica-ca"],"_links":{"self":[{"href":"https:\/\/tucomarca.whitekongsoftware.com\/ca\/wp-json\/wp\/v2\/posts\/305030","targetHints":{"allow":["GET"]}}],"collection":[{"href":"https:\/\/tucomarca.whitekongsoftware.com\/ca\/wp-json\/wp\/v2\/posts"}],"about":[{"href":"https:\/\/tucomarca.whitekongsoftware.com\/ca\/wp-json\/wp\/v2\/types\/post"}],"author":[{"embeddable":true,"href":"https:\/\/tucomarca.whitekongsoftware.com\/ca\/wp-json\/wp\/v2\/users\/12"}],"replies":[{"embeddable":true,"href":"https:\/\/tucomarca.whitekongsoftware.com\/ca\/wp-json\/wp\/v2\/comments?post=305030"}],"version-history":[{"count":0,"href":"https:\/\/tucomarca.whitekongsoftware.com\/ca\/wp-json\/wp\/v2\/posts\/305030\/revisions"}],"wp:featuredmedia":[{"embeddable":true,"href":"https:\/\/tucomarca.whitekongsoftware.com\/ca\/wp-json\/wp\/v2\/media\/305029"}],"wp:attachment":[{"href":"https:\/\/tucomarca.whitekongsoftware.com\/ca\/wp-json\/wp\/v2\/media?parent=305030"}],"wp:term":[{"taxonomy":"category","embeddable":true,"href":"https:\/\/tucomarca.whitekongsoftware.com\/ca\/wp-json\/wp\/v2\/categories?post=305030"},{"taxonomy":"post_tag","embeddable":true,"href":"https:\/\/tucomarca.whitekongsoftware.com\/ca\/wp-json\/wp\/v2\/tags?post=305030"}],"curies":[{"name":"wp","href":"https:\/\/api.w.org\/{rel}","templated":true}]}}