{"id":305019,"date":"2026-06-12T12:00:00","date_gmt":"2026-06-12T10:00:00","guid":{"rendered":"https:\/\/www.tucomarca.com\/wordpress\/segunda\/?p=305019"},"modified":"2026-06-12T14:38:09","modified_gmt":"2026-06-12T12:38:09","slug":"la-guardia-civil-i-la-policia-nacional-detenen-a-jalance-a-una-parella-per-segrestar-i-agredir-sexualment-a-una-dona","status":"publish","type":"post","link":"https:\/\/tucomarca.whitekongsoftware.com\/ca\/la-guardia-civil-i-la-policia-nacional-detenen-a-jalance-a-una-parella-per-segrestar-i-agredir-sexualment-a-una-dona\/","title":{"rendered":"La Gu\u00e0rdia Civil i la Policia Nacional detenen a Jalance a una parella per segrestar i agredir sexualment a una dona"},"content":{"rendered":"\n<h3 class=\"wp-block-heading\">Se&#8217;ls atribueix la presumpta autoria dels delictes de detenci\u00f3 il\u00b7legal, agressi\u00f3 sexual, lesions, robatori de vehicle i \u00fas fraudulent de targeta.<\/h3>\n\n\n\n<h3 class=\"wp-block-heading\">El Jutge va decretar l&#8217;ingr\u00e9s a la pres\u00f3 per a tots dos detinguts.<\/h3>\n\n\n\n<p class=\"wp-block-paragraph\">Agents de la Policia Nacional i de la Gu\u00e0rdia Civil, en una actuaci\u00f3 conjunta, han detingut en la localitat de Jalance a una parella, home i dona, de 30 i 22 anys d&#8217;edat, per la seua presumpta participaci\u00f3 en els delictes de detenci\u00f3 il\u00b7legal, agressi\u00f3 sexual, lesions, robatori de vehicle i \u00fas fraudulent de targeta. Els detinguts despr\u00e9s d&#8217;agredir sexualment a una dona i obligar-la a realitzar transfer\u00e8ncies banc\u00e0ries, la van emmanillar i la van introduir en el maleter del seu vehicle en el qual va ser traslladada des de les localitats alacantines de Guardamar del Segura fins a Petrer on va aconseguir escapar i demanar ajuda.<\/p>\n\n\n\n<p class=\"wp-block-paragraph\">La investigaci\u00f3 va tindre el seu inici despr\u00e9s de l&#8217;av\u00eds a la sala CIMACC 091 de diversos ciutadans comunicant haver vist a una dona emmanillada eixir del maleter d&#8217;un vehicle i refugiar-se en una estaci\u00f3 de servei.<\/p>\n\n\n\n<p class=\"wp-block-paragraph\">Despr\u00e9s del comunicat, dos indicatius policials de la Comissaria d&#8217;Elda-Petrer de la Policia Nacional, es van personar en el lloc trobant a una dona molt espantada a l&#8217;interior dels banys de l&#8217;estaci\u00f3 de servei observant que tenia les mans lligades amb una corda i la boca tapada amb un calcet\u00ed subjecte amb cinta adhesiva que li impedia parlar.<\/p>\n\n\n\n<p class=\"wp-block-paragraph\">Una vegada assistida pels agents i ser preguntada pels fets, la dona els va manifestar que dues persones que es trobaven uns dies residint amb ella en el seu domicili, li van lligar de peus i mans i despr\u00e9s d&#8217;agredir-la sexualment el van obligar a realitzar transfer\u00e8ncies de diners del seu compte bancari. Despr\u00e9s de dos dies retinguda en l&#8217;habitatge, la van introduir en el maleter del seu propi vehicle aconseguint escapar quan els agressors van realitzar una parada prop d&#8217;una estaci\u00f3 de servei de la localitat de Petrer (Alacant) on es va refugiar per a demanar ajuda.<\/p>\n\n\n\n<p class=\"wp-block-paragraph\">Paral\u00b7lelament, segons declaraci\u00f3 dels testimonis dels fets, els presumptes autors es trobaven a bord del vehicle fent una comanda de menjar en un establiment d&#8217;alimentaci\u00f3 i en adonar-se de la fugida de la v\u00edctima, es van donar r\u00e0pidament a la fugida.<\/p>\n\n\n\n<p class=\"wp-block-paragraph\"><strong>Investigaci\u00f3 policial i detencions<\/strong><\/p>\n\n\n\n<p class=\"wp-block-paragraph\">Davant la gravetat dels fets descrits i amb la finalitat de traslladar la informaci\u00f3 a la resta de patrulles en servei i cossos policials els investigadors van emetre un assenyalament de cerca sobre el vehicle en el qual van fugir els presumptes autors.<\/p>\n\n\n\n<p class=\"wp-block-paragraph\">Aquest vehicle va ser localitzat per una dotaci\u00f3 de la Gu\u00e0rdia Civil de la localitat de Cofrents en la localitat de Jalance, donant av\u00eds immediat als investigadors de Policia Nacional d&#8217;Elda-Petrer i indicant-los que havien donat l&#8217;alt al vehicle i a l&#8217;interior es trobava un home i una dona. Despr\u00e9s de ser informada la patrulla dels motius de l&#8217;assenyalament del vehicle, van procedir a la detenci\u00f3 de tots dos ocupants.<\/p>\n\n\n\n<p class=\"wp-block-paragraph\">Despr\u00e9s de la Inspecci\u00f3 T\u00e8cnic Ocular del vehicle realitzada pels agents de l&#8217;Equip Territorial de Policia Judicial de la Gu\u00e0rdia Civil de Requena, es van trobar els seg\u00fcents efectes:&nbsp;<\/p>\n\n\n\n<ul class=\"wp-block-list\">\n<li>Ganivet de cuina de 33 cm.<\/li>\n\n\n\n<li>Restes de corda de filferro plastificada i cinta d&#8217;embalar utilitzada per a emmanillar a la v\u00edctima.<\/li>\n\n\n\n<li>Diners en efectiu, suposadament tret dels comptes bancaris de la v\u00edctima. En total es va trobar 4.286,25 \u20ac.<\/li>\n\n\n\n<li>Diversos tel\u00e8fons m\u00f2bils, entre ells, dos comprats pels autors el dia dels fets amb la targeta de la v\u00edctima. Valorats en 3.057,99 \u20ac.<\/li>\n<\/ul>\n\n\n\n<p class=\"wp-block-paragraph\">Despr\u00e9s de les detencions, els investigadors van realitzar un registre en el domicili de la v\u00edctima situat en la localitat de Guardamar del Segura (Alacant), lloc on havien ocorregut els fets. All\u00ed els agents van localitzar nombrosos efectes que havien sigut utilitzats pels autors per a immobilitzar-la.<\/p>\n\n\n\n<p class=\"wp-block-paragraph\">Realitzades gestions amb els comptes bancaris de la v\u00edctima es va poder comprovar que els detinguts havien realitzat diverses extraccions de diners, aix\u00ed com transfer\u00e8ncies banc\u00e0ries i diversos intents de sol\u00b7licitud de cr\u00e8dits bancaris, arribant a ocasionar a la v\u00edctima un perjudici de m\u00e9s de 24.000 euros.&nbsp;<\/p>\n\n\n\n<p class=\"wp-block-paragraph\">Els detinguts, despr\u00e9s de la pr\u00e0ctica de les dilig\u00e8ncies policials, van ser posats a la disposici\u00f3 dels jutjats d&#8217;instrucci\u00f3 de gu\u00e0rdia de la localitat de Torrevella, decretant-se l&#8217;ingr\u00e9s a la pres\u00f3 per a tots dos.<\/p>\n","protected":false},"excerpt":{"rendered":"<div class=\"mh-excerpt\">Se&#8217;ls atribueix la presumpta autoria dels delictes de detenci\u00f3 il\u00b7legal, agressi\u00f3 sexual, lesions, robatori de vehicle i \u00fas fraudulent de targeta. El Jutge va decretar l&#8217;ingr\u00e9s a la pres\u00f3 per a tots dos detinguts. Agents <a class=\"mh-excerpt-more\" href=\"https:\/\/tucomarca.whitekongsoftware.com\/ca\/la-guardia-civil-i-la-policia-nacional-detenen-a-jalance-a-una-parella-per-segrestar-i-agredir-sexualment-a-una-dona\/\" title=\"La Gu\u00e0rdia Civil i la Policia Nacional detenen a Jalance a una parella per segrestar i agredir sexualment a una dona\">[+] <\/a><\/div>\n","protected":false},"author":12,"featured_media":248761,"comment_status":"closed","ping_status":"open","sticky":false,"template":"","format":"standard","meta":{"footnotes":""},"categories":[10951,10898,10956,10894,10896,10897],"tags":[11118,12977,15172],"class_list":["post-305019","post","type-post","status-publish","format-standard","has-post-thumbnail","category-ayora-cofrentes-ca","category-ventana-ca","category-jalance-ca","category-la-comarca-ca","category-seccion-ca","category-sucesos-la-comarca-ca","tag-guardia-civil-ca","tag-policia-nacional-ca","tag-secuestro-ca"],"_links":{"self":[{"href":"https:\/\/tucomarca.whitekongsoftware.com\/ca\/wp-json\/wp\/v2\/posts\/305019","targetHints":{"allow":["GET"]}}],"collection":[{"href":"https:\/\/tucomarca.whitekongsoftware.com\/ca\/wp-json\/wp\/v2\/posts"}],"about":[{"href":"https:\/\/tucomarca.whitekongsoftware.com\/ca\/wp-json\/wp\/v2\/types\/post"}],"author":[{"embeddable":true,"href":"https:\/\/tucomarca.whitekongsoftware.com\/ca\/wp-json\/wp\/v2\/users\/12"}],"replies":[{"embeddable":true,"href":"https:\/\/tucomarca.whitekongsoftware.com\/ca\/wp-json\/wp\/v2\/comments?post=305019"}],"version-history":[{"count":0,"href":"https:\/\/tucomarca.whitekongsoftware.com\/ca\/wp-json\/wp\/v2\/posts\/305019\/revisions"}],"wp:featuredmedia":[{"embeddable":true,"href":"https:\/\/tucomarca.whitekongsoftware.com\/ca\/wp-json\/wp\/v2\/media\/248761"}],"wp:attachment":[{"href":"https:\/\/tucomarca.whitekongsoftware.com\/ca\/wp-json\/wp\/v2\/media?parent=305019"}],"wp:term":[{"taxonomy":"category","embeddable":true,"href":"https:\/\/tucomarca.whitekongsoftware.com\/ca\/wp-json\/wp\/v2\/categories?post=305019"},{"taxonomy":"post_tag","embeddable":true,"href":"https:\/\/tucomarca.whitekongsoftware.com\/ca\/wp-json\/wp\/v2\/tags?post=305019"}],"curies":[{"name":"wp","href":"https:\/\/api.w.org\/{rel}","templated":true}]}}