{"id":304995,"date":"2026-06-12T10:00:00","date_gmt":"2026-06-12T08:00:00","guid":{"rendered":"https:\/\/www.tucomarca.com\/wordpress\/segunda\/?p=304995"},"modified":"2026-06-12T14:32:41","modified_gmt":"2026-06-12T12:32:41","slug":"el-circuit-ricardo-tormo-reuneix-les-carreres-de-tcr-amb-lespectacle-de-volrace","status":"publish","type":"post","link":"https:\/\/tucomarca.whitekongsoftware.com\/ca\/el-circuit-ricardo-tormo-reuneix-les-carreres-de-tcr-amb-lespectacle-de-volrace\/","title":{"rendered":"El Circuit Ricardo Tormo reuneix les carreres de TCR amb l&#8217;espectacle de Volrace"},"content":{"rendered":"\n<h3 class=\"wp-block-heading\">Acci\u00f3 en el p\u00e0doc en la pista exterior i en la pista interior amb un total de set carreres i dos espectacles simultanis de drift.<\/h3>\n\n\n\n<p class=\"wp-block-paragraph\">La Copa Clio i el Porsche Sprint Challenge Ib\u00e8rica celebraran dues carreres durant el cap de setmana<br>El Circuit Ricardo Tormo celebra els dies 13 i 14 de juny la segona cita de la temporada del Kumho FIA TCR World Tour, que compartir\u00e0 pista amb el campionat TCR Spain en el Circuit Ricardo Tormo.<\/p>\n\n\n\n<p class=\"wp-block-paragraph\">Les proves es disputaran en el tra\u00e7at exterior del Circuit Ricardo Tormo amb un total de 29 cotxes en la graella d&#8217;eixida conjunta i pilots de 14 pa\u00efsos, la cita valenciana es converteix aix\u00ed en un dels escenaris destacats del calendari internacional de turismes que celebra proves a m\u00e9s a It\u00e0lia, Fran\u00e7a, Portugal, Corea del Sud, la Xina i Macau.<\/p>\n\n\n\n<p class=\"wp-block-paragraph\">El programa esportiu contempla tres carreres al llarg del cap de setmana. La primera se celebrar\u00e0 el dissabte, mentre que el diumenge tindran lloc les dues restants. A m\u00e9s, la carrera del dissabte i la primera del diumenge seran puntuables tamb\u00e9 per al campionat TCR Spain.<\/p>\n\n\n\n<p class=\"wp-block-paragraph\">La competici\u00f3 es desenvolupar\u00e0 sobre una variant m\u00e9s curta, de 3.136 metres, del Circuit Ricardo Tormo, un tra\u00e7at m\u00e9s compacte que l&#8217;habitual de Gran Premi i que afavoreix les lluites cos a cos, els avan\u00e7aments i la intensitat en pista.<\/p>\n\n\n\n<p class=\"wp-block-paragraph\">D&#8217;altra banda, la Copa Clio espanyola i el Porsche Sprint Challenge Ib\u00e8rica, que celebren en el Circuit Ricardo Tormo la tercera ronda dels seus campionats, formaran part del programa de l&#8217;esdeveniment, amb dues proves cadascun.<\/p>\n\n\n\n<p class=\"wp-block-paragraph\">L&#8217;activitat en pista es complementar\u00e0 amb les activitats de Volrace en el p\u00e0doc i amb l&#8217;impressionant Drift Spain, que convertir\u00e0 el tra\u00e7at interior en un gran espectacle del motor.<\/p>\n\n\n\n<p class=\"wp-block-paragraph\">Exhibicions de drift, gymkhanas, exposicions, food trucks i actuacions en directe per a tots els p\u00fablics faran que el cap de setmana es convertisca en una experi\u00e8ncia per a gaudir m\u00e9s enll\u00e0 de la competici\u00f3.<\/p>\n\n\n\n<p class=\"wp-block-paragraph\">Les entrades, tant per a una sola jornada com en modalitat d&#8217;abonament per a tots dos dies, es poden adquirir en la p\u00e0gina web del Circuit Ricardo Tormo i garanteixen l&#8217;acc\u00e9s a la tribuna de boxs i al p\u00e0doc, a m\u00e9s d&#8217;incloure les activitats de Volrace tant en el p\u00e0doc com en la pista.<\/p>\n\n\n\n<p class=\"wp-block-paragraph\"><\/p>\n","protected":false},"excerpt":{"rendered":"<div class=\"mh-excerpt\">Acci\u00f3 en el p\u00e0doc en la pista exterior i en la pista interior amb un total de set carreres i dos espectacles simultanis de drift. La Copa Clio i el Porsche Sprint Challenge Ib\u00e8rica celebraran <a class=\"mh-excerpt-more\" href=\"https:\/\/tucomarca.whitekongsoftware.com\/ca\/el-circuit-ricardo-tormo-reuneix-les-carreres-de-tcr-amb-lespectacle-de-volrace\/\" title=\"El Circuit Ricardo Tormo reuneix les carreres de TCR amb l&#8217;espectacle de Volrace\">[+] <\/a><\/div>\n","protected":false},"author":12,"featured_media":304991,"comment_status":"closed","ping_status":"open","sticky":false,"template":"","format":"standard","meta":{"footnotes":""},"categories":[11019,11017,11003,10898,10894,10904,10912,10896,10974],"tags":[11412,24532],"class_list":["post-304995","post","type-post","status-publish","format-standard","has-post-thumbnail","category-agenda-ca","category-automovilismo-ca","category-sports","category-ventana-ca","category-la-comarca-ca","category-sin-categorizar-ca","category-la-hoya-ca","category-seccion-ca","category-cheste-ca","tag-circuit-ricardo-tormo-ca","tag-volrace"],"_links":{"self":[{"href":"https:\/\/tucomarca.whitekongsoftware.com\/ca\/wp-json\/wp\/v2\/posts\/304995","targetHints":{"allow":["GET"]}}],"collection":[{"href":"https:\/\/tucomarca.whitekongsoftware.com\/ca\/wp-json\/wp\/v2\/posts"}],"about":[{"href":"https:\/\/tucomarca.whitekongsoftware.com\/ca\/wp-json\/wp\/v2\/types\/post"}],"author":[{"embeddable":true,"href":"https:\/\/tucomarca.whitekongsoftware.com\/ca\/wp-json\/wp\/v2\/users\/12"}],"replies":[{"embeddable":true,"href":"https:\/\/tucomarca.whitekongsoftware.com\/ca\/wp-json\/wp\/v2\/comments?post=304995"}],"version-history":[{"count":0,"href":"https:\/\/tucomarca.whitekongsoftware.com\/ca\/wp-json\/wp\/v2\/posts\/304995\/revisions"}],"wp:featuredmedia":[{"embeddable":true,"href":"https:\/\/tucomarca.whitekongsoftware.com\/ca\/wp-json\/wp\/v2\/media\/304991"}],"wp:attachment":[{"href":"https:\/\/tucomarca.whitekongsoftware.com\/ca\/wp-json\/wp\/v2\/media?parent=304995"}],"wp:term":[{"taxonomy":"category","embeddable":true,"href":"https:\/\/tucomarca.whitekongsoftware.com\/ca\/wp-json\/wp\/v2\/categories?post=304995"},{"taxonomy":"post_tag","embeddable":true,"href":"https:\/\/tucomarca.whitekongsoftware.com\/ca\/wp-json\/wp\/v2\/tags?post=304995"}],"curies":[{"name":"wp","href":"https:\/\/api.w.org\/{rel}","templated":true}]}}