{"id":304855,"date":"2026-06-10T11:30:00","date_gmt":"2026-06-10T09:30:00","guid":{"rendered":"https:\/\/www.tucomarca.com\/wordpress\/segunda\/?p=304855"},"modified":"2026-06-10T18:56:25","modified_gmt":"2026-06-10T16:56:25","slug":"la-generalitat-reclama-mes-financament-estatal-per-a-combatre-el-despoblament-i-afrontar-el-repte-demografic","status":"publish","type":"post","link":"https:\/\/tucomarca.whitekongsoftware.com\/ca\/la-generalitat-reclama-mes-financament-estatal-per-a-combatre-el-despoblament-i-afrontar-el-repte-demografic\/","title":{"rendered":"La Generalitat reclama m\u00e9s finan\u00e7ament estatal per a combatre el despoblament i afrontar el repte demogr\u00e0fic"},"content":{"rendered":"\n<h3 class=\"wp-block-heading\">La\u00a0Confer\u00e8ncia Sectorial de Repte Demogr\u00e0fic s\u2019ha reunit per a adoptar el marc general de cooperaci\u00f3 i els criteris per a la distribuci\u00f3 dels cr\u00e8dits entre les comunitats aut\u00f2nomes.<\/h3>\n\n\n\n<h3 class=\"wp-block-heading\">La consellera de Servicis Socials def\u00e9n un repartiment de fons que responga a la realitat territorial de la Comunitat Valenciana i lamenta la reducci\u00f3 respecte a 2025.<\/h3>\n\n\n\n<p class=\"wp-block-paragraph\">La Generalitat ha reclamat al Govern d\u2019Espanya un major esfor\u00e7 pressupostari per a afrontar el repte demogr\u00e0fic i la lluita contra el despoblament durant la Confer\u00e8ncia Sectorial de Repte Demogr\u00e0fic, en la qual la Comunitat Valenciana ha votat l\u2019acord pel qual s\u2019adopta el marc general de cooperaci\u00f3 i els criteris per a la distribuci\u00f3 dels cr\u00e8dits del Fons de Cohesi\u00f3 i Transformaci\u00f3 Territorial (FCT) corresponents a 2026.<\/p>\n\n\n\n<p class=\"wp-block-paragraph\">La consellera de Servicis Socials, Fam\u00edlia i Inf\u00e0ncia, Elena Albalat, que ha participat per primera vegada en esta Confer\u00e8ncia Sectorial acompanyada pel director general d\u2019Administraci\u00f3 Local, Jos\u00e9 Antonio Redorat, ha reclamat un increment de la dotaci\u00f3 estatal per a millorar els criteris de distribuci\u00f3 dels fons.<\/p>\n\n\n\n<p class=\"wp-block-paragraph\">\u201c\u00c9s imprescindible que puguem incrementar les actuacions en els municipis que es troben en risc de despoblament. El Govern d\u2019Espanya ha de liderar pol\u00edtiques clares que permeten desenrotllar actuacions concretes que milloren la vida dels ciutadans d\u2019estes localitats\u201d, ha def\u00e9s la consellera durant la seua intervenci\u00f3.<\/p>\n\n\n\n<p class=\"wp-block-paragraph\">Albalat ha explicat que la Comunitat Valenciana donar\u00e0 suport a l\u2019acord \u201cdes de la lleialtat institucional i la voluntat de col\u00b7laboraci\u00f3\u201d, per\u00f2 ha lamentat que el finan\u00e7ament previst per a 2026 resulte insuficient per a respondre a la realitat dels territoris afectats pel despoblament.<\/p>\n\n\n\n<p class=\"wp-block-paragraph\">En este sentit, ha criticat que la pr\u00f2rroga dels pressupostos generals de l\u2019Estat limite el creixement dels recursos destinats a esta mat\u00e8ria. La Comunitat Valenciana rebr\u00e0 en 2026 un total d\u20191.067.000 euros, una quantitat inferior a la percebuda en l\u2019exercici anterior, quan va ascendir a 1.084.000 euros.<\/p>\n\n\n\n<p class=\"wp-block-paragraph\">A m\u00e9s, la consellera ha destacat que la Generalitat ha augmentat la dotaci\u00f3 d\u2019este fons un 50 %, fins als 6 milions d\u2019euros, davant dels 4 milions consignats durant les legislatures del Bot\u00e0nic. Per part seua, el Govern d\u2019Espanya a penes ha incrementat la seua aportaci\u00f3 un 10 %, fins a situar-la en 2 milions d\u2019euros.<\/p>\n\n\n\n<p class=\"wp-block-paragraph\">\u201cEls fons han d\u2019ajustar-se millor a la realitat dels territoris i a les necessitats dels municipis que patixen el risc de despoblament. \u00c9s necessari refor\u00e7ar el finan\u00e7ament per a poder ampliar actuacions i garantir oportunitats i servicis a la ciutadania\u201d, ha manifestat.<\/p>\n\n\n\n<p class=\"wp-block-paragraph\">Per part seua, el director general d\u2019Administraci\u00f3 Local, Jos\u00e9 Antonio Redorat, ha ressaltat la necessitat de \u201cfixar la mirada en les oportunitats que es generen en els territoris que estan en risc de despoblament, que mereixen ser tractats amb les mateixes condicions que altres territoris d\u2019Espanya, i afrontar les amenaces a les quals estan exposats\u201d.<\/p>\n\n\n\n<p class=\"wp-block-paragraph\">En este sentit, ha destacat \u201cl\u2019aposta de la Generalitat que destina fons europeus a estos municipis que estan permetent que el 75 % de les localitats benefici\u00e0ries hagen incrementat la seua poblaci\u00f3 en els \u00faltims anys\u201d, per la qual cosa ha destacat la necessitat de \u201cdur a terme inversions que garantisquen els servicis en igualtat de condicions\u201d.<\/p>\n\n\n\n<p class=\"wp-block-paragraph\">En este punt, ha fet refer\u00e8ncia a la falta de servicis bancaris m\u00ednims en molts d\u2019estos municipis, \u201cun dels servicis b\u00e0sics i que, m\u00e9s que una exclusi\u00f3 financera, \u00e9s una exclusi\u00f3 social\u201d i ha esmentat el treball que des de la Generalitat s\u2019est\u00e0 realitzant \u2018per a tractar de garantir estos servicis a trav\u00e9s d\u2019ajudes i mitjan\u00e7ant l\u2019acord subscrit amb CaixaBank\u201d.<\/p>\n\n\n\n<p class=\"wp-block-paragraph\">Aix\u00ed mateix, ha reivindicat que el Govern central \u201caccelere el projecte de llei que est\u00e0 parat en el Congr\u00e9s dels Diputats des de fa dos anys perqu\u00e8 es puga abordar els servicis bancaris en municipis que estiguen en risc de despoblament\u201d.<\/p>\n\n\n\n<figure class=\"wp-block-image size-large\"><img loading=\"lazy\" decoding=\"async\" width=\"1024\" height=\"768\" src=\"https:\/\/www.tucomarca.com\/wordpress\/segunda\/wp-content\/uploads\/2026\/06\/GVAdespoblacion-1024x768.jpeg\" alt=\"\" class=\"wp-image-304849\" srcset=\"https:\/\/tucomarca.whitekongsoftware.com\/wp-content\/uploads\/2026\/06\/GVAdespoblacion-1024x768.jpeg 1024w, https:\/\/tucomarca.whitekongsoftware.com\/wp-content\/uploads\/2026\/06\/GVAdespoblacion-300x225.jpeg 300w, https:\/\/tucomarca.whitekongsoftware.com\/wp-content\/uploads\/2026\/06\/GVAdespoblacion-768x576.jpeg 768w, https:\/\/tucomarca.whitekongsoftware.com\/wp-content\/uploads\/2026\/06\/GVAdespoblacion-1536x1152.jpeg 1536w, https:\/\/tucomarca.whitekongsoftware.com\/wp-content\/uploads\/2026\/06\/GVAdespoblacion-678x509.jpeg 678w, https:\/\/tucomarca.whitekongsoftware.com\/wp-content\/uploads\/2026\/06\/GVAdespoblacion-326x245.jpeg 326w, https:\/\/tucomarca.whitekongsoftware.com\/wp-content\/uploads\/2026\/06\/GVAdespoblacion-80x60.jpeg 80w, https:\/\/tucomarca.whitekongsoftware.com\/wp-content\/uploads\/2026\/06\/GVAdespoblacion.jpeg 1600w\" sizes=\"auto, (max-width: 1024px) 100vw, 1024px\" \/><\/figure>\n\n\n\n<p class=\"wp-block-paragraph\"><\/p>\n\n\n\n<p class=\"wp-block-paragraph\"><strong>Actuacions impulsades per la Generalitat<\/strong><\/p>\n\n\n\n<p class=\"wp-block-paragraph\">Durant la reuni\u00f3, la consellera tamb\u00e9 ha real\u00e7at les iniciatives que la Generalitat est\u00e0 desenrotllant per a millorar la cohesi\u00f3 territorial i donar suport als municipis m\u00e9s vulnerables des de les diferents \u00e0rees de la Conselleria.<\/p>\n\n\n\n<p class=\"wp-block-paragraph\">Entre estes, ha destacat l\u2019adaptaci\u00f3 de les l\u00ednies d\u2019ajudes dirigides a programes de fam\u00edlia per a prioritzar actuacions que atenguen les necessitats espec\u00edfiques derivades de la resid\u00e8ncia en municipis en risc de despoblament, amb una dotaci\u00f3 de 905.000 euros.<\/p>\n\n\n\n<p class=\"wp-block-paragraph\">Aix\u00ed mateix, ha recordat les mesures adoptades per a facilitar l\u2019acc\u00e9s dels xicotets municipis a les ajudes de promoci\u00f3 dels drets de la inf\u00e0ncia i l\u2019adolesc\u00e8ncia, dotades amb un mili\u00f3 d\u2019euros, aix\u00ed com la garantia de representaci\u00f3 de xiquets, xiquetes i adolescents de municipis de menys de 1.000 habitants en el Consell d\u2019Inf\u00e0ncia i Adolesc\u00e8ncia de la Comunitat Valenciana.<\/p>\n\n\n\n<p class=\"wp-block-paragraph\">La Generalitat tamb\u00e9 ha impulsat els equips espec\u00edfics d\u2019intervenci\u00f3 amb la inf\u00e0ncia i l\u2019adolesc\u00e8ncia (EEIIA) en mancomunitats integrades per municipis en risc de despoblament, i ha reservat un mili\u00f3 d\u2019euros per a ajudes destinades a itineraris d\u2019inclusi\u00f3 sociolaboral dirigits a persones vulnerables en estes localitats.<\/p>\n\n\n\n<p class=\"wp-block-paragraph\">En l\u2019\u00e0mbit de les persones majors, el Consell ha recuperat una l\u00ednia d\u2019ajudes dotada amb 500.000 euros per a programes d\u2019atenci\u00f3, envelliment actiu i lluita contra la soledat no desitjada en 141 ajuntaments de menys de 2.000 habitants.<\/p>\n\n\n\n<p class=\"wp-block-paragraph\"><\/p>\n","protected":false},"excerpt":{"rendered":"<div class=\"mh-excerpt\">La\u00a0Confer\u00e8ncia Sectorial de Repte Demogr\u00e0fic s\u2019ha reunit per a adoptar el marc general de cooperaci\u00f3 i els criteris per a la distribuci\u00f3 dels cr\u00e8dits entre les comunitats aut\u00f2nomes. La consellera de Servicis Socials def\u00e9n un <a class=\"mh-excerpt-more\" href=\"https:\/\/tucomarca.whitekongsoftware.com\/ca\/la-generalitat-reclama-mes-financament-estatal-per-a-combatre-el-despoblament-i-afrontar-el-repte-demografic\/\" title=\"La Generalitat reclama m\u00e9s finan\u00e7ament estatal per a combatre el despoblament i afrontar el repte demogr\u00e0fic\">[+] <\/a><\/div>\n","protected":false},"author":1,"featured_media":304853,"comment_status":"closed","ping_status":"open","sticky":false,"template":"","format":"standard","meta":{"footnotes":""},"categories":[10898,10948,10894,10904,10947,10896],"tags":[12279,11498,11199],"class_list":["post-304855","post","type-post","status-publish","format-standard","has-post-thumbnail","category-ventana-ca","category-infraestructuras-ca","category-la-comarca-ca","category-sin-categorizar-ca","category-politica","category-seccion-ca","tag-despoblacion-ca","tag-generalitat-valenciana-ca","tag-la-comunitat-ca"],"_links":{"self":[{"href":"https:\/\/tucomarca.whitekongsoftware.com\/ca\/wp-json\/wp\/v2\/posts\/304855","targetHints":{"allow":["GET"]}}],"collection":[{"href":"https:\/\/tucomarca.whitekongsoftware.com\/ca\/wp-json\/wp\/v2\/posts"}],"about":[{"href":"https:\/\/tucomarca.whitekongsoftware.com\/ca\/wp-json\/wp\/v2\/types\/post"}],"author":[{"embeddable":true,"href":"https:\/\/tucomarca.whitekongsoftware.com\/ca\/wp-json\/wp\/v2\/users\/1"}],"replies":[{"embeddable":true,"href":"https:\/\/tucomarca.whitekongsoftware.com\/ca\/wp-json\/wp\/v2\/comments?post=304855"}],"version-history":[{"count":0,"href":"https:\/\/tucomarca.whitekongsoftware.com\/ca\/wp-json\/wp\/v2\/posts\/304855\/revisions"}],"wp:featuredmedia":[{"embeddable":true,"href":"https:\/\/tucomarca.whitekongsoftware.com\/ca\/wp-json\/wp\/v2\/media\/304853"}],"wp:attachment":[{"href":"https:\/\/tucomarca.whitekongsoftware.com\/ca\/wp-json\/wp\/v2\/media?parent=304855"}],"wp:term":[{"taxonomy":"category","embeddable":true,"href":"https:\/\/tucomarca.whitekongsoftware.com\/ca\/wp-json\/wp\/v2\/categories?post=304855"},{"taxonomy":"post_tag","embeddable":true,"href":"https:\/\/tucomarca.whitekongsoftware.com\/ca\/wp-json\/wp\/v2\/tags?post=304855"}],"curies":[{"name":"wp","href":"https:\/\/api.w.org\/{rel}","templated":true}]}}