{"id":304496,"date":"2026-06-07T12:00:00","date_gmt":"2026-06-07T10:00:00","guid":{"rendered":"https:\/\/www.tucomarca.com\/wordpress\/segunda\/?p=304496"},"modified":"2026-06-07T22:46:22","modified_gmt":"2026-06-07T20:46:22","slug":"perez-llorca-compleix-en-sis-mesos-el-63-dels-compromisos-adquirits-en-el-debat-dinvestidura","status":"publish","type":"post","link":"https:\/\/tucomarca.whitekongsoftware.com\/ca\/perez-llorca-compleix-en-sis-mesos-el-63-dels-compromisos-adquirits-en-el-debat-dinvestidura\/","title":{"rendered":"P\u00e9rez Llorca compleix en sis mesos el 63% dels compromisos adquirits en el debat d&#8217;investidura"},"content":{"rendered":"\n<h3 class=\"wp-block-heading\">De les 35 actuacions compromeses, 22 ja han sigut realitzades i 13 estan en execuci\u00f3.<\/h3>\n\n\n\n<h3 class=\"wp-block-heading\">El projecte de Llei de Pressupostos 2026; 27 mesures per a fer costat a fam\u00edlies i empreses davant la guerra de l&#8217;Iran; i l&#8217;impuls a les rebaixes fiscals, les pol\u00edtiques socials i la reconstrucci\u00f3 despr\u00e9s de la dana, principals fites de Govern.<\/h3>\n\n\n\n<h3 class=\"wp-block-heading\">El president advoca per \u201cla col\u00b7laboraci\u00f3 institucional i la pol\u00edtica \u00fatil\u201d i lamenta que el president del Govern \u201csol haja complit tres propostes de les cent presentades per a avan\u00e7ar junts per la Comunitat Valenciana\u201d.<\/h3>\n\n\n\n<p class=\"wp-block-paragraph\">El president de la Generalitat, Juanfran P\u00e9rez Llorca, ha complit en sis mesos al capdavant del Consell el 63% dels compromisos adquirits en el debat d&#8217;investidura, entre els quals destaquen la rebaixa de la pressi\u00f3 fiscal, l&#8217;impuls a les pol\u00edtiques socials i la defensa dels sectors productius de la Comunitat Valenciana, entre altres.<\/p>\n\n\n\n<p class=\"wp-block-paragraph\">En concret, de les 35 actuacions compromeses, 22 ja s&#8217;han realitzat, com les noves rebaixes d&#8217;impostos per a les classes baixes i mitjanes treballadores, la segona Llei de Simplificaci\u00f3 Administrativa, i l&#8217;acc\u00e9s dels joves a l&#8217;habitatge amb la nova convocat\u00f2ria del programa de Garanties del Institut Valenci\u00e0 de Finances (IVF), la dotaci\u00f3 econ\u00f2mica del qual ha augmentat un 50%, beneficiant a m\u00e9s de 1.300 joves sol en el primer quadrimestre de 2026.&nbsp;<\/p>\n\n\n\n<p class=\"wp-block-paragraph\">Igualment, s&#8217;han escom\u00e9s diferents ajudes dirigides a la ind\u00fastria agroaliment\u00e0ria, s&#8217;ha posat en marxa l&#8217;Estrat\u00e8gia Valenciana per al Foment de la Ramaderia Extensiva 2026\u20132030, a m\u00e9s d&#8217;avan\u00e7ar en les obres del posttransvasament X\u00faquer-Vinalop\u00f3, reivindicar a l&#8217;aigua que necessita i mereix la Comunitat Valenciana i demandar igualtat de condicions en els protocols d&#8217;importaci\u00f3 de productes agr\u00edcoles.&nbsp;<\/p>\n\n\n\n<p class=\"wp-block-paragraph\">En l&#8217;\u00e0mbit del finan\u00e7ament, el president tamb\u00e9 ha instat el Govern d&#8217;Espanya a activar un sistema \u201cjust, solidari i equitatiu\u201d, al mateix temps que ha retret \u201cla falta de voluntat de di\u00e0leg\u201d de l&#8217;Executiu central \u201cper a poder negociar millors condicions per als valencians\u201d.<\/p>\n\n\n\n<p class=\"wp-block-paragraph\">De la mateixa manera, ha demandat un fons d&#8217;anivellament transitori \u201cque fa\u00e7a just\u00edcia amb la nostra terra\u201d, i ha recordat que el ministre d&#8217;Hisenda el defensava quan era membre del Govern valenci\u00e0.&nbsp;<\/p>\n\n\n\n<p class=\"wp-block-paragraph\">D&#8217;altra banda, 13 compromisos es troben actualment en execuci\u00f3 com el desenvolupament del Pla VIU,- que compta ja amb 4.800 habitatges de protecci\u00f3 p\u00fablica en marxa-, la creaci\u00f3 de punts d&#8217;atenci\u00f3 sanit\u00e0ria urgent permanent 24 hores en tots els municipis de m\u00e9s de 50.000 habitants, la gratu\u00eftat del primer curs d&#8217;Universitat a estudiants que aproven totes les assignatures,- que s&#8217;activar\u00e0 el pr\u00f2xim curs acad\u00e8mic-, o el foment d&#8217;obres h\u00eddriques per a evitar inundacions com els parcs inundables, entre altres exemples.&nbsp;<\/p>\n\n\n\n<p class=\"wp-block-paragraph\"><strong>Aposta per l&#8217;estabilitat i el di\u00e0leg<\/strong><\/p>\n\n\n\n<p class=\"wp-block-paragraph\">Des de la seua arribada a la presid\u00e8ncia de la Generalitat, el cap del Consell ha apostat per \u201cla recuperaci\u00f3 de la normalitat, l&#8217;estabilitat institucional i una pol\u00edtica \u00fatil al servei de tots els ciutadans enfront de la crispaci\u00f3\u201d, segons ha indicat.<\/p>\n\n\n\n<p class=\"wp-block-paragraph\">En aquest sentit, ha advocat per \u201cel di\u00e0leg i l&#8217;enteniment per a arribar a acords que beneficien a la societat\u201d, entre els quals ha esmentat la constituci\u00f3 de la Comissi\u00f3 Mixta i les 27 mesures consensuades amb sindicats i patronal per a fer costat a fam\u00edlies i empreses que contemplen la mobilitzaci\u00f3 de 421,26 milions d&#8217;euros.&nbsp;<\/p>\n\n\n\n<p class=\"wp-block-paragraph\">Respecte a la reuni\u00f3 mantinguda amb el president del Govern, en la qual el cap del Consell va presentar \u2018100 accions per a avan\u00e7ar junts\u2019, amb iniciatives per a la reconstrucci\u00f3 i la recuperaci\u00f3; incentivar l&#8217;economia i l&#8217;ocupaci\u00f3; i per a millorar la vida de les persones, ha lamentat que Executiu central \u201csol haja complit tres d&#8217;elles\u201d, per la qual cosa ha denunciat \u201cla nul\u00b7la implicaci\u00f3 del Govern amb la nostra terra\u201d.&nbsp;<\/p>\n\n\n\n<p class=\"wp-block-paragraph\">L&#8217;agenda institucional del president durant aquests sis mesos ha comptabilitzat un total de 266 actes distribu\u00efts a la prov\u00edncia de Val\u00e8ncia, Alacant i Castell\u00f3, a m\u00e9s d&#8217;altres realitzats en altres regions espanyoles i pa\u00efsos, visitant en conjunt 52 ciutats i municipis.<\/p>\n\n\n\n<p class=\"wp-block-paragraph\"><strong>Altres fites de Govern<\/strong><\/p>\n\n\n\n<p class=\"wp-block-paragraph\">Altres de les accions destacades durant la presid\u00e8ncia de P\u00e9rez Llorca ha sigut la presentaci\u00f3 del projecte de Llei de Pressupostos 2026 que contemplen 33.305 milions d&#8217;euros i destinen huit de cada deu euros a pol\u00edtiques socials; i l&#8217;impuls a la reconstrucci\u00f3 econ\u00f2mica i social de la Comunitat Valenciana despr\u00e9s de la dana amb el 65% de les mesures competents a la Generalitat en marxa o acabades del \u2018Pla Endavant\u2019.&nbsp;<\/p>\n\n\n\n<p class=\"wp-block-paragraph\">A m\u00e9s, el president ha incidit en qu\u00e8 el Govern valenci\u00e0 realitzar\u00e0 una rebaixa en el tram auton\u00f2mic de l&#8217;IRPF que beneficiar\u00e0 especialment a les rendes mitjanes i baixes amb un estalvi fiscal de 160 milions d&#8217;euros concentrats d&#8217;una manera especial entre els trams de 32.000 i 72.000 euros. La mesura s&#8217;implementar\u00e0 en la Renda de 2026 la campanya de la qual es realitzar\u00e0 en 2027.<\/p>\n\n\n\n<p class=\"wp-block-paragraph\">L&#8217;Avantprojecte de Llei de Mesures Fiscals, de Gesti\u00f3 Administrativa i Financera i d&#8217;Organitzaci\u00f3 de la Generalitat arreplega tamb\u00e9 mesurades en impostos de Successions i Donacions per a facilitar el relleu de les empreses familiars.<\/p>\n\n\n\n<p class=\"wp-block-paragraph\">En refer\u00e8ncia a les pol\u00edtiques socials, el cap del Consell ha al\u00b7ludit a la rebaixa de les llistes d&#8217;espera de depend\u00e8ncia i quir\u00fargiques, el refor\u00e7 a l&#8217;Atenci\u00f3 Prim\u00e0ria i a l&#8217;\u00e0rea de Salut Mental, la posada en marxa de l&#8217;Estrat\u00e8gia contra el C\u00e0ncer 2026-2030, o la consolidaci\u00f3 de la transformaci\u00f3 del Programa de Prevenci\u00f3 de C\u00e0ncer de Mama, a m\u00e9s de l&#8217;impuls a les infraestructures sanit\u00e0ries i sociosanit\u00e0ries.&nbsp;<\/p>\n\n\n\n<p class=\"wp-block-paragraph\">Entre les mesures posades en marxa a nivell fiscal, ha recordat les noves deduccions fiscals en l&#8217;IRPF per a fomentar la pr\u00e0ctica de la m\u00fasica, l&#8217;ampliaci\u00f3 dels incentius per despeses sanit\u00e0ries i per la pr\u00e0ctica d&#8217;activitats esportives i saludables a les classes mitjanes treballadores o la reducci\u00f3 de l&#8217;Impost de Patrimoni, entre altres.<\/p>\n\n\n\n<p class=\"wp-block-paragraph\">En l&#8217;\u00e0rea d&#8217;infraestructures, s&#8217;han promovico actuacions estrat\u00e8giques per a la Comunitat Valenciana com l&#8217;estaci\u00f3 central del TRAM d\u2019Alacant, l&#8217;eix de la cer\u00e0mica, o el pla d&#8217;inversions de Ferrocarrils de la Generalitat (FGV), a m\u00e9s de continuar avan\u00e7ant en la renovaci\u00f3 del mapa concessional de transport regular de viatgers i en el pla d&#8217;obres de l&#8217;Entitat P\u00fablica de Sanejament d&#8217;Aig\u00fces Residuals de la Comunitat Valenciana (EPSAR).<\/p>\n\n\n\n<p class=\"wp-block-paragraph\">El president de la Generalitat ha asseverat a m\u00e9s que la \u201cComunitat Valenciana torna a ser una terra d&#8217;oportunitats gr\u00e0cies a les pol\u00edtiques del Consell\u201d i ha destacat el treball de la Generalitat per a \u201catraure projectes que podrien generar 18.000 milions d&#8217;euros d&#8217;inversi\u00f3 i la creaci\u00f3 d&#8217;al voltant de 25.000 ocupacions\u201d.<\/p>\n\n\n\n<p class=\"wp-block-paragraph\">Finalment, ha al\u00b7ludit al \u201ccreixement econ\u00f2mic s\u00f2lid i din\u00e0mic\u201d de la Comunitat Valenciana, amb indicadors positius com el lideratge en la creaci\u00f3 d&#8217;empreses, aut\u00f2noms i la generaci\u00f3 de llocs de treball per a joves, dones i el relatiu a ocupaci\u00f3 tecnol\u00f2gica; o la previsi\u00f3 del BBVA Research que pronostica que l&#8217;economia valenciana liderar\u00e0 el creixement en 2026 a Espanya amb un 3%, situant-se per damunt de la mitjana nacional.<\/p>\n","protected":false},"excerpt":{"rendered":"<div class=\"mh-excerpt\">De les 35 actuacions compromeses, 22 ja han sigut realitzades i 13 estan en execuci\u00f3. El projecte de Llei de Pressupostos 2026; 27 mesures per a fer costat a fam\u00edlies i empreses davant la guerra <a class=\"mh-excerpt-more\" href=\"https:\/\/tucomarca.whitekongsoftware.com\/ca\/perez-llorca-compleix-en-sis-mesos-el-63-dels-compromisos-adquirits-en-el-debat-dinvestidura\/\" title=\"P\u00e9rez Llorca compleix en sis mesos el 63% dels compromisos adquirits en el debat d&#8217;investidura\">[+] <\/a><\/div>\n","protected":false},"author":1,"featured_media":304492,"comment_status":"closed","ping_status":"open","sticky":false,"template":"","format":"standard","meta":{"footnotes":""},"categories":[10898,10948,10894,10904,10947,10896,11062],"tags":[21789,23466,11199],"class_list":["post-304496","post","type-post","status-publish","format-standard","has-post-thumbnail","category-ventana-ca","category-infraestructuras-ca","category-la-comarca-ca","category-sin-categorizar-ca","category-politica","category-seccion-ca","category-videos","tag-generalitat-ca","tag-juanfran-perez-llorca-ca","tag-la-comunitat-ca"],"_links":{"self":[{"href":"https:\/\/tucomarca.whitekongsoftware.com\/ca\/wp-json\/wp\/v2\/posts\/304496","targetHints":{"allow":["GET"]}}],"collection":[{"href":"https:\/\/tucomarca.whitekongsoftware.com\/ca\/wp-json\/wp\/v2\/posts"}],"about":[{"href":"https:\/\/tucomarca.whitekongsoftware.com\/ca\/wp-json\/wp\/v2\/types\/post"}],"author":[{"embeddable":true,"href":"https:\/\/tucomarca.whitekongsoftware.com\/ca\/wp-json\/wp\/v2\/users\/1"}],"replies":[{"embeddable":true,"href":"https:\/\/tucomarca.whitekongsoftware.com\/ca\/wp-json\/wp\/v2\/comments?post=304496"}],"version-history":[{"count":0,"href":"https:\/\/tucomarca.whitekongsoftware.com\/ca\/wp-json\/wp\/v2\/posts\/304496\/revisions"}],"wp:featuredmedia":[{"embeddable":true,"href":"https:\/\/tucomarca.whitekongsoftware.com\/ca\/wp-json\/wp\/v2\/media\/304492"}],"wp:attachment":[{"href":"https:\/\/tucomarca.whitekongsoftware.com\/ca\/wp-json\/wp\/v2\/media?parent=304496"}],"wp:term":[{"taxonomy":"category","embeddable":true,"href":"https:\/\/tucomarca.whitekongsoftware.com\/ca\/wp-json\/wp\/v2\/categories?post=304496"},{"taxonomy":"post_tag","embeddable":true,"href":"https:\/\/tucomarca.whitekongsoftware.com\/ca\/wp-json\/wp\/v2\/tags?post=304496"}],"curies":[{"name":"wp","href":"https:\/\/api.w.org\/{rel}","templated":true}]}}