{"id":304404,"date":"2026-06-04T09:30:00","date_gmt":"2026-06-04T07:30:00","guid":{"rendered":"https:\/\/www.tucomarca.com\/wordpress\/segunda\/?p=304404"},"modified":"2026-06-04T20:58:33","modified_gmt":"2026-06-04T18:58:33","slug":"la-noche-mas-corta-tancara-dijous-26-de-juny-el-cicle-vivir-de-cine-de-bunyol","status":"publish","type":"post","link":"https:\/\/tucomarca.whitekongsoftware.com\/ca\/la-noche-mas-corta-tancara-dijous-26-de-juny-el-cicle-vivir-de-cine-de-bunyol\/","title":{"rendered":"\u201cLa Noche M\u00e1s Corta\u201d tancar\u00e0 dijous 26 de juny el cicle Vivir de Cine de Bunyol"},"content":{"rendered":"\n<h3 class=\"wp-block-heading\">El Palacio de la M\u00fasica acollir\u00e0 el pr\u00f2xim 26 de juny una selecci\u00f3 de curtmetratges del festival K-Lidoscopi, certamen qualificador per a l&#8217;Academia de Cine.<\/h3>\n\n\n\n<p class=\"wp-block-paragraph\">Bu\u00f1ol refor\u00e7ar\u00e0 este estiu la seua aposta pel cinema i la cultura audiovisual amb la celebraci\u00f3 de la primera edici\u00f3 de <strong>\u201cLa Noche M\u00e1s Corta &amp; K-Lidoscopi \/ Secci\u00f3n Tr\u00e0veling Bu\u00f1ol\u201d<\/strong>, una cita que tindr\u00e0 lloc el pr\u00f2xim <strong>26 de juny a les 19.00 hores<\/strong> al <strong>Palacio de la M\u00fasica<\/strong> i que acostar\u00e0 al municipi una selecci\u00f3 de curtmetratges vinculats al circuit nacional de preselecci\u00f3 dels <strong>Premios Goya<\/strong>.<\/p>\n\n\n\n<p class=\"wp-block-paragraph\">Aix\u00ed s&#8217;ha anunciat este dijous durant la clausura del festival <strong>Vivir de Cine<\/strong>, que ha posat el punt final a la seua programaci\u00f3 amb la projecci\u00f3 de la pel\u00b7l\u00edcula <strong>I Swear<\/strong>. Amb esta nova iniciativa, la <strong>Concejal\u00eda de Cultura<\/strong> fa un pas m\u00e9s en la consolidaci\u00f3 de Bu\u00f1ol com a referent cultural i audiovisual, incorporant el municipi a una xarxa d&#8217;exhibici\u00f3 vinculada a un dels festivals de curtmetratges m\u00e9s prestigiosos de la Comunitat Valenciana.<\/p>\n\n\n\n<p class=\"wp-block-paragraph\">La proposta naix de la col\u00b7laboraci\u00f3 entre la <strong>Concejal\u00eda de Cultura del Ayuntamiento de Bu\u00f1ol<\/strong> i el <strong>Festival de Cortometrajes K-Lidoscopi de Cullera<\/strong>, certamen qualificador per als <strong>Premios Goya<\/strong>. Dins de la seua quinzena edici\u00f3, el festival ha impulsat la nova <strong>Secci\u00f3n Tr\u00e0veling<\/strong>, una iniciativa creada per a acostar l&#8217;univers del curtmetratge a diferents localitats de la prov\u00edncia de Val\u00e8ncia i ampliar la seua difusi\u00f3 m\u00e9s enll\u00e0 de Cullera.<\/p>\n\n\n\n<p class=\"wp-block-paragraph\">Bu\u00f1ol ser\u00e0 la primera ciutat a formar part d&#8217;esta experi\u00e8ncia, convertint-se aix\u00ed en la seu inaugural d&#8217;una secci\u00f3 que aspira a portar alguns dels millors curtmetratges nacionals a nous p\u00fablics.<\/p>\n\n\n\n<p class=\"wp-block-paragraph\"><strong>Projecci\u00f3 de cinc curtmetratges<\/strong><\/p>\n\n\n\n<p class=\"wp-block-paragraph\">Durant la jornada es projectaran cinc curtmetratges seleccionats pr\u00e8viament per l&#8217;organitzaci\u00f3 de <strong>K-Lidoscopi<\/strong>. Totes les obres estaran vinculades al circuit nacional de preselecci\u00f3 dels <strong>Premios Goya<\/strong> i compartiran una tem\u00e0tica comuna: el cinema inclusiu, amb hist\u00f2ries que aborden valors com la diversitat, la integraci\u00f3 i el comprom\u00eds social.<\/p>\n\n\n\n<p class=\"wp-block-paragraph\">L&#8217;alcaldessa de Bu\u00f1ol, <strong>Virginia Sanz<\/strong>, ha mostrat la seua satisfacci\u00f3 perqu\u00e8 el municipi es convertisca en la primera seu de la <strong>Secci\u00f3n Tr\u00e0veling<\/strong>, una iniciativa que, segons ha assenyalat, \u201csitua Bu\u00f1ol dins dels circuits m\u00e9s destacats del cinema espanyol i ens acosta a referents tan importants com els Premios Goya\u201d. Aix\u00ed mateix, ha destacat que \u201cdes de l&#8217;Ajuntament continuem apostant per una programaci\u00f3 cultural de qualitat, capa\u00e7 d&#8217;oferir als nostres ve\u00efns i ve\u00efnes propostes de prestigi i experi\u00e8ncies \u00faniques vinculades al m\u00f3n audiovisual\u201d.<\/p>\n\n\n\n<p class=\"wp-block-paragraph\">La idea va comen\u00e7ar a prendre forma arran de diverses converses entre la <strong>Concejal\u00eda de Cultura<\/strong> i el director del <strong>Festival K-Lidoscopi<\/strong>, <strong>Julio Mart\u00ed<\/strong>, amb la mediaci\u00f3 del t\u00e8cnic municipal de Cultura, <strong>Joan Carles Rosell\u00f3<\/strong>. El que va comen\u00e7ar com un intercanvi d&#8217;idees sobre possibles vies de col\u00b7laboraci\u00f3 va anar evolucionant fins a convertir-se en un projecte compartit que permetr\u00e0 acostar a Bu\u00f1ol alguns dels curtmetratges m\u00e9s destacats del panorama nacional.<\/p>\n\n\n\n<p class=\"wp-block-paragraph\">La regidora de Cultura, <strong>Tamara D\u00edaz<\/strong>, ha destacat que esta iniciativa \u201c\u00e9s un exemple de com el treball constant i la recerca de noves oportunitats culturals acaba donant fruits\u201d. En este sentit, ha assenyalat que \u201cper a Bu\u00f1ol suposa un orgull convertir-nos en la primera seu de la Secci\u00f3n Tr\u00e0veling i establir un vincle amb un festival tan reconegut com K-Lidoscopi, la qual cosa permetr\u00e0 continuar enriquint la programaci\u00f3 de Vivir de Cine i acostar propostes de gran qualitat al nostre municipi\u201d.<\/p>\n\n\n\n<p class=\"wp-block-paragraph\"><strong>El vot del p\u00fablic comptar\u00e0 per als Goya<\/strong><\/p>\n\n\n\n<p class=\"wp-block-paragraph\">Despr\u00e9s del visionat dels curtmetratges tindr\u00e0 lloc un col\u00b7loqui obert al p\u00fablic en qu\u00e8 participaran integrants de l&#8217;equip del <strong>Festival K-Lidoscopi<\/strong>, encap\u00e7alats pel seu director, <strong>Julio Mart\u00ed<\/strong>, junt amb professionals de l&#8217;audiovisual valenci\u00e0 i una personalitat destacada de l&#8217;\u00e0mbit cinematogr\u00e0fic.<\/p>\n\n\n\n<p class=\"wp-block-paragraph\">A m\u00e9s, les persones assistents podran votar la seua obra favorita. Esta votaci\u00f3 se sumar\u00e0 a la realitzada posteriorment en la <strong>Secci\u00f3n Perspectiva<\/strong> del festival i contribuir\u00e0 al veredicte final que es donar\u00e0 a con\u00e9ixer durant la gala de clausura de <strong>K-Lidoscopi<\/strong>, prevista per al pr\u00f2xim <strong>3 d&#8217;octubre<\/strong> a l&#8217;<strong>Auditorio de Cullera<\/strong>.<\/p>\n\n\n\n<p class=\"wp-block-paragraph\">\u201cVolem que el p\u00fablic no siga nom\u00e9s espectador, sin\u00f3 tamb\u00e9 part activa de l&#8217;experi\u00e8ncia\u201d, ha afegit D\u00edaz. \u201cLa possibilitat de participar en el col\u00b7loqui i votar els curtmetratges convertix esta cita en una proposta cultural molt m\u00e9s participativa i enriquidora per a la poblaci\u00f3\u201d.<\/p>\n","protected":false},"excerpt":{"rendered":"<div class=\"mh-excerpt\">El Palacio de la M\u00fasica acollir\u00e0 el pr\u00f2xim 26 de juny una selecci\u00f3 de curtmetratges del festival K-Lidoscopi, certamen qualificador per a l&#8217;Academia de Cine. Bu\u00f1ol refor\u00e7ar\u00e0 este estiu la seua aposta pel cinema i <a class=\"mh-excerpt-more\" href=\"https:\/\/tucomarca.whitekongsoftware.com\/ca\/la-noche-mas-corta-tancara-dijous-26-de-juny-el-cicle-vivir-de-cine-de-bunyol\/\" title=\"\u201cLa Noche M\u00e1s Corta\u201d tancar\u00e0 dijous 26 de juny el cicle Vivir de Cine de Bunyol\">[+] <\/a><\/div>\n","protected":false},"author":12,"featured_media":304403,"comment_status":"closed","ping_status":"open","sticky":false,"template":"","format":"standard","meta":{"footnotes":""},"categories":[11019,10911,10894,10912,11007,10896],"tags":[10913,10914,14410],"class_list":["post-304404","post","type-post","status-publish","format-standard","has-post-thumbnail","category-agenda-ca","category-bunol-ca","category-la-comarca-ca","category-la-hoya-ca","category-ocio-y-cultura-ca","category-seccion-ca","tag-bunol-ca","tag-la-hoya-de-bunol-chiva-ca","tag-vivir-de-cine-ca"],"_links":{"self":[{"href":"https:\/\/tucomarca.whitekongsoftware.com\/ca\/wp-json\/wp\/v2\/posts\/304404","targetHints":{"allow":["GET"]}}],"collection":[{"href":"https:\/\/tucomarca.whitekongsoftware.com\/ca\/wp-json\/wp\/v2\/posts"}],"about":[{"href":"https:\/\/tucomarca.whitekongsoftware.com\/ca\/wp-json\/wp\/v2\/types\/post"}],"author":[{"embeddable":true,"href":"https:\/\/tucomarca.whitekongsoftware.com\/ca\/wp-json\/wp\/v2\/users\/12"}],"replies":[{"embeddable":true,"href":"https:\/\/tucomarca.whitekongsoftware.com\/ca\/wp-json\/wp\/v2\/comments?post=304404"}],"version-history":[{"count":0,"href":"https:\/\/tucomarca.whitekongsoftware.com\/ca\/wp-json\/wp\/v2\/posts\/304404\/revisions"}],"wp:featuredmedia":[{"embeddable":true,"href":"https:\/\/tucomarca.whitekongsoftware.com\/ca\/wp-json\/wp\/v2\/media\/304403"}],"wp:attachment":[{"href":"https:\/\/tucomarca.whitekongsoftware.com\/ca\/wp-json\/wp\/v2\/media?parent=304404"}],"wp:term":[{"taxonomy":"category","embeddable":true,"href":"https:\/\/tucomarca.whitekongsoftware.com\/ca\/wp-json\/wp\/v2\/categories?post=304404"},{"taxonomy":"post_tag","embeddable":true,"href":"https:\/\/tucomarca.whitekongsoftware.com\/ca\/wp-json\/wp\/v2\/tags?post=304404"}],"curies":[{"name":"wp","href":"https:\/\/api.w.org\/{rel}","templated":true}]}}