{"id":304379,"date":"2026-06-04T10:45:00","date_gmt":"2026-06-04T08:45:00","guid":{"rendered":"https:\/\/www.tucomarca.com\/wordpress\/segunda\/?p=304379"},"modified":"2026-06-04T20:36:52","modified_gmt":"2026-06-04T18:36:52","slug":"turisme-comunitat-valenciana-destina-91-milions-deuros-al-bo-recuperem-turisme-2026-amb-les-maximes-facilitats-per-a-les-persones-beneficiaries","status":"publish","type":"post","link":"https:\/\/tucomarca.whitekongsoftware.com\/ca\/turisme-comunitat-valenciana-destina-91-milions-deuros-al-bo-recuperem-turisme-2026-amb-les-maximes-facilitats-per-a-les-persones-beneficiaries\/","title":{"rendered":"Turisme Comunitat Valenciana destina 9,1 milions d&#8217;euros al Bo Recuperem Turisme 2026 amb les m\u00e0ximes facilitats per a les persones benefici\u00e0ries"},"content":{"rendered":"\n<h3 class=\"wp-block-heading\">El programa cobrir\u00e0 el 100% de les estades tur\u00edstiques, fins a un m\u00e0xim de 350 euros, i permiteviajar per tota la Comunitat Valenciana fins al 22 de desembre de 2026.<\/h3>\n\n\n\n<h3 class=\"wp-block-heading\">Les ajudes s\u00f3n autom\u00e0tiques per a les persones afectades per la DANA de 2024 que van quedar en llista d&#8217;espera en la passada edici\u00f3.<\/h3>\n\n\n\n<p class=\"wp-block-paragraph\">Turisme Comunitat Valenciana destinar\u00e0 un total de 9,1 milions d&#8217;euros al programa Bono Viaje Recuperem Turisme 2026, amb l&#8217;objectiu de facilitar l&#8217;acc\u00e9s a experi\u00e8ncies tur\u00edstiques a les persones afectades per la DANA de 2024.<\/p>\n\n\n\n<p class=\"wp-block-paragraph\">La nova convocat\u00f2ria, que s&#8217;ha publicat aquest dijous en el DOGV, permet donar continu\u00eftat al programa impulsat en 2025 i est\u00e0 dirigida exclusivament a les persones empadronades en municipis afectats per les riuades d&#8217;octubre 2024 que van sol\u00b7licitar el bo l&#8217;any passat i no van poder beneficiar-se d&#8217;ell per falta de consignaci\u00f3 pressupost\u00e0ria. En quedar llavors en llista d&#8217;espera, no ser\u00e0 necessari presentar una nova sol\u00b7licitud.<\/p>\n\n\n\n<p class=\"wp-block-paragraph\">la Generalitat ha dissenyat aquesta convocat\u00f2ria amb l&#8217;objectiu d&#8217;oferir les m\u00e0ximes facilitats a les persones benefici\u00e0ries. D&#8217;aquesta manera, l&#8217;adjudicaci\u00f3 de les ajudes es realitzar\u00e0 seguint l&#8217;ordre de la llista d&#8217;espera generada en 2025, d&#8217;acord amb la data de formalitzaci\u00f3 de la sol\u00b7licitud, fins a esgotar la consignaci\u00f3 pressupost\u00e0ria. A m\u00e9s, cada persona benefici\u00e0ria podr\u00e0 accedir a un \u00fanic bo.<\/p>\n\n\n\n<p class=\"wp-block-paragraph\">La consellera d&#8217;Ind\u00fastria, Turisme, Innovaci\u00f3 i Comer\u00e7, Mari\u00e1n Cano, ha destacat que aquesta nova dotaci\u00f3 econ\u00f2mica permet donar resposta a les sol\u00b7licituds que van quedar arracades en l&#8217;anterior convocat\u00f2ria i refor\u00e7a el comprom\u00eds del Consell amb les persones afectades per la dana, al mateix temps que contribueix a sostindre l&#8217;activitat del sector tur\u00edstic en la Comunitat Valenciana.<\/p>\n\n\n\n<p class=\"wp-block-paragraph\">A m\u00e9s, Turisme Comunitat Valenciana comprovar\u00e0 d&#8217;ofici el compliment dels requisits establits en la convocat\u00f2ria de 2025, sense que les persones benefici\u00e0ries hagen d&#8217;aportar nova documentaci\u00f3.<\/p>\n\n\n\n<p class=\"wp-block-paragraph\">El bo cobrir\u00e0 el 100% del cost de la reserva, fins a un m\u00e0xim de 350 euros, sempre que incloga una estada m\u00ednima de dues nits consecutives en allotjaments tur\u00edstics adherits al programa. En cas que l&#8217;import de la reserva supere eixa quantia, la persona benefici\u00e0ria haur\u00e0 d&#8217;assumir la difer\u00e8ncia.<\/p>\n\n\n\n<p class=\"wp-block-paragraph\">Les ajudes podran utilitzar-se per a viatjar per tota la Comunitat Valenciana fins al 22 de desembre de 2026, inclosos els mesos d&#8217;estiu.<\/p>\n\n\n\n<p class=\"wp-block-paragraph\">Les persones benefici\u00e0ries rebran per correu electr\u00f2nic un recordatori del seu n\u00famero de cita i, posteriorment, un altre av\u00eds quan els corresponga rebre el codi, que hauran de canviar en una ag\u00e8ncia de viatges o establiment tur\u00edstic adherit en un termini m\u00e0xim de 10 dies h\u00e0bils des de la seua recepci\u00f3 per a formalitzar la reserva. En cas contrari, el bo caducar\u00e0 i no podr\u00e0 tornar a adjudicar-se en aquesta convocat\u00f2ria.<\/p>\n\n\n\n<p class=\"wp-block-paragraph\">A m\u00e9s de l&#8217;allotjament, el programa contempla la possibilitat d&#8217;incloure determinats serveis complementaris associats a l&#8217;estada, com a manutenci\u00f3 fins a mitja pensi\u00f3, tractaments de salut i benestar, activitats esportives, excursions, animaci\u00f3 o aparcament, d&#8217;acord amb les condicions establides en el programa.<\/p>\n\n\n\n<p class=\"wp-block-paragraph\">El Bo Recuperem Turisme 2026 tamb\u00e9 contribuir\u00e0 a dinamitzar l&#8217;activitat tur\u00edstica de la Comunitat Valenciana, en impulsar la demanda en allotjaments, ag\u00e8ncies de viatges i altres serveis vinculats al sector.<\/p>\n\n\n\n<p class=\"wp-block-paragraph\">Les empreses tur\u00edstiques adherides al programa en 2025 s&#8217;incorporaran autom\u00e0ticament a l&#8217;edici\u00f3 de 2026, mentre que nous establiments i ag\u00e8ncies de viatges podran sumar-se al programa fins al 30 de novembre de 2026.<\/p>\n","protected":false},"excerpt":{"rendered":"<div class=\"mh-excerpt\">El programa cobrir\u00e0 el 100% de les estades tur\u00edstiques, fins a un m\u00e0xim de 350 euros, i permiteviajar per tota la Comunitat Valenciana fins al 22 de desembre de 2026. Les ajudes s\u00f3n autom\u00e0tiques per <a class=\"mh-excerpt-more\" href=\"https:\/\/tucomarca.whitekongsoftware.com\/ca\/turisme-comunitat-valenciana-destina-91-milions-deuros-al-bo-recuperem-turisme-2026-amb-les-maximes-facilitats-per-a-les-persones-beneficiaries\/\" title=\"Turisme Comunitat Valenciana destina 9,1 milions d&#8217;euros al Bo Recuperem Turisme 2026 amb les m\u00e0ximes facilitats per a les persones benefici\u00e0ries\">[+] <\/a><\/div>\n","protected":false},"author":12,"featured_media":304374,"comment_status":"closed","ping_status":"open","sticky":false,"template":"","format":"standard","meta":{"footnotes":""},"categories":[21466,10898,10948,10894,10904,11007,10947,10896,10897],"tags":[24491,15409,12384],"class_list":["post-304379","post","type-post","status-publish","format-standard","has-post-thumbnail","category-dana-ca","category-ventana-ca","category-infraestructuras-ca","category-la-comarca-ca","category-sin-categorizar-ca","category-ocio-y-cultura-ca","category-politica","category-seccion-ca","category-sucesos-la-comarca-ca","tag-bono-recuperem-turisme-2026","tag-dana-2-ca","tag-turisme-comunitat-valenciana-ca"],"_links":{"self":[{"href":"https:\/\/tucomarca.whitekongsoftware.com\/ca\/wp-json\/wp\/v2\/posts\/304379","targetHints":{"allow":["GET"]}}],"collection":[{"href":"https:\/\/tucomarca.whitekongsoftware.com\/ca\/wp-json\/wp\/v2\/posts"}],"about":[{"href":"https:\/\/tucomarca.whitekongsoftware.com\/ca\/wp-json\/wp\/v2\/types\/post"}],"author":[{"embeddable":true,"href":"https:\/\/tucomarca.whitekongsoftware.com\/ca\/wp-json\/wp\/v2\/users\/12"}],"replies":[{"embeddable":true,"href":"https:\/\/tucomarca.whitekongsoftware.com\/ca\/wp-json\/wp\/v2\/comments?post=304379"}],"version-history":[{"count":0,"href":"https:\/\/tucomarca.whitekongsoftware.com\/ca\/wp-json\/wp\/v2\/posts\/304379\/revisions"}],"wp:featuredmedia":[{"embeddable":true,"href":"https:\/\/tucomarca.whitekongsoftware.com\/ca\/wp-json\/wp\/v2\/media\/304374"}],"wp:attachment":[{"href":"https:\/\/tucomarca.whitekongsoftware.com\/ca\/wp-json\/wp\/v2\/media?parent=304379"}],"wp:term":[{"taxonomy":"category","embeddable":true,"href":"https:\/\/tucomarca.whitekongsoftware.com\/ca\/wp-json\/wp\/v2\/categories?post=304379"},{"taxonomy":"post_tag","embeddable":true,"href":"https:\/\/tucomarca.whitekongsoftware.com\/ca\/wp-json\/wp\/v2\/tags?post=304379"}],"curies":[{"name":"wp","href":"https:\/\/api.w.org\/{rel}","templated":true}]}}