{"id":304360,"date":"2026-06-04T10:30:00","date_gmt":"2026-06-04T08:30:00","guid":{"rendered":"https:\/\/www.tucomarca.com\/wordpress\/segunda\/?p=304360"},"modified":"2026-06-04T19:55:33","modified_gmt":"2026-06-04T17:55:33","slug":"la-seu-de-la-diputacio-de-valencia-acull-la-presentacio-de-la-tomatina-de-bunyol-mes-accessible-i-internacional-de-la-historia","status":"publish","type":"post","link":"https:\/\/tucomarca.whitekongsoftware.com\/ca\/la-seu-de-la-diputacio-de-valencia-acull-la-presentacio-de-la-tomatina-de-bunyol-mes-accessible-i-internacional-de-la-historia\/","title":{"rendered":"La seu de la Diputaci\u00f3 de Val\u00e8ncia acull la presentaci\u00f3 de La Tomatina de Bunyol m\u00e9s accessible i internacional de la hist\u00f2ria\u00a0"},"content":{"rendered":"\n<h3 class=\"wp-block-heading\">La corporaci\u00f3 provincial, que continua finan\u00e7ant la compra de les tomaques, i l&#8217;Ajuntament de Bunyol donen a con\u00e9ixer les novetats de la 79a edici\u00f3 de la festa, que estrena p\u00e0gina web i cartell.<\/h3>\n\n\n\n<h3 class=\"wp-block-heading\">El pla &#8216;+ ACCESSIBLE&#8217; redobla els esfor\u00e7os d&#8217;inclusi\u00f3 amb acompanyament personalitzat i polseres identificatives.<\/h3>\n\n\n\n<p class=\"wp-block-paragraph\">El Pati de la Scala de la Diputaci\u00f3 de Val\u00e8ncia ha acollit aquest dijous la presentaci\u00f3 oficial de la 79a edici\u00f3 de La Tomatina de Bunyol, que enguany se celebrar\u00e0 el dimecres 26 d&#8217;agost. L&#8217;acte, presidit pel president de la corporaci\u00f3 provincial, Vicente Momp\u00f3, l&#8217;alcaldessa de Bunyol, Virg\u00ednia Sanz, i el tinent d&#8217;alcalde i responsable de la festa, Sergio Galarza, ha servit per a revelar el full de ruta d&#8217;una edici\u00f3 que combina internacionalitzaci\u00f3, arrele local i inclusi\u00f3 social. Aix\u00ed mateix, s&#8217;ha donat a con\u00e9ixer el nou cartell.<\/p>\n\n\n\n<p class=\"wp-block-paragraph\">Vicent Momp\u00f3 ha destacat a la Tomatina \u201ccom un dels esdeveniments que millor projecten el nom de la nostra prov\u00edncia a tot el m\u00f3n. Cada fotografia, cada v\u00eddeo i cada not\u00edcia sobre la festa que travessa fronteres porta amb si el nom de Bunyol i el de la prov\u00edncia de Val\u00e8ncia\u201d, i ha assegurat que \u201cla Diputaci\u00f3 continuar\u00e0 donant suport a aquesta celebraci\u00f3, perqu\u00e8 ajudar a la Tomatina \u00e9s fer costat a una part fonamental de la nostra identitat col\u00b7lectiva\u201d. La corporaci\u00f3 provincial ha finan\u00e7at amb 55.000 euros la compra de les tomaques que s&#8217;utilitzaran eixe dia.<\/p>\n\n\n\n<p class=\"wp-block-paragraph\">Momp\u00f3 ha expressat tamb\u00e9 la seua satisfacci\u00f3 per la millora de la inclusi\u00f3 i l&#8217;accessibilitat en la festa. \u201cLa Tomatina continua sent la mateixa festa que emociona en el m\u00f3n des de fa d\u00e8cades, per\u00f2 al mateix temps demostra que tradici\u00f3 i innovaci\u00f3 poden caminar juntes. Per tot aix\u00f2, dins de dos mesos tornarem a sentir l&#8217;orgull de saber que una de les celebracions m\u00e9s internacionals del m\u00f3n va n\u00e0ixer ac\u00ed, creix any rere any i se celebra a la nostra prov\u00edncia\u201d, ha assenyalat ressaltant que \u201cno importa d&#8217;on vengen els que participen. No importa l&#8217;idioma ni la seua cultura. Durant unes hores, milers de persones procedents de tot el m\u00f3n comparteixen una mateixa experi\u00e8ncia als carrers de Bunyol. I aix\u00f2 t\u00e9 un valor extraordinari\u201d.<\/p>\n\n\n\n<p class=\"wp-block-paragraph\"><strong>Una festa accessible<\/strong><\/p>\n\n\n\n<p class=\"wp-block-paragraph\">La principal novetat de la Tomatina d&#8217;enguany \u00e9s la posada en marxa del pla &#8216;+ ACCESSIBLE&#8217;. Sota la premissa que cr\u00e9ixer significa &#8220;abra\u00e7ar la diversitat i no deixar a ning\u00fa arrere&#8221;, l&#8217;Ajuntament de Bunyol ha presentat una bateria de mesures noves per a garantir l&#8217;accessibilitat universal en l&#8217;esdeveniment. Entre elles destaca l&#8217;increment de l&#8217;atenci\u00f3 i acompanyament integral. I \u00e9s que, en aquesta edici\u00f3,&nbsp;m\u00e9s enll\u00e0 de mantindre la tradicional zona reservada per a persones amb mobilitat redu\u00efda, s&#8217;amplia el suport, ja que qualsevol persona amb discapacitat que comunique pr\u00e8viament les seues necessitats comptar\u00e0 amb assist\u00e8ncia i acompanyament de l&#8217;equip de voluntaris abans i durant l&#8217;esdeveniment.<\/p>\n\n\n\n<p class=\"wp-block-paragraph\">A aix\u00f2 s&#8217;afig la pres\u00e8ncia de m\u00e9s voluntariat, amb l&#8217;ampliaci\u00f3 de l&#8217;equip de voluntaris dedicat en exclusiva al suport d&#8217;aquests assistents, i la polsera &#8216;+ ACCESSIBLE&#8217;, amb la implementaci\u00f3 d&#8217;aquest nou distintiu com a identificaci\u00f3 oficial per a facilitar l&#8217;acc\u00e9s tant al recinte general com a l&#8217;\u00e0rea reservada.<\/p>\n\n\n\n<p class=\"wp-block-paragraph\">Durant la seua intervenci\u00f3, l&#8217;alcaldessa de Bunyol, Virg\u00ednia Sanz, ha reivindicat el paper de La Tomatina com una &#8220;festa per a tots. I per aix\u00f2 hem fet l&#8217;esfor\u00e7 a ser m\u00e9s inclusius, diversos i accessibles\u201d. &#8220;Som la finestra per la qual milions de persones dels cinc continents miren cap a la nostra terra&#8221;, ha assegurat, emfatitzant que el verdader \u00e8xit resideix en el ve\u00efnat: &#8220;La Tomatina no seria el gegant que \u00e9s hui sense la implicaci\u00f3 absoluta de cada bu\u00f1olero i cada bu\u00f1olera&#8221;.&nbsp;<\/p>\n\n\n\n<p class=\"wp-block-paragraph\">Per part seua, el tinent d&#8217;alcalde i m\u00e0xim responsable de La Tomatina, Sergio Galarza, ha anunciat que La Tomatina 2026 ser\u00e0 retransmesa per la televisi\u00f3 p\u00fablica estatal, que produir\u00e0 un documental amb motiu del 80 aniversari de la festa que se celebrar\u00e0 l&#8217;any que ve i que s&#8217;emetr\u00e0 en 2027. A m\u00e9s, ha anunciat que la festa estrena p\u00e0gina web oficial, adaptada i accessible, a la qual se sumar\u00e0 l&#8217;\u00fas de pictogrames informatius.<\/p>\n\n\n\n<figure class=\"wp-block-image size-large\"><img loading=\"lazy\" decoding=\"async\" width=\"1024\" height=\"665\" src=\"https:\/\/www.tucomarca.com\/wordpress\/segunda\/wp-content\/uploads\/2026\/06\/PresentacionTomatina2026b-1024x665.jpg\" alt=\"\" class=\"wp-image-304350\" srcset=\"https:\/\/tucomarca.whitekongsoftware.com\/wp-content\/uploads\/2026\/06\/PresentacionTomatina2026b-1024x665.jpg 1024w, https:\/\/tucomarca.whitekongsoftware.com\/wp-content\/uploads\/2026\/06\/PresentacionTomatina2026b-300x195.jpg 300w, https:\/\/tucomarca.whitekongsoftware.com\/wp-content\/uploads\/2026\/06\/PresentacionTomatina2026b-768x499.jpg 768w, https:\/\/tucomarca.whitekongsoftware.com\/wp-content\/uploads\/2026\/06\/PresentacionTomatina2026b-1536x998.jpg 1536w, https:\/\/tucomarca.whitekongsoftware.com\/wp-content\/uploads\/2026\/06\/PresentacionTomatina2026b-2048x1331.jpg 2048w\" sizes=\"auto, (max-width: 1024px) 100vw, 1024px\" \/><\/figure>\n","protected":false},"excerpt":{"rendered":"<div class=\"mh-excerpt\">La corporaci\u00f3 provincial, que continua finan\u00e7ant la compra de les tomaques, i l&#8217;Ajuntament de Bunyol donen a con\u00e9ixer les novetats de la 79a edici\u00f3 de la festa, que estrena p\u00e0gina web i cartell. El pla <a class=\"mh-excerpt-more\" href=\"https:\/\/tucomarca.whitekongsoftware.com\/ca\/la-seu-de-la-diputacio-de-valencia-acull-la-presentacio-de-la-tomatina-de-bunyol-mes-accessible-i-internacional-de-la-historia\/\" title=\"La seu de la Diputaci\u00f3 de Val\u00e8ncia acull la presentaci\u00f3 de La Tomatina de Bunyol m\u00e9s accessible i internacional de la hist\u00f2ria\u00a0\">[+] <\/a><\/div>\n","protected":false},"author":1,"featured_media":304349,"comment_status":"closed","ping_status":"open","sticky":false,"template":"","format":"standard","meta":{"footnotes":""},"categories":[10911,10898,10894,10912,11007,10896],"tags":[10913,10914,11185],"class_list":["post-304360","post","type-post","status-publish","format-standard","has-post-thumbnail","category-bunol-ca","category-ventana-ca","category-la-comarca-ca","category-la-hoya-ca","category-ocio-y-cultura-ca","category-seccion-ca","tag-bunol-ca","tag-la-hoya-de-bunol-chiva-ca","tag-tomatina-ca"],"_links":{"self":[{"href":"https:\/\/tucomarca.whitekongsoftware.com\/ca\/wp-json\/wp\/v2\/posts\/304360","targetHints":{"allow":["GET"]}}],"collection":[{"href":"https:\/\/tucomarca.whitekongsoftware.com\/ca\/wp-json\/wp\/v2\/posts"}],"about":[{"href":"https:\/\/tucomarca.whitekongsoftware.com\/ca\/wp-json\/wp\/v2\/types\/post"}],"author":[{"embeddable":true,"href":"https:\/\/tucomarca.whitekongsoftware.com\/ca\/wp-json\/wp\/v2\/users\/1"}],"replies":[{"embeddable":true,"href":"https:\/\/tucomarca.whitekongsoftware.com\/ca\/wp-json\/wp\/v2\/comments?post=304360"}],"version-history":[{"count":0,"href":"https:\/\/tucomarca.whitekongsoftware.com\/ca\/wp-json\/wp\/v2\/posts\/304360\/revisions"}],"wp:featuredmedia":[{"embeddable":true,"href":"https:\/\/tucomarca.whitekongsoftware.com\/ca\/wp-json\/wp\/v2\/media\/304349"}],"wp:attachment":[{"href":"https:\/\/tucomarca.whitekongsoftware.com\/ca\/wp-json\/wp\/v2\/media?parent=304360"}],"wp:term":[{"taxonomy":"category","embeddable":true,"href":"https:\/\/tucomarca.whitekongsoftware.com\/ca\/wp-json\/wp\/v2\/categories?post=304360"},{"taxonomy":"post_tag","embeddable":true,"href":"https:\/\/tucomarca.whitekongsoftware.com\/ca\/wp-json\/wp\/v2\/tags?post=304360"}],"curies":[{"name":"wp","href":"https:\/\/api.w.org\/{rel}","templated":true}]}}