{"id":304345,"date":"2026-06-04T10:50:00","date_gmt":"2026-06-04T08:50:00","guid":{"rendered":"https:\/\/www.tucomarca.com\/wordpress\/segunda\/?p=304345"},"modified":"2026-06-04T20:27:00","modified_gmt":"2026-06-04T18:27:00","slug":"la-diputacio-restaura-el-fronto-i-la-piscina-de-gatova-amb-quasi-600-000-euros","status":"publish","type":"post","link":"https:\/\/tucomarca.whitekongsoftware.com\/ca\/la-diputacio-restaura-el-fronto-i-la-piscina-de-gatova-amb-quasi-600-000-euros\/","title":{"rendered":"La Diputaci\u00f3 restaura el front\u00f3 i la piscina de G\u00e1tova amb quasi 600.000 euros\u00a0"},"content":{"rendered":"\n<h3 class=\"wp-block-heading\">El president de la Diputaci\u00f3 de Val\u00e8ncia, Vicent Momp\u00f3, es reunix amb l&#8217;alcalde del municipi del Camp de T\u00faria, Jes\u00fas Salmer\u00f3n<\/h3>\n\n\n\n<h3 class=\"wp-block-heading\">G\u00e1tova t\u00e9 assignats 843.561 euros del Pla Obert d\u2019Inversions, 167.295 m\u00e9s que en la legislatura anterior<\/h3>\n\n\n\n<p class=\"wp-block-paragraph\">El president de la Diputaci\u00f3 de Val\u00e8ncia, Vicent Momp\u00f3, s&#8217;ha reunit este dijous amb l&#8217;alcalde de G\u00e1tova, Jes\u00fas Salmer\u00f3n, per a repassar els projectes que el municipi del Camp de T\u00faria est\u00e0 realitzant amb les inversions de la instituci\u00f3 provincial.<\/p>\n\n\n\n<p class=\"wp-block-paragraph\">Amb el Pla Obert, G\u00e1tova dur\u00e0 a terme dos actuacions en instal\u00b7lacions esportives, la restauraci\u00f3 del front\u00f3 i de la piscina municipal, amb una inversi\u00f3 de quasi 300.000 euros cada una. Segons ha explicat l&#8217;alcalde, \u201cel front\u00f3 municipal estava totalment en ru\u00efnes, no hi havia pista esportiva per a la gent jove, apostem per fer el front\u00f3 nou cobert amb els vestuaris, i la piscina estava en una situaci\u00f3 prou deplorable, es buidava cont\u00ednuament i les m\u00e0quines no funcionen\u201d.<\/p>\n\n\n\n<p class=\"wp-block-paragraph\">Un altre projecte \u00e9s la reurbanitzaci\u00f3 del carrer Calvari, \u201cque estava en situaci\u00f3 perillosa, s&#8217;estava trencant el formig\u00f3 i l&#8217;empedrarem perqu\u00e8 estiga d&#8217;acord amb la resta del poble\u201d, ha detallat Salmer\u00f3n sobre esta inversi\u00f3 que t\u00e9 un cost de 339.682 euros.&nbsp;<\/p>\n\n\n\n<p class=\"wp-block-paragraph\">A m\u00e9s, G\u00e1tova est\u00e0 treballant en un projecte del cicle integral de l&#8217;aigua, la canalitzaci\u00f3, que \u201cja est\u00e0 al l\u00edmit perqu\u00e8 t\u00e9 m\u00e9s de 30 anys\u201d. \u201cNom\u00e9s tenim un pou d&#8217;aigua, per desgr\u00e0cia fa dos anys ja va`rem patir un problema de sequera perqu\u00e8 tenim moltes fugides, hem d&#8217;intentar tapar-les perqu\u00e8 l&#8217;aigua no es perda\u201d, ha esgrimit l&#8217;alcalde, al mateix temps que ha agra\u00eft el suport de la Diputaci\u00f3 quan es va assecar el pou: \u201cgr\u00e0cies a la instituci\u00f3 provincial vam tindre aigua, tenim aigua gr\u00e0cies a l&#8217;esfor\u00e7 econ\u00f2mic que va fer la Diputaci\u00f3\u201d.<\/p>\n\n\n\n<p class=\"wp-block-paragraph\">G\u00e1tova t\u00e9 assignats 843.561 euros del Pla Obert d\u2019*Inversions, 167.295 m\u00e9s que en la legislatura anterior. \u201cG\u00e1tova si no tinguera el Pla Obert no podria fer res\u201d, ha assegurat Salmer\u00f3n, qui ha destacat la necessitat d&#8217;estes obres i la impossibilitat de dur-les a terme sense la Diputaci\u00f3: \u201cvivim en un entorn privilegiat com \u00e9s la Serra Calderona, espai protegit, per\u00f2 no tenim ind\u00fastria ni podem tindre-la i els nostres \u00fanics ingressos s\u00f3n els impostos municipals. Estes obres obres s\u00f3n necess\u00e0ries perqu\u00e8 si no tenim pistes esportives els j\u00f3vens no es queden a G\u00e1tova, si no tenim piscina el turisme a l&#8217;estiu s&#8217;apaga i el carrer Calvari \u00e9s el m\u00e9s poblat del municipi i el que m\u00e9s abandonat estava\u201d.<\/p>\n\n\n\n<p class=\"wp-block-paragraph\">En la mateixa l\u00ednia, ha qualificat el Pla Obert com \u201cuna oportunitat hist\u00f2rica per als ajuntaments com el nostre\u201d. \u201cAbans feies el projecte i estaves una legislatura per a fer l&#8217;obra; ara pots ampliar-lo o modificar-lo durant tota la legislatura, una flexibilitat que, en el nostre cas, est\u00e0 fent possible dur a terme els projectes\u201d. Finalment, ha titllat la reuni\u00f3 amb el president d\u2019\u201c\u00f2ptima\u201d perqu\u00e8 s&#8217;ha mostrat \u201cmolt col\u00b7laborador\u201d.<\/p>\n\n\n\n<p class=\"wp-block-paragraph\">Per part seua, Vicent Momp\u00f3, ha lloat el treball de G\u00e1tova per a posar en marxa estes millores. \u201cEl Pla Obert est\u00e0 pensat per a aix\u00f2, per a avan\u00e7ar en projectes del cicle integral i infraestructures esportives, entre altres, per a millorar la qualitat de vida de la ciutadania\u201d, ha afirmat Momp\u00f3, qui ha explicat que en el cas de G\u00e1tova, \u201ccom a poble xicotet, en un entorn natural protegit, \u00e9s imprescindible millorar els servicis per a retindre a la poblaci\u00f3 i atraure turisme que reactive la seua economia\u201d. \u201c\u00c9s evident que sense l&#8217;ajuda de la Diputaci\u00f3 no podrien i per aix\u00f2 totes les nostres decisions tenen molt en compte com poder fer costat als municipis que m\u00e9s ho necessiten\u201d, ha concl\u00f2s.<\/p>\n","protected":false},"excerpt":{"rendered":"<div class=\"mh-excerpt\">El president de la Diputaci\u00f3 de Val\u00e8ncia, Vicent Momp\u00f3, es reunix amb l&#8217;alcalde del municipi del Camp de T\u00faria, Jes\u00fas Salmer\u00f3n G\u00e1tova t\u00e9 assignats 843.561 euros del Pla Obert d\u2019Inversions, 167.295 m\u00e9s que en la <a class=\"mh-excerpt-more\" href=\"https:\/\/tucomarca.whitekongsoftware.com\/ca\/la-diputacio-restaura-el-fronto-i-la-piscina-de-gatova-amb-quasi-600-000-euros\/\" title=\"La Diputaci\u00f3 restaura el front\u00f3 i la piscina de G\u00e1tova amb quasi 600.000 euros\u00a0\">[+] <\/a><\/div>\n","protected":false},"author":12,"featured_media":304343,"comment_status":"closed","ping_status":"open","sticky":false,"template":"","format":"standard","meta":{"footnotes":""},"categories":[10892,10898,10929,10948,10894,10947,10896],"tags":[10899,11246,15523],"class_list":["post-304345","post","type-post","status-publish","format-standard","has-post-thumbnail","category-camp-de-turia-ca","category-ventana-ca","category-gatova-ca","category-infraestructuras-ca","category-la-comarca-ca","category-politica","category-seccion-ca","tag-camp-de-turia-ca","tag-diputacio-de-valencia-ca","tag-gatova-ca"],"_links":{"self":[{"href":"https:\/\/tucomarca.whitekongsoftware.com\/ca\/wp-json\/wp\/v2\/posts\/304345","targetHints":{"allow":["GET"]}}],"collection":[{"href":"https:\/\/tucomarca.whitekongsoftware.com\/ca\/wp-json\/wp\/v2\/posts"}],"about":[{"href":"https:\/\/tucomarca.whitekongsoftware.com\/ca\/wp-json\/wp\/v2\/types\/post"}],"author":[{"embeddable":true,"href":"https:\/\/tucomarca.whitekongsoftware.com\/ca\/wp-json\/wp\/v2\/users\/12"}],"replies":[{"embeddable":true,"href":"https:\/\/tucomarca.whitekongsoftware.com\/ca\/wp-json\/wp\/v2\/comments?post=304345"}],"version-history":[{"count":0,"href":"https:\/\/tucomarca.whitekongsoftware.com\/ca\/wp-json\/wp\/v2\/posts\/304345\/revisions"}],"wp:featuredmedia":[{"embeddable":true,"href":"https:\/\/tucomarca.whitekongsoftware.com\/ca\/wp-json\/wp\/v2\/media\/304343"}],"wp:attachment":[{"href":"https:\/\/tucomarca.whitekongsoftware.com\/ca\/wp-json\/wp\/v2\/media?parent=304345"}],"wp:term":[{"taxonomy":"category","embeddable":true,"href":"https:\/\/tucomarca.whitekongsoftware.com\/ca\/wp-json\/wp\/v2\/categories?post=304345"},{"taxonomy":"post_tag","embeddable":true,"href":"https:\/\/tucomarca.whitekongsoftware.com\/ca\/wp-json\/wp\/v2\/tags?post=304345"}],"curies":[{"name":"wp","href":"https:\/\/api.w.org\/{rel}","templated":true}]}}