{"id":304337,"date":"2026-06-04T12:00:00","date_gmt":"2026-06-04T10:00:00","guid":{"rendered":"https:\/\/www.tucomarca.com\/wordpress\/segunda\/?p=304337"},"modified":"2026-06-04T19:05:58","modified_gmt":"2026-06-04T17:05:58","slug":"la-jutgessa-de-la-dana-deixa-sense-efecte-la-citacio-de-carlos-mazon-com-a-testimoni","status":"publish","type":"post","link":"https:\/\/tucomarca.whitekongsoftware.com\/ca\/la-jutgessa-de-la-dana-deixa-sense-efecte-la-citacio-de-carlos-mazon-com-a-testimoni\/","title":{"rendered":"La jutgessa de la DANA deixa sense efecte la citaci\u00f3 de Carlos Maz\u00f3n com a testimoni"},"content":{"rendered":"\n<p class=\"wp-block-paragraph\">Tal com ha transcendit aquest dijous, la magistrada del Tribunal d&#8217;Inst\u00e0ncia de Catarroja que instrueix la causa per la gesti\u00f3 de la DANA del passat 29 d&#8217;octubre de 2024 ha acordat deixar sense efecte la declaraci\u00f3 testifical del expresident de la Generalitat Valenciana, Carlos Maz\u00f3n que havia acordat pr\u00e8viament.<\/p>\n\n\n\n<p class=\"wp-block-paragraph\">Tal com han informat des del Tribunal Superior de Just\u00edcia de la Comunitat Valenciana en un comunicat, la instructora ha adoptat aquesta decisi\u00f3 a la vista de l&#8217;acte de l&#8217;Audi\u00e8ncia de Val\u00e8ncia, conegut ahir, que estima el recurs d&#8217;apel\u00b7laci\u00f3 de Maz\u00f3n i admet la seua personaci\u00f3 en la causa.<\/p>\n\n\n\n<p class=\"wp-block-paragraph\">La Secci\u00f3 Segona de l&#8217;Audi\u00e8ncia Provincial ent\u00e9n que hi ha dilig\u00e8ncies pendents &#8220;encara d&#8217;oferir resultats amb aptitud per a aportar informaci\u00f3 que pogueren permetre una inculpaci\u00f3 futura&#8221; de Carlos Maz\u00f3n, motiu pel qual va considerar pertinent la seua personaci\u00f3.<\/p>\n","protected":false},"excerpt":{"rendered":"<div class=\"mh-excerpt\">Tal com ha transcendit aquest dijous, la magistrada del Tribunal d&#8217;Inst\u00e0ncia de Catarroja que instrueix la causa per la gesti\u00f3 de la DANA del passat 29 d&#8217;octubre de 2024 ha acordat deixar sense efecte la <a class=\"mh-excerpt-more\" href=\"https:\/\/tucomarca.whitekongsoftware.com\/ca\/la-jutgessa-de-la-dana-deixa-sense-efecte-la-citacio-de-carlos-mazon-com-a-testimoni\/\" title=\"La jutgessa de la DANA deixa sense efecte la citaci\u00f3 de Carlos Maz\u00f3n com a testimoni\">[+] <\/a><\/div>\n","protected":false},"author":1,"featured_media":270775,"comment_status":"closed","ping_status":"open","sticky":false,"template":"","format":"standard","meta":{"footnotes":""},"categories":[21466,10898,10948,10894,10904,10903,10947,10896,10897],"tags":[18807,15409,11199],"class_list":["post-304337","post","type-post","status-publish","format-standard","has-post-thumbnail","category-dana-ca","category-ventana-ca","category-infraestructuras-ca","category-la-comarca-ca","category-sin-categorizar-ca","category-medio-ambiente-la-comarca-ca","category-politica","category-seccion-ca","category-sucesos-la-comarca-ca","tag-carlos-mazon-ca","tag-dana-2-ca","tag-la-comunitat-ca"],"_links":{"self":[{"href":"https:\/\/tucomarca.whitekongsoftware.com\/ca\/wp-json\/wp\/v2\/posts\/304337","targetHints":{"allow":["GET"]}}],"collection":[{"href":"https:\/\/tucomarca.whitekongsoftware.com\/ca\/wp-json\/wp\/v2\/posts"}],"about":[{"href":"https:\/\/tucomarca.whitekongsoftware.com\/ca\/wp-json\/wp\/v2\/types\/post"}],"author":[{"embeddable":true,"href":"https:\/\/tucomarca.whitekongsoftware.com\/ca\/wp-json\/wp\/v2\/users\/1"}],"replies":[{"embeddable":true,"href":"https:\/\/tucomarca.whitekongsoftware.com\/ca\/wp-json\/wp\/v2\/comments?post=304337"}],"version-history":[{"count":0,"href":"https:\/\/tucomarca.whitekongsoftware.com\/ca\/wp-json\/wp\/v2\/posts\/304337\/revisions"}],"wp:featuredmedia":[{"embeddable":true,"href":"https:\/\/tucomarca.whitekongsoftware.com\/ca\/wp-json\/wp\/v2\/media\/270775"}],"wp:attachment":[{"href":"https:\/\/tucomarca.whitekongsoftware.com\/ca\/wp-json\/wp\/v2\/media?parent=304337"}],"wp:term":[{"taxonomy":"category","embeddable":true,"href":"https:\/\/tucomarca.whitekongsoftware.com\/ca\/wp-json\/wp\/v2\/categories?post=304337"},{"taxonomy":"post_tag","embeddable":true,"href":"https:\/\/tucomarca.whitekongsoftware.com\/ca\/wp-json\/wp\/v2\/tags?post=304337"}],"curies":[{"name":"wp","href":"https:\/\/api.w.org\/{rel}","templated":true}]}}