{"id":304334,"date":"2026-06-04T11:00:00","date_gmt":"2026-06-04T09:00:00","guid":{"rendered":"https:\/\/www.tucomarca.com\/wordpress\/segunda\/?p=304334"},"modified":"2026-06-04T20:22:37","modified_gmt":"2026-06-04T18:22:37","slug":"lajuntament-de-xest-finalitza-la-primera-fase-dobres-de-reparacio-de-poliesportiu","status":"publish","type":"post","link":"https:\/\/tucomarca.whitekongsoftware.com\/ca\/lajuntament-de-xest-finalitza-la-primera-fase-dobres-de-reparacio-de-poliesportiu\/","title":{"rendered":"L&#8217;Ajuntament de Xest finalitza la primera fase d&#8217;obres de reparaci\u00f3 de poliesportiu"},"content":{"rendered":"\n<h3 class=\"wp-block-heading\">La inversi\u00f3, finan\u00e7ada pel Ministeri de Joventut i Inf\u00e0ncia ha ascendit a 429.670,06 euros i s&#8217;han executat entre octubre de 2025 i maig de 2026.<\/h3>\n\n\n\n<h3 class=\"wp-block-heading\">La segona fase comprendr\u00e0 la posada a punt de la piscina i el desbrossament de l&#8217;arbreda.<\/h3>\n\n\n\n<p class=\"wp-block-paragraph\">L&#8217;Ajuntament de Xest ha concl\u00f2s la primera fase d&#8217;obres de reparaci\u00f3 dels danys ocasionats per la DANA registrada entre el 29 d&#8217;octubre de 2024 en el poliesportiu municipal, una actuaci\u00f3 que ha perm\u00e9s recuperar la funcionalitat de les instal\u00b7lacions esportives clau per al municipi.<\/p>\n\n\n\n<p class=\"wp-block-paragraph\">Les obres, promogudes pel propi Ajuntament i finan\u00e7ades a trav\u00e9s de les subvencions del Ministeri de Joventut i Inf\u00e0ncia destinades a entitats locals afectades per aquest episodi meteorol\u00f2gic, han suposat una inversi\u00f3 total de 429.670,06 euros i s&#8217;han executat entre octubre de 2025 i maig de 2026.<\/p>\n\n\n\n<p class=\"wp-block-paragraph\">Els treballs han sigut adjudicats a l&#8217;empresa Avant Gestio T\u00e8cnica, S.L. i han abordat de manera integral els m\u00faltiples desperfectes ocasionats per les intenses pluges, que van afectar tant estructures com a equipaments i espais esportius. Entre les principals actuacions realitzades destaquen la reparaci\u00f3 de desperfectes de vestuaris, la reparaci\u00f3 pistes de p\u00e0del i la impermeabilitzaci\u00f3 de la coberta del front\u00f3 i del pavell\u00f3.<\/p>\n\n\n\n<p class=\"wp-block-paragraph\">Aix\u00ed mateix, s&#8217;han reparat clivelles i despreniments en el front\u00f3 exterior, s&#8217;han condicionat murs afectats per humitats, i s&#8217;ha renovat el paviment de la sala fitnes. Tamb\u00e9 s&#8217;han dut a terme millores preventives per a evitar futures filtracions, com la instal\u00b7laci\u00f3 de reixetes de drenatge i l&#8217;ampliaci\u00f3 de l\u00ednies de vida en cobertes per a facilitar les labors de manteniment.<\/p>\n\n\n\n<p class=\"wp-block-paragraph\">L&#8217;alcalde de Xest, Jos\u00e9 Morell, ha valorat positivament la finalitzaci\u00f3 d&#8217;aquesta primera fase de les obres: \u201cdes del primer moment ens marquem com a prioritat recuperar com m\u00e9s prompte millor totes les instal\u00b7lacions afectades per la DANA. Hui podem dir que estem molt prop de completar eixe objectiu en tot el municipi\u201d. En les pr\u00f2ximes setmanes es procedir\u00e0 a la posada a punt de la piscina municipal, que l&#8217;any passat es va poder posar en marxa gr\u00e0cies a l&#8217;ajuda de Dorna, i el desbrossament de l&#8217;arbreda.<\/p>\n\n\n\n<p class=\"wp-block-paragraph\">Aix\u00f2 ser\u00e0 el pas previ per a la renovaci\u00f3 integral tant de la piscina com de l&#8217;arbreda. En el cas de la piscina les obres, que arrancaran al setembre, ja han sigut licitades i adjudicades, i seran sufragades amb una ajuda del Ministeri de Pol\u00edtica Territorial.<\/p>\n","protected":false},"excerpt":{"rendered":"<div class=\"mh-excerpt\">La inversi\u00f3, finan\u00e7ada pel Ministeri de Joventut i Inf\u00e0ncia ha ascendit a 429.670,06 euros i s&#8217;han executat entre octubre de 2025 i maig de 2026. La segona fase comprendr\u00e0 la posada a punt de la <a class=\"mh-excerpt-more\" href=\"https:\/\/tucomarca.whitekongsoftware.com\/ca\/lajuntament-de-xest-finalitza-la-primera-fase-dobres-de-reparacio-de-poliesportiu\/\" title=\"L&#8217;Ajuntament de Xest finalitza la primera fase d&#8217;obres de reparaci\u00f3 de poliesportiu\">[+] <\/a><\/div>\n","protected":false},"author":12,"featured_media":304333,"comment_status":"closed","ping_status":"open","sticky":false,"template":"","format":"standard","meta":{"footnotes":""},"categories":[11003,10948,10894,10912,10903,11009,10947,10896,10974],"tags":[11071,10914,24489],"class_list":["post-304334","post","type-post","status-publish","format-standard","has-post-thumbnail","category-sports","category-infraestructuras-ca","category-la-comarca-ca","category-la-hoya-ca","category-medio-ambiente-la-comarca-ca","category-polideportivo-ca","category-politica","category-seccion-ca","category-cheste-ca","tag-cheste","tag-la-hoya-de-bunol-chiva-ca","tag-obras-polideportivo"],"_links":{"self":[{"href":"https:\/\/tucomarca.whitekongsoftware.com\/ca\/wp-json\/wp\/v2\/posts\/304334","targetHints":{"allow":["GET"]}}],"collection":[{"href":"https:\/\/tucomarca.whitekongsoftware.com\/ca\/wp-json\/wp\/v2\/posts"}],"about":[{"href":"https:\/\/tucomarca.whitekongsoftware.com\/ca\/wp-json\/wp\/v2\/types\/post"}],"author":[{"embeddable":true,"href":"https:\/\/tucomarca.whitekongsoftware.com\/ca\/wp-json\/wp\/v2\/users\/12"}],"replies":[{"embeddable":true,"href":"https:\/\/tucomarca.whitekongsoftware.com\/ca\/wp-json\/wp\/v2\/comments?post=304334"}],"version-history":[{"count":0,"href":"https:\/\/tucomarca.whitekongsoftware.com\/ca\/wp-json\/wp\/v2\/posts\/304334\/revisions"}],"wp:featuredmedia":[{"embeddable":true,"href":"https:\/\/tucomarca.whitekongsoftware.com\/ca\/wp-json\/wp\/v2\/media\/304333"}],"wp:attachment":[{"href":"https:\/\/tucomarca.whitekongsoftware.com\/ca\/wp-json\/wp\/v2\/media?parent=304334"}],"wp:term":[{"taxonomy":"category","embeddable":true,"href":"https:\/\/tucomarca.whitekongsoftware.com\/ca\/wp-json\/wp\/v2\/categories?post=304334"},{"taxonomy":"post_tag","embeddable":true,"href":"https:\/\/tucomarca.whitekongsoftware.com\/ca\/wp-json\/wp\/v2\/tags?post=304334"}],"curies":[{"name":"wp","href":"https:\/\/api.w.org\/{rel}","templated":true}]}}