{"id":304299,"date":"2026-06-03T09:10:00","date_gmt":"2026-06-03T07:10:00","guid":{"rendered":"https:\/\/www.tucomarca.com\/wordpress\/segunda\/?p=304299"},"modified":"2026-06-03T21:33:05","modified_gmt":"2026-06-03T19:33:05","slug":"la-diputacio-reforca-la-difusio-de-la-memoria-democratica-i-els-drets-humans-en-137-biblioteques-municipals","status":"publish","type":"post","link":"https:\/\/tucomarca.whitekongsoftware.com\/ca\/la-diputacio-reforca-la-difusio-de-la-memoria-democratica-i-els-drets-humans-en-137-biblioteques-municipals\/","title":{"rendered":"La Diputaci\u00f3 refor\u00e7a la difusi\u00f3 de la mem\u00f2ria democr\u00e0tica i els drets humans en 137 biblioteques municipals"},"content":{"rendered":"\n<h3 class=\"wp-block-heading\">La delegaci\u00f3 que dirigix la vicepresidenta Nat\u00e0lia Enguix impulsa una nova edici\u00f3 de \u2018La Mem\u00f2ria a les Biblioteques\u2019 amb el repartiment d&#8217;un lot de 13 llibres. \u201cL&#8217;objectiu \u00e9s crear espais de coneixement i conviv\u00e8ncia\u201d.<\/h3>\n\n\n\n<h3 class=\"wp-block-heading\">Entre les obres es troben \u2018Derechos Humanos\u2019, \u2018La naci\u00f3n viril\u2019, \u2018Laboratorios de Democracia\u2019, \u2018El otro mundo\u2019, \u2018Los ojos de Mosc\u00fa\u2019 i les hist\u00f2ries d&#8217;Enric Moret i Isidro Escandell. S&#8217;han repartit 14.000 volums en una d\u00e8cada.<\/h3>\n\n\n\n<p class=\"wp-block-paragraph\">La Diputaci\u00f3 de Val\u00e8ncia impulsa una nova edici\u00f3 del programa \u2018La Mem\u00f2ria a les Biblioteques\u2019 per a acostar la cultura democr\u00e0tica i els drets humans als municipis de la prov\u00edncia. A trav\u00e9s de la xarxa de biblioteques municipals, la delegaci\u00f3 de Mem\u00f2ria Democr\u00e0tica que dirigix la vicepresidenta Nat\u00e0lia Enguix acosta a la ciutadania obres relacionades amb la cultura c\u00edvica i la reflexi\u00f3 sobre la democr\u00e0cia. El nou lot consta de 13 llibres que arribaran a les 137 biblioteques adherides, un total de 1.781 volums que, sumats als d&#8217;anteriors edicions, superen els 14.000.<\/p>\n\n\n\n<p class=\"wp-block-paragraph\">La vicepresidenta Enguix, que en la present legislatura ha refor\u00e7at la part did\u00e0ctica i educativa en les pol\u00edtiques de mem\u00f2ria de la Diputaci\u00f3, destaca \u201cla implicaci\u00f3 amb els valors democr\u00e0tics, l&#8217;acc\u00e9s a la cultura i l&#8217;enfortiment de les biblioteques p\u00fabliques com a espais de coneixement, di\u00e0leg i conviv\u00e8ncia\u201d. La responsable provincial explica l&#8217;objectiu d&#8217;un projecte ja consolidat: \u201cvolem que el patrimoni documental i la mem\u00f2ria hist\u00f2rica arriben a totes les persones, sense importar la grand\u00e0ria del municipi que habiten\u201d. En la present edici\u00f3 s&#8217;han sumat a la iniciativa Almussafes i Chiva.<\/p>\n\n\n\n<p class=\"wp-block-paragraph\">Amb una inversi\u00f3 de 17.000 euros, la Diputaci\u00f3 difon un lot amb 13 nous t\u00edtols, entre els quals destaquen \u2018Derechos Humanos\u2019, de Yago Herrero i Luis de Mano; \u2018La naci\u00f3n viril\u2019, de Zira Box; \u2018Laboratorios de Democracia\u2019, de la Fundaci\u00f3 Baltasar Garz\u00f3n i la Diputaci\u00f3; \u2018Memoria, escuela y democracia\u2019, de V\u00edctor Mayoral; \u2018El otro mundo\u2019, d&#8217;Enrique Bonet i Joaqu\u00edn L\u00f3pez Cruces; \u2018Los ojos de Mosc\u00fa\u2019, de Carles Senso; \u2018Isidro Escandell. El sembrador de ideas\u2019, d&#8217;Antonio Laguna; \u2018Luis Vidal Corella. Cr\u00f2nica fotogr\u00e0fica de la postguerra a Val\u00e8ncia; i \u2018Enric Moret. La mem\u00f2ria del marbre\u2019, de Josep Franco, guanyador del premi Mar\u00eda la Jabalina convocat per la pr\u00f2pia Diputaci\u00f3.<\/p>\n\n\n\n<p class=\"wp-block-paragraph\">La diputada de Mem\u00f2ria Democr\u00e0tica posa en valor la col\u00b7laboraci\u00f3 institucional amb entitats culturals i acad\u00e8miques en el desenvolupament del programa. En opini\u00f3 de Nat\u00e0lia Enguix, \u201cla col\u00b7laboraci\u00f3 amb universitats, institucions i ajuntaments \u00e9s clau per a ampliar l&#8217;acc\u00e9s i enriquir les col\u00b7leccions locals\u201d. En els \u00faltims 10 anys, la corporaci\u00f3 ha dif\u00f3s m\u00e9s de 130 t\u00edtols sobre mem\u00f2ria i drets humans per tots els racons de la prov\u00edncia, en col\u00b7laboraci\u00f3 amb diferents editorials i la Instituci\u00f3 Alfons el Magn\u00e0nim, editorial de la Diputaci\u00f3.<\/p>\n\n\n\n<p class=\"wp-block-paragraph\">Els municipis poden adherir-se de manera gratu\u00efta al programa, i \u00e9s la delegaci\u00f3 de Mem\u00f2ria la que contacta amb alcaldes, alcaldesses i t\u00e8cnics de cultura per a oferir-los la possibilitat de sumar-se a la iniciativa. La Mem\u00f2ria a les Biblioteques pot consultar-se en el portal de la Diputaci\u00f3, a trav\u00e9s de l&#8217;enlla\u00e7 <a href=\"https:\/\/memoriahistorica.dival.es\/programas\/la-memoria-en-las-bibliotecas\/\">https:\/\/memoriahistorica.dival.es\/programas\/la-memoria-en-las-bibliotecas\/<\/a><\/p>\n","protected":false},"excerpt":{"rendered":"<div class=\"mh-excerpt\">La delegaci\u00f3 que dirigix la vicepresidenta Nat\u00e0lia Enguix impulsa una nova edici\u00f3 de \u2018La Mem\u00f2ria a les Biblioteques\u2019 amb el repartiment d&#8217;un lot de 13 llibres. \u201cL&#8217;objectiu \u00e9s crear espais de coneixement i conviv\u00e8ncia\u201d. Entre <a class=\"mh-excerpt-more\" href=\"https:\/\/tucomarca.whitekongsoftware.com\/ca\/la-diputacio-reforca-la-difusio-de-la-memoria-democratica-i-els-drets-humans-en-137-biblioteques-municipals\/\" title=\"La Diputaci\u00f3 refor\u00e7a la difusi\u00f3 de la mem\u00f2ria democr\u00e0tica i els drets humans en 137 biblioteques municipals\">[+] <\/a><\/div>\n","protected":false},"author":12,"featured_media":304298,"comment_status":"closed","ping_status":"open","sticky":false,"template":"","format":"standard","meta":{"footnotes":""},"categories":[10898,10948,10894,10904,11007,10947,10896],"tags":[21823,24485,11246,16620],"class_list":["post-304299","post","type-post","status-publish","format-standard","has-post-thumbnail","category-ventana-ca","category-infraestructuras-ca","category-la-comarca-ca","category-sin-categorizar-ca","category-ocio-y-cultura-ca","category-politica","category-seccion-ca","tag-bibliotecas-municipales-ca","tag-derechos-humanos","tag-diputacio-de-valencia-ca","tag-memoria-democratica-ca"],"_links":{"self":[{"href":"https:\/\/tucomarca.whitekongsoftware.com\/ca\/wp-json\/wp\/v2\/posts\/304299","targetHints":{"allow":["GET"]}}],"collection":[{"href":"https:\/\/tucomarca.whitekongsoftware.com\/ca\/wp-json\/wp\/v2\/posts"}],"about":[{"href":"https:\/\/tucomarca.whitekongsoftware.com\/ca\/wp-json\/wp\/v2\/types\/post"}],"author":[{"embeddable":true,"href":"https:\/\/tucomarca.whitekongsoftware.com\/ca\/wp-json\/wp\/v2\/users\/12"}],"replies":[{"embeddable":true,"href":"https:\/\/tucomarca.whitekongsoftware.com\/ca\/wp-json\/wp\/v2\/comments?post=304299"}],"version-history":[{"count":0,"href":"https:\/\/tucomarca.whitekongsoftware.com\/ca\/wp-json\/wp\/v2\/posts\/304299\/revisions"}],"wp:featuredmedia":[{"embeddable":true,"href":"https:\/\/tucomarca.whitekongsoftware.com\/ca\/wp-json\/wp\/v2\/media\/304298"}],"wp:attachment":[{"href":"https:\/\/tucomarca.whitekongsoftware.com\/ca\/wp-json\/wp\/v2\/media?parent=304299"}],"wp:term":[{"taxonomy":"category","embeddable":true,"href":"https:\/\/tucomarca.whitekongsoftware.com\/ca\/wp-json\/wp\/v2\/categories?post=304299"},{"taxonomy":"post_tag","embeddable":true,"href":"https:\/\/tucomarca.whitekongsoftware.com\/ca\/wp-json\/wp\/v2\/tags?post=304299"}],"curies":[{"name":"wp","href":"https:\/\/api.w.org\/{rel}","templated":true}]}}