{"id":304239,"date":"2026-06-03T10:15:00","date_gmt":"2026-06-03T08:15:00","guid":{"rendered":"https:\/\/www.tucomarca.com\/wordpress\/segunda\/?p=304239"},"modified":"2026-06-03T18:52:26","modified_gmt":"2026-06-03T16:52:26","slug":"la-diputacio-de-valencia-analitza-com-implantar-el-turisme-intelligent-en-els-municipis-de-la-provincia","status":"publish","type":"post","link":"https:\/\/tucomarca.whitekongsoftware.com\/ca\/la-diputacio-de-valencia-analitza-com-implantar-el-turisme-intelligent-en-els-municipis-de-la-provincia\/","title":{"rendered":"La Diputaci\u00f3 de Val\u00e8ncia analitza com implantar el turisme intel\u00b7ligent en els municipis de la prov\u00edncia\u00a0"},"content":{"rendered":"\n<h3 class=\"wp-block-heading\">L&#8217;\u00e0rea de Turisme que dirigix el diputat Pedro Cuesta participa en el Encuentro de Gestores DTI (Destinacions Tur\u00edstiques Intel\u00b7ligents) organitzat per SEGITTUR a Vitoria.<\/h3>\n\n\n\n<p class=\"wp-block-paragraph\">La Diputaci\u00f3 de Val\u00e8ncia t\u00e9 com una de les seues prioritats en mat\u00e8ria tur\u00edstica implantar en tots els municipis de la prov\u00edncia un model de turisme intel\u00b7ligent, sostenible, connectat i orientat a les persones. Estes q\u00fcestions han sigut analitzades durant el Encuentro de Gestores de la Red de Destinos Tur\u00edsticos Inteligentes (DTI), celebrat en el Palacio de Congresos Europa de Vitoria i organitzat per SEGITTUR, en el qual ha participat l&#8217;\u00e0rea de Turisme que dirigix el diputat Pedro Cuesta. Durant l&#8217;esdeveniment, que reunix professionals i responsables p\u00fablics de l&#8217;\u00e0mbit tur\u00edstic de tota Espa\u00f1a, s&#8217;ha debatut sobre com avan\u00e7ar cap a esta mena de model tur\u00edstic.<\/p>\n\n\n\n<p class=\"wp-block-paragraph\">La prov\u00edncia de Val\u00e8ncia ha estat representada en l\u2019encontre a trav\u00e9s de la Diputaci\u00f3 de Val\u00e8ncia i l&#8217;Ajuntament de Riba-roja de T\u00faria, que han participat en la sessi\u00f3 moderada per Laura Flores, directora de Desenvolupament de Negoci i Noves Tecnologies de SEGITTUR, per a abordar com la transformaci\u00f3 digital tur\u00edstica pot adaptar-se tant a grans ciutats com a municipis mitjans o xicotets. A l&#8217;esdeveniment han assistit representants del Centre de Turisme i del Departament de Desenvolupament Territorial Sostenible, Inform\u00e0tica i Modernitzaci\u00f3 de la Diputaci\u00f3 de Val\u00e8ncia, aix\u00ed com de l&#8217;\u00e0rea de Turisme de l&#8217;Ajuntament de Riba-roja de T\u00faria.<\/p>\n\n\n\n<p class=\"wp-block-paragraph\">Els representants de la corporaci\u00f3 provincial i del municipi han posat el focus en el model de governan\u00e7a, acompanyament t\u00e8cnic i coordinaci\u00f3 necessari entre administracions per a impulsar la implantaci\u00f3 de ferramentes de gesti\u00f3 intel\u00b7ligent del dest\u00ed. Tamb\u00e9 han abordat alguns dels canvis interns que este proc\u00e9s est\u00e0 generant en la gesti\u00f3 municipal, especialment en aspectes relacionats amb el treball transversal entre \u00e0rees, l&#8217;organitzaci\u00f3 de la informaci\u00f3 i la presa de decisions basada en dades.<\/p>\n\n\n\n<p class=\"wp-block-paragraph\">L&#8217;edici\u00f3 d&#8217;este any del f\u00f2rum de refer\u00e8ncia nacional s&#8217;ha celebrat baix el lema \u2018Persones que fan destins. La intel\u00b7lig\u00e8ncia que transforma el turisme\u2019 i ha reunit a m\u00e9s de 185 professionals procedents de prop d&#8217;un centenar de destinacions tur\u00edstiques del pa\u00eds.<\/p>\n","protected":false},"excerpt":{"rendered":"<div class=\"mh-excerpt\">L&#8217;\u00e0rea de Turisme que dirigix el diputat Pedro Cuesta participa en el Encuentro de Gestores DTI (Destinacions Tur\u00edstiques Intel\u00b7ligents) organitzat per SEGITTUR a Vitoria. La Diputaci\u00f3 de Val\u00e8ncia t\u00e9 com una de les seues prioritats <a class=\"mh-excerpt-more\" href=\"https:\/\/tucomarca.whitekongsoftware.com\/ca\/la-diputacio-de-valencia-analitza-com-implantar-el-turisme-intelligent-en-els-municipis-de-la-provincia\/\" title=\"La Diputaci\u00f3 de Val\u00e8ncia analitza com implantar el turisme intel\u00b7ligent en els municipis de la prov\u00edncia\u00a0\">[+] <\/a><\/div>\n","protected":false},"author":12,"featured_media":304235,"comment_status":"closed","ping_status":"open","sticky":false,"template":"","format":"standard","meta":{"footnotes":""},"categories":[10898,10894,10904,11007,10896],"tags":[24481,11246,18066],"class_list":["post-304239","post","type-post","status-publish","format-standard","has-post-thumbnail","category-ventana-ca","category-la-comarca-ca","category-sin-categorizar-ca","category-ocio-y-cultura-ca","category-seccion-ca","tag-destinos-turisticos-inteligentes","tag-diputacio-de-valencia-ca","tag-valencia-turisme-2-ca"],"_links":{"self":[{"href":"https:\/\/tucomarca.whitekongsoftware.com\/ca\/wp-json\/wp\/v2\/posts\/304239","targetHints":{"allow":["GET"]}}],"collection":[{"href":"https:\/\/tucomarca.whitekongsoftware.com\/ca\/wp-json\/wp\/v2\/posts"}],"about":[{"href":"https:\/\/tucomarca.whitekongsoftware.com\/ca\/wp-json\/wp\/v2\/types\/post"}],"author":[{"embeddable":true,"href":"https:\/\/tucomarca.whitekongsoftware.com\/ca\/wp-json\/wp\/v2\/users\/12"}],"replies":[{"embeddable":true,"href":"https:\/\/tucomarca.whitekongsoftware.com\/ca\/wp-json\/wp\/v2\/comments?post=304239"}],"version-history":[{"count":0,"href":"https:\/\/tucomarca.whitekongsoftware.com\/ca\/wp-json\/wp\/v2\/posts\/304239\/revisions"}],"wp:featuredmedia":[{"embeddable":true,"href":"https:\/\/tucomarca.whitekongsoftware.com\/ca\/wp-json\/wp\/v2\/media\/304235"}],"wp:attachment":[{"href":"https:\/\/tucomarca.whitekongsoftware.com\/ca\/wp-json\/wp\/v2\/media?parent=304239"}],"wp:term":[{"taxonomy":"category","embeddable":true,"href":"https:\/\/tucomarca.whitekongsoftware.com\/ca\/wp-json\/wp\/v2\/categories?post=304239"},{"taxonomy":"post_tag","embeddable":true,"href":"https:\/\/tucomarca.whitekongsoftware.com\/ca\/wp-json\/wp\/v2\/tags?post=304239"}],"curies":[{"name":"wp","href":"https:\/\/api.w.org\/{rel}","templated":true}]}}