{"id":304199,"date":"2026-06-02T08:00:00","date_gmt":"2026-06-02T06:00:00","guid":{"rendered":"https:\/\/www.tucomarca.com\/wordpress\/segunda\/?p=304199"},"modified":"2026-06-03T12:26:29","modified_gmt":"2026-06-03T10:26:29","slug":"el-pspv-de-cortes-de-pallas-acusa-el-govern-local-de-inaccio-davant-el-tall-de-la-principal-via-devacuacio-de-la-central-nuclear-i-de-lacces-al-castell-de-chirel","status":"publish","type":"post","link":"https:\/\/tucomarca.whitekongsoftware.com\/ca\/el-pspv-de-cortes-de-pallas-acusa-el-govern-local-de-inaccio-davant-el-tall-de-la-principal-via-devacuacio-de-la-central-nuclear-i-de-lacces-al-castell-de-chirel\/","title":{"rendered":"El PSPV de Cortes de Pall\u00e0s acusa el govern local de \u201cinacci\u00f3 davant el tall de la principal via d&#8217;evacuaci\u00f3 de la central nuclear i de l&#8217;acc\u00e9s al Castell de Chirel\u201d"},"content":{"rendered":"\n<p class=\"wp-block-paragraph\">L&#8217;Agrupaci\u00f3 Local del PSPV-PSOE de Cortes de Pallars ha denunciat p\u00fablicament &#8220;la situaci\u00f3 d&#8217;aband\u00f3 que pateix la principal via d&#8217;evacuaci\u00f3 vinculada a la Central Nuclear de Cofrents, coneguda com PENVA Chirel i de compet\u00e8ncia municipal, aix\u00ed com l&#8217;acc\u00e9s al Castell de Chirel, principal atractiu tur\u00edstic del nostre municipi&#8221;, tal com han manifestat.<\/p>\n\n\n\n<p class=\"wp-block-paragraph\">&#8220;La carretera roman tallada des de fa m\u00e9s de tres mesos a causa dels danys patits en la cal\u00e7ada, sense que fins a la data l&#8217;Ajuntament de Cortes de Pallars haja oferit una soluci\u00f3 efectiva ni un calendari clar per a la seua reparaci\u00f3&#8221;, afigen des del PSPV-PSOE.<\/p>\n\n\n\n<p class=\"wp-block-paragraph\">&#8220;Resulta especialment greu que una infraestructura estrat\u00e8gica per a la seguretat i la mobilitat continue inhabilitada durant tant temps, afectant tant la capacitat d&#8217;evacuaci\u00f3 prevista en els plans d&#8217;emerg\u00e8ncia nuclear, com a l&#8217;activitat tur\u00edstica i econ\u00f2mica del nostre municipi&#8221;, han afegit.<\/p>\n\n\n\n<figure class=\"wp-block-image size-full\"><img loading=\"lazy\" decoding=\"async\" width=\"758\" height=\"531\" src=\"https:\/\/www.tucomarca.com\/wordpress\/segunda\/wp-content\/uploads\/2026\/06\/CortesPENVACHIREL.jpeg\" alt=\"\" class=\"wp-image-304049\" srcset=\"https:\/\/tucomarca.whitekongsoftware.com\/wp-content\/uploads\/2026\/06\/CortesPENVACHIREL.jpeg 758w, https:\/\/tucomarca.whitekongsoftware.com\/wp-content\/uploads\/2026\/06\/CortesPENVACHIREL-300x210.jpeg 300w\" sizes=\"auto, (max-width: 758px) 100vw, 758px\" \/><\/figure>\n\n\n\n<p class=\"wp-block-paragraph\"><\/p>\n\n\n\n<p class=\"wp-block-paragraph\">&#8220;La gravetat de la situaci\u00f3 ha transcendit ja l&#8217;\u00e0mbit local i diversos mitjans de comunicaci\u00f3 provincials i comarcals s&#8217;han fet eco d&#8217;aquest problema, evidenciant la preocupaci\u00f3 que genera l&#8217;aband\u00f3 d&#8217;una infraestructura fonamental per a Cortes de Pallars. Des del PSPV de Cortes de Pallars considerem especialment preocupant que el govern municipal d&#8217;Avenir i Partit Popular no haja sigut capa\u00e7 d&#8217;oferir una resposta a un problema que afecta directament la seguretat de la poblaci\u00f3 i a la imatge tur\u00edstica del municipi&#8221;.<\/p>\n\n\n\n<p class=\"wp-block-paragraph\">&#8220;No parlem \u00fanicament d&#8217;una q\u00fcesti\u00f3 de manteniment. Parlem d&#8217;una via contemplada en els plans d&#8217;emerg\u00e8ncia de la Central Nuclear de Cofrents i de la principal porta d&#8217;acc\u00e9s a un dels enclavaments tur\u00edstics m\u00e9s emblem\u00e0tics de Cortes de Pallars. A m\u00e9s, el tancament d&#8217;aquesta via suposa un perjudici afegit per a l&#8217;economia local, afectant visitants, establiments i oportunitats de desenvolupament per al nostre poble en l&#8217;inici de la temporada tur\u00edstica&#8221;.<\/p>\n\n\n\n<p class=\"wp-block-paragraph\">&#8220;Mentre altres municipis treballen per a millorar les seues infraestructures i potenciar els seus recursos tur\u00edstics, a Cortes de Pallars ens trobem amb una de les nostres principals vies d&#8217;acc\u00e9s i evacuaci\u00f3 tancada durant setmanes sense que el govern municipal haja oferit explicacions convincents ni solucions visibles. Per tot aix\u00f2, exigim a l&#8217;Ajuntament de Cortes de Pallars que actue de manera immediata, prioritze aquesta actuaci\u00f3 i oferisca informaci\u00f3 p\u00fablica sobre l&#8217;estat de l&#8217;expedient, les actuacions previstes i els terminis per a restablir la normalitat&#8221;, han afegit des del PSPV-PSOE.<\/p>\n\n\n\n<p class=\"wp-block-paragraph\">&#8220;La seguretat dels nostres ve\u00efns i ve\u00efnes, aix\u00ed com el futur tur\u00edstic i econ\u00f2mic del nostre municipi, mereixen una gesti\u00f3 responsable, diligent i compromesa amb l&#8217;inter\u00e9s general&#8221;, han finalitzat.<\/p>\n","protected":false},"excerpt":{"rendered":"<div class=\"mh-excerpt\">L&#8217;Agrupaci\u00f3 Local del PSPV-PSOE de Cortes de Pallars ha denunciat p\u00fablicament &#8220;la situaci\u00f3 d&#8217;aband\u00f3 que pateix la principal via d&#8217;evacuaci\u00f3 vinculada a la Central Nuclear de Cofrents, coneguda com PENVA Chirel i de compet\u00e8ncia municipal, <a class=\"mh-excerpt-more\" href=\"https:\/\/tucomarca.whitekongsoftware.com\/ca\/el-pspv-de-cortes-de-pallas-acusa-el-govern-local-de-inaccio-davant-el-tall-de-la-principal-via-devacuacio-de-la-central-nuclear-i-de-lacces-al-castell-de-chirel\/\" title=\"El PSPV de Cortes de Pall\u00e0s acusa el govern local de \u201cinacci\u00f3 davant el tall de la principal via d&#8217;evacuaci\u00f3 de la central nuclear i de l&#8217;acc\u00e9s al Castell de Chirel\u201d\">[+] <\/a><\/div>\n","protected":false},"author":12,"featured_media":304048,"comment_status":"closed","ping_status":"open","sticky":false,"template":"","format":"image","meta":{"footnotes":""},"categories":[10951,10953,10948,10894,10947,10896],"tags":[11230,11934,11625],"class_list":["post-304199","post","type-post","status-publish","format-image","has-post-thumbnail","category-ayora-cofrentes-ca","category-cortes-de-pallas-ca","category-infraestructuras-ca","category-la-comarca-ca","category-politica","category-seccion-ca","tag-cortes-de-pallas-ca","tag-el-valle-de-ayora-cofrentes-ca","tag-pspv-psoe-cortes-de-pallas-ca","post_format-post-format-image"],"_links":{"self":[{"href":"https:\/\/tucomarca.whitekongsoftware.com\/ca\/wp-json\/wp\/v2\/posts\/304199","targetHints":{"allow":["GET"]}}],"collection":[{"href":"https:\/\/tucomarca.whitekongsoftware.com\/ca\/wp-json\/wp\/v2\/posts"}],"about":[{"href":"https:\/\/tucomarca.whitekongsoftware.com\/ca\/wp-json\/wp\/v2\/types\/post"}],"author":[{"embeddable":true,"href":"https:\/\/tucomarca.whitekongsoftware.com\/ca\/wp-json\/wp\/v2\/users\/12"}],"replies":[{"embeddable":true,"href":"https:\/\/tucomarca.whitekongsoftware.com\/ca\/wp-json\/wp\/v2\/comments?post=304199"}],"version-history":[{"count":0,"href":"https:\/\/tucomarca.whitekongsoftware.com\/ca\/wp-json\/wp\/v2\/posts\/304199\/revisions"}],"wp:featuredmedia":[{"embeddable":true,"href":"https:\/\/tucomarca.whitekongsoftware.com\/ca\/wp-json\/wp\/v2\/media\/304048"}],"wp:attachment":[{"href":"https:\/\/tucomarca.whitekongsoftware.com\/ca\/wp-json\/wp\/v2\/media?parent=304199"}],"wp:term":[{"taxonomy":"category","embeddable":true,"href":"https:\/\/tucomarca.whitekongsoftware.com\/ca\/wp-json\/wp\/v2\/categories?post=304199"},{"taxonomy":"post_tag","embeddable":true,"href":"https:\/\/tucomarca.whitekongsoftware.com\/ca\/wp-json\/wp\/v2\/tags?post=304199"}],"curies":[{"name":"wp","href":"https:\/\/api.w.org\/{rel}","templated":true}]}}