{"id":304194,"date":"2026-06-03T09:00:00","date_gmt":"2026-06-03T07:00:00","guid":{"rendered":"https:\/\/www.tucomarca.com\/wordpress\/segunda\/?p=304194"},"modified":"2026-06-03T12:48:02","modified_gmt":"2026-06-03T10:48:02","slug":"vivir-de-cine-clausura-la-seua-edicio-de-2026-amb-la-projeccio-de-i-swear-i-un-homenatge-a-marilyn-monroe","status":"publish","type":"post","link":"https:\/\/tucomarca.whitekongsoftware.com\/ca\/vivir-de-cine-clausura-la-seua-edicio-de-2026-amb-la-projeccio-de-i-swear-i-un-homenatge-a-marilyn-monroe\/","title":{"rendered":"Vivir de Cine clausura la seua edici\u00f3 de 2026 amb la projecci\u00f3 de &#8220;I Swear&#8221; i un homenatge a Marilyn Monroe"},"content":{"rendered":"\n<h3 class=\"wp-block-heading\">El 19 de juny prendr\u00e0 el relleu el festival de curtmetratges &#8220;La noche m\u00e1s corta&#8221;.<\/h3>\n\n\n\n<p class=\"wp-block-paragraph\">El festival <strong>Vivir de Cine Bu\u00f1ol<\/strong> posar\u00e0 el punt final a la seua edici\u00f3 de 2026 este dijous, 4 de juny, amb una jornada especial que combinar\u00e0 cinema i espectacle al <strong>Teatro Montecarlo<\/strong>.<\/p>\n\n\n\n<p class=\"wp-block-paragraph\">La clausura comen\u00e7ar\u00e0 a les <strong>19.30 hores<\/strong> amb una animaci\u00f3 en directe dedicada al centenari del naixement de <strong>Marilyn Monroe<\/strong>, una de les grans icones de la hist\u00f2ria del cinema i referent universal de la gran pantalla.<\/p>\n\n\n\n<p class=\"wp-block-paragraph\">Despr\u00e9s d\u2019este homenatge, el p\u00fablic podr\u00e0 gaudir de la projecci\u00f3 de la pel\u00b7l\u00edcula <strong>&#8220;I Swear&#8221; (Incontrolable)<\/strong>, tancant aix\u00ed una nova edici\u00f3 d\u2019este cicle cinematogr\u00e0fic impulsat per la <strong>Concejal\u00eda de Cultura del Ayuntamiento de Bu\u00f1ol<\/strong>.<\/p>\n\n\n\n<p class=\"wp-block-paragraph\">No obstant aix\u00f2, l\u2019activitat cinematogr\u00e0fica continuar\u00e0 a la localitat el pr\u00f2xim <strong>19 de juny<\/strong> amb la celebraci\u00f3 del festival de curtmetratges <strong>&#8220;La noche m\u00e1s corta&#8221;<\/strong>, una cita ja consolidada dins de la programaci\u00f3 cultural del municipi.<\/p>\n\n\n\n<p class=\"wp-block-paragraph\">Des del seu inici, el passat <strong>30 d\u2019abril<\/strong>, <strong>Vivir de Cine<\/strong> ha acostat el set\u00e9 art al p\u00fablic bu\u00f1olenc mitjan\u00e7ant una variada programaci\u00f3. L\u2019entrada per a la sessi\u00f3 de clausura tindr\u00e0 un preu de <strong>4 euros<\/strong>.<\/p>\n","protected":false},"excerpt":{"rendered":"<div class=\"mh-excerpt\">El 19 de juny prendr\u00e0 el relleu el festival de curtmetratges &#8220;La noche m\u00e1s corta&#8221;. El festival Vivir de Cine Bu\u00f1ol posar\u00e0 el punt final a la seua edici\u00f3 de 2026 este dijous, 4 de <a class=\"mh-excerpt-more\" href=\"https:\/\/tucomarca.whitekongsoftware.com\/ca\/vivir-de-cine-clausura-la-seua-edicio-de-2026-amb-la-projeccio-de-i-swear-i-un-homenatge-a-marilyn-monroe\/\" title=\"Vivir de Cine clausura la seua edici\u00f3 de 2026 amb la projecci\u00f3 de &#8220;I Swear&#8221; i un homenatge a Marilyn Monroe\">[+] <\/a><\/div>\n","protected":false},"author":12,"featured_media":304192,"comment_status":"closed","ping_status":"open","sticky":false,"template":"","format":"standard","meta":{"footnotes":""},"categories":[11019,10911,10894,10912,11007,10896],"tags":[10913,10914,24234],"class_list":["post-304194","post","type-post","status-publish","format-standard","has-post-thumbnail","category-agenda-ca","category-bunol-ca","category-la-comarca-ca","category-la-hoya-ca","category-ocio-y-cultura-ca","category-seccion-ca","tag-bunol-ca","tag-la-hoya-de-bunol-chiva-ca","tag-vivir-de-cine-2026"],"_links":{"self":[{"href":"https:\/\/tucomarca.whitekongsoftware.com\/ca\/wp-json\/wp\/v2\/posts\/304194","targetHints":{"allow":["GET"]}}],"collection":[{"href":"https:\/\/tucomarca.whitekongsoftware.com\/ca\/wp-json\/wp\/v2\/posts"}],"about":[{"href":"https:\/\/tucomarca.whitekongsoftware.com\/ca\/wp-json\/wp\/v2\/types\/post"}],"author":[{"embeddable":true,"href":"https:\/\/tucomarca.whitekongsoftware.com\/ca\/wp-json\/wp\/v2\/users\/12"}],"replies":[{"embeddable":true,"href":"https:\/\/tucomarca.whitekongsoftware.com\/ca\/wp-json\/wp\/v2\/comments?post=304194"}],"version-history":[{"count":0,"href":"https:\/\/tucomarca.whitekongsoftware.com\/ca\/wp-json\/wp\/v2\/posts\/304194\/revisions"}],"wp:featuredmedia":[{"embeddable":true,"href":"https:\/\/tucomarca.whitekongsoftware.com\/ca\/wp-json\/wp\/v2\/media\/304192"}],"wp:attachment":[{"href":"https:\/\/tucomarca.whitekongsoftware.com\/ca\/wp-json\/wp\/v2\/media?parent=304194"}],"wp:term":[{"taxonomy":"category","embeddable":true,"href":"https:\/\/tucomarca.whitekongsoftware.com\/ca\/wp-json\/wp\/v2\/categories?post=304194"},{"taxonomy":"post_tag","embeddable":true,"href":"https:\/\/tucomarca.whitekongsoftware.com\/ca\/wp-json\/wp\/v2\/tags?post=304194"}],"curies":[{"name":"wp","href":"https:\/\/api.w.org\/{rel}","templated":true}]}}