{"id":304110,"date":"2026-06-02T10:35:00","date_gmt":"2026-06-02T08:35:00","guid":{"rendered":"https:\/\/www.tucomarca.com\/wordpress\/segunda\/?p=304110"},"modified":"2026-06-02T18:38:51","modified_gmt":"2026-06-02T16:38:51","slug":"la-diputacio-licita-les-obres-de-millora-de-dos-camins-dinteres-territorial-en-el-rincon-de-ademuz-per-a-millorar-la-connectivitat-de-castielfabib-i-vallanca","status":"publish","type":"post","link":"https:\/\/tucomarca.whitekongsoftware.com\/ca\/la-diputacio-licita-les-obres-de-millora-de-dos-camins-dinteres-territorial-en-el-rincon-de-ademuz-per-a-millorar-la-connectivitat-de-castielfabib-i-vallanca\/","title":{"rendered":"La Diputaci\u00f3 licita les obres de millora de dos camins d&#8217;inter\u00e9s territorial en el Rinc\u00f3n de Ademuz per a millorar la connectivitat de Castielfabib i Vallanca"},"content":{"rendered":"\n<h3 class=\"wp-block-heading\">L&#8217;\u00e0rea de Carreteres que dirigix la vicepresidenta segona Reme Mazzolari invertix m\u00e9s de 800.000 euros en uns treballs que comen\u00e7aran abans de final d&#8217;any.<\/h3>\n\n\n\n<h3 class=\"wp-block-heading\">El projecte refor\u00e7ar\u00e0 la connectivitat dels municipis del Rinc\u00f3n de Ademuz gr\u00e0cies a la renovaci\u00f3 del ferm, la millora del drenatge i la instal\u00b7laci\u00f3 de senyals i de sistemes de contenci\u00f3.<\/h3>\n\n\n\n<p class=\"wp-block-paragraph\">La Diputaci\u00f3 de Val\u00e8ncia ha licitat el projecte de rehabilitaci\u00f3 de dos camins rurals situats en el terme municipal de Castielfabib, que t\u00e9 com a objectiu millorar les condicions de circulaci\u00f3 i refor\u00e7ar la connectivitat dels municipis de Castielfabib i Vallanca, tant amb altres municipis del Rinc\u00f3n de Ademuz com amb la Serran\u00eda Baja de Cuenca. L&#8217;\u00e0rea de Carreteres que dirigix la vicepresidenta segona Reme Mazzolari ha aprovat una inversi\u00f3 de 816.000 euros per a finan\u00e7ar unes obres que s&#8217;iniciaran abans que finalitze el 2026.<\/p>\n\n\n\n<p class=\"wp-block-paragraph\">Un dels camins objecte d&#8217;actuaci\u00f3 es localitza en els voltants del nucli urb\u00e0 de Castielfabib, amb acc\u00e9s des de la carretera CV-479. En l&#8217;actualitat, l&#8217;estat del ferm impedix la circulaci\u00f3 de turismes, limitant-se pr\u00e0cticament a vehicles tot terreny. La rehabilitaci\u00f3 d&#8217;este tram adquirix especial rellev\u00e0ncia com a via alternativa en cas d&#8217;incid\u00e8ncies en la CV-479, l&#8217;\u00fanica carretera d&#8217;acc\u00e9s al municipi des de la N-420, que amb freq\u00fc\u00e8ncia es veu afectada per despreniments o altres talls de tr\u00e0nsit.<\/p>\n\n\n\n<p class=\"wp-block-paragraph\">L&#8217;alcalde de Castielfabib, Eduardo Aguilar, subratllaque esta actuaci\u00f3 \u201cno sols millora un cam\u00ed agrari, sin\u00f3 que garantix una eixida d&#8217;emerg\u00e8ncia fonamental per al municipi i per a la pedania de La Costa del Rato, evitant alternatives de m\u00e9s de 30 quil\u00f2metres en cas de tall de la carretera principal\u201d. Aguilar destaca a m\u00e9s que esta via \u201crefor\u00e7a la comunicaci\u00f3 amb municipis ve\u00efns de la prov\u00edncia de Teruel, com El Cuervo o Torm\u00f3n, i millora de manera directa la seguretat de tot l&#8217;entorn\u201d.<\/p>\n\n\n\n<p class=\"wp-block-paragraph\">La segona intervenci\u00f3, encara que tamb\u00e9 en terme de Castielfabib, se centra en un cam\u00ed forestal que connecta Vallanca amb la carretera N-420. El tram afectat \u00e9s transitable actualment, per\u00f2 gr\u00e0cies a esta intervenci\u00f3 es podr\u00e0 ampliar la seua ampl\u00e0ria i augmentar la durabilitat del ferm, millorant notablement les seues condicions d&#8217;\u00fas. Es tracta d&#8217;una via amb un fort valor hist\u00f2ric i funcional, molt utilitzada tradicionalment pels ve\u00efns de Vallanca i que continua sent clave tant per al tr\u00e0nsit quotidi\u00e0 com per a la gesti\u00f3 i protecci\u00f3 de l&#8217;entorn natural.<\/p>\n\n\n\n<p class=\"wp-block-paragraph\">L&#8217;alcaldessa de Vallanca, Ruth S\u00e1nchez, ressalta la dimensi\u00f3 supramunicipal de l&#8217;actuaci\u00f3, assenyalant que \u201cper a Vallanca, el condicionament d&#8217;este cam\u00ed \u00e9s essencial, perqu\u00e8 suposa la principal connexi\u00f3 amb la N-420 i amb els municipis de la Serran\u00eda Baja de Cuenca\u201d. Aix\u00ed mateix, la responsable municipal afirma que &#8220;l&#8217;actuaci\u00f3 liderada per la Diputaci\u00f3, que afecta tant a Castielfabib com a Vallanca, \u00e9s un exemple de com la coordinaci\u00f3 entre municipis ve\u00efns i la pr\u00f2pia instituci\u00f3 provincial permet millorar la mobilitat, els servicis i les oportunitats de municipis com els nostres&#8221; i conclou que &#8220;la millora de les comunicacions \u00e9s clau per a lluitar contra el fenomen de la despoblaci\u00f3\u201d.<\/p>\n\n\n\n<p class=\"wp-block-paragraph\">En este sentit, l&#8217;alcalde de Castielfabib valora molt positivament que la Diputaci\u00f3 de Val\u00e8ncia \u201chaja sabut entendre estes sinergies entre municipis de l&#8217;interior, atenent actuacions llargament demandades que milloren l&#8217;accessibilitat, la seguretat i la vertebraci\u00f3 territorial m\u00e9s enll\u00e0 dels l\u00edmits administratius\u201d.<\/p>\n\n\n\n<p class=\"wp-block-paragraph\"><strong>Millores en la seguretat i en el drenatge<\/strong><\/p>\n\n\n\n<p class=\"wp-block-paragraph\">Els treballs previstos en els dos camins consistiran en el refor\u00e7 del ferm mitjan\u00e7ant materials que augmenten la resist\u00e8ncia i durabilitat dels paviments, incorporant t\u00e8cniques de fabricaci\u00f3 sostenibles i amb menor impacte mediambiental. En el primer dels trams es contempla, a m\u00e9s, l&#8217;execuci\u00f3 d&#8217;un nou tra\u00e7at de 140 metres de longitud.<\/p>\n\n\n\n<p class=\"wp-block-paragraph\">El projecte inclou tamb\u00e9 la instal\u00b7laci\u00f3 de senyalitzaci\u00f3 horitzontal i vertical, actualment inexistent, aix\u00ed com abalisament i sistemes de contenci\u00f3 en els punts amb desnivells superiors a cinc metres. Aix\u00ed mateix, es millorar\u00e0 el drenatge transversal i longitudinal mitjan\u00e7ant cunetes de formig\u00f3 i conformades en terra, garantint una correcta evacuaci\u00f3 de les aig\u00fces superficials i augmentant la seguretat de la circulaci\u00f3.<\/p>\n\n\n\n<p class=\"wp-block-paragraph\">L&#8217;ajuda va ser aprovada per la Junta de Govern de la Diputaci\u00f3, i s&#8217;executar\u00e0 a mode de subvenci\u00f3 en esp\u00e8cie a l&#8217;ajuntament de Castielfabib, ja que es tracta de camins de titularitat municipal.<\/p>\n","protected":false},"excerpt":{"rendered":"<div class=\"mh-excerpt\">L&#8217;\u00e0rea de Carreteres que dirigix la vicepresidenta segona Reme Mazzolari invertix m\u00e9s de 800.000 euros en uns treballs que comen\u00e7aran abans de final d&#8217;any. El projecte refor\u00e7ar\u00e0 la connectivitat dels municipis del Rinc\u00f3n de Ademuz <a class=\"mh-excerpt-more\" href=\"https:\/\/tucomarca.whitekongsoftware.com\/ca\/la-diputacio-licita-les-obres-de-millora-de-dos-camins-dinteres-territorial-en-el-rincon-de-ademuz-per-a-millorar-la-connectivitat-de-castielfabib-i-vallanca\/\" title=\"La Diputaci\u00f3 licita les obres de millora de dos camins d&#8217;inter\u00e9s territorial en el Rinc\u00f3n de Ademuz per a millorar la connectivitat de Castielfabib i Vallanca\">[+] <\/a><\/div>\n","protected":false},"author":12,"featured_media":304109,"comment_status":"closed","ping_status":"open","sticky":false,"template":"","format":"standard","meta":{"footnotes":""},"categories":[10890,10925,10898,10948,10894,10903,10947,10896,10962],"tags":[11097,24471,17521,11246,18256],"class_list":["post-304110","post","type-post","status-publish","format-standard","has-post-thumbnail","category-ademus","category-castielfabib-ca","category-ventana-ca","category-infraestructuras-ca","category-la-comarca-ca","category-medio-ambiente-la-comarca-ca","category-politica","category-seccion-ca","category-vallanca-ca","tag-ademuz-ca","tag-caminos-de-interes-territorial","tag-castielfabib-ca","tag-diputacio-de-valencia-ca","tag-vallanca-ca"],"_links":{"self":[{"href":"https:\/\/tucomarca.whitekongsoftware.com\/ca\/wp-json\/wp\/v2\/posts\/304110","targetHints":{"allow":["GET"]}}],"collection":[{"href":"https:\/\/tucomarca.whitekongsoftware.com\/ca\/wp-json\/wp\/v2\/posts"}],"about":[{"href":"https:\/\/tucomarca.whitekongsoftware.com\/ca\/wp-json\/wp\/v2\/types\/post"}],"author":[{"embeddable":true,"href":"https:\/\/tucomarca.whitekongsoftware.com\/ca\/wp-json\/wp\/v2\/users\/12"}],"replies":[{"embeddable":true,"href":"https:\/\/tucomarca.whitekongsoftware.com\/ca\/wp-json\/wp\/v2\/comments?post=304110"}],"version-history":[{"count":0,"href":"https:\/\/tucomarca.whitekongsoftware.com\/ca\/wp-json\/wp\/v2\/posts\/304110\/revisions"}],"wp:featuredmedia":[{"embeddable":true,"href":"https:\/\/tucomarca.whitekongsoftware.com\/ca\/wp-json\/wp\/v2\/media\/304109"}],"wp:attachment":[{"href":"https:\/\/tucomarca.whitekongsoftware.com\/ca\/wp-json\/wp\/v2\/media?parent=304110"}],"wp:term":[{"taxonomy":"category","embeddable":true,"href":"https:\/\/tucomarca.whitekongsoftware.com\/ca\/wp-json\/wp\/v2\/categories?post=304110"},{"taxonomy":"post_tag","embeddable":true,"href":"https:\/\/tucomarca.whitekongsoftware.com\/ca\/wp-json\/wp\/v2\/tags?post=304110"}],"curies":[{"name":"wp","href":"https:\/\/api.w.org\/{rel}","templated":true}]}}