{"id":304007,"date":"2026-06-01T17:00:00","date_gmt":"2026-06-01T15:00:00","guid":{"rendered":"https:\/\/www.tucomarca.com\/wordpress\/segunda\/?p=304007"},"modified":"2026-06-01T20:24:27","modified_gmt":"2026-06-01T18:24:27","slug":"un-ampli-desplegament-de-mitjans-terrestres-i-aeris-es-mobilitza-per-a-sufocar-un-incendi-forestal-a-sinarcas","status":"publish","type":"post","link":"https:\/\/tucomarca.whitekongsoftware.com\/ca\/un-ampli-desplegament-de-mitjans-terrestres-i-aeris-es-mobilitza-per-a-sufocar-un-incendi-forestal-a-sinarcas\/","title":{"rendered":"Un ampli desplegament de mitjans terrestres i aeris es mobilitza per a sufocar un incendi forestal a Sinarcas"},"content":{"rendered":"\n<p class=\"wp-block-paragraph\">Un incendi forestal s\u2019ha declarat aquest dilluns per la vesprada al terme municipal de Sinarcas, segons han informat els serveis d\u2019emerg\u00e8ncia. El foc s\u2019ha iniciat al voltant de les 16.00 hores, mobilitzant un important operatiu per a tractar de controlar les flames.<\/p>\n\n\n\n<p class=\"wp-block-paragraph\">El Consorci Provincial de Bombers de Val\u00e8ncia ha despla\u00e7at fins a la zona dos dotacions de bombers de Requena i de bombers voluntaris de Sinarcas, a m\u00e9s de dos brigades forestals BRIFO, un coordinador forestal i un t\u00e8cnic forestal.<\/p>\n\n\n\n<p class=\"wp-block-paragraph\">Per la seua part, la Generalitat Valenciana ha mobilitzat tres unitats de bombers forestals i cinc mitjans aeris per a donar suport a les tasques d\u2019extinci\u00f3 des de l\u2019aire i evitar la propagaci\u00f3 de l\u2019incendi.<\/p>\n\n\n\n<p class=\"wp-block-paragraph\">Els equips d\u2019emerg\u00e8ncia treballen intensament a la zona per a contindre l\u2019avan\u00e7 del foc, mentre es mant\u00e9 un seguiment constant de l\u2019evoluci\u00f3 de l\u2019incendi i de les condicions meteorol\u00f2giques.<\/p>\n\n\n\n<p class=\"wp-block-paragraph\">De moment no s\u2019ha informat de possibles danys personals ni de la superf\u00edcie afectada per les flames. Les autoritats continuen coordinant els treballs d\u2019extinci\u00f3 i vigil\u00e0ncia a l\u2019entorn afectat.<\/p>\n\n\n\n<p class=\"wp-block-paragraph\"><em>(Informaci\u00f3 en proc\u00e9s d&#8217;elaboraci\u00f3).<\/em><\/p>\n","protected":false},"excerpt":{"rendered":"<div class=\"mh-excerpt\">Un incendi forestal s\u2019ha declarat aquest dilluns per la vesprada al terme municipal de Sinarcas, segons han informat els serveis d\u2019emerg\u00e8ncia. El foc s\u2019ha iniciat al voltant de les 16.00 hores, mobilitzant un important operatiu <a class=\"mh-excerpt-more\" href=\"https:\/\/tucomarca.whitekongsoftware.com\/ca\/un-ampli-desplegament-de-mitjans-terrestres-i-aeris-es-mobilitza-per-a-sufocar-un-incendi-forestal-a-sinarcas\/\" title=\"Un ampli desplegament de mitjans terrestres i aeris es mobilitza per a sufocar un incendi forestal a Sinarcas\">[+] <\/a><\/div>\n","protected":false},"author":12,"featured_media":304006,"comment_status":"closed","ping_status":"open","sticky":false,"template":"","format":"standard","meta":{"footnotes":""},"categories":[10898,10948,10894,10903,10909,10896,11058,10897],"tags":[22915,13724,10910,11089],"class_list":["post-304007","post","type-post","status-publish","format-standard","has-post-thumbnail","category-ventana-ca","category-infraestructuras-ca","category-la-comarca-ca","category-medio-ambiente-la-comarca-ca","category-requena-utiel-ca","category-seccion-ca","category-sinarcas-ca","category-sucesos-la-comarca-ca","tag-consorcio-de-bomberos-de-valencia-2-ca","tag-incendio-forestal-ca","tag-requena-utiel-ca","tag-sinarcas-ca"],"_links":{"self":[{"href":"https:\/\/tucomarca.whitekongsoftware.com\/ca\/wp-json\/wp\/v2\/posts\/304007","targetHints":{"allow":["GET"]}}],"collection":[{"href":"https:\/\/tucomarca.whitekongsoftware.com\/ca\/wp-json\/wp\/v2\/posts"}],"about":[{"href":"https:\/\/tucomarca.whitekongsoftware.com\/ca\/wp-json\/wp\/v2\/types\/post"}],"author":[{"embeddable":true,"href":"https:\/\/tucomarca.whitekongsoftware.com\/ca\/wp-json\/wp\/v2\/users\/12"}],"replies":[{"embeddable":true,"href":"https:\/\/tucomarca.whitekongsoftware.com\/ca\/wp-json\/wp\/v2\/comments?post=304007"}],"version-history":[{"count":0,"href":"https:\/\/tucomarca.whitekongsoftware.com\/ca\/wp-json\/wp\/v2\/posts\/304007\/revisions"}],"wp:featuredmedia":[{"embeddable":true,"href":"https:\/\/tucomarca.whitekongsoftware.com\/ca\/wp-json\/wp\/v2\/media\/304006"}],"wp:attachment":[{"href":"https:\/\/tucomarca.whitekongsoftware.com\/ca\/wp-json\/wp\/v2\/media?parent=304007"}],"wp:term":[{"taxonomy":"category","embeddable":true,"href":"https:\/\/tucomarca.whitekongsoftware.com\/ca\/wp-json\/wp\/v2\/categories?post=304007"},{"taxonomy":"post_tag","embeddable":true,"href":"https:\/\/tucomarca.whitekongsoftware.com\/ca\/wp-json\/wp\/v2\/tags?post=304007"}],"curies":[{"name":"wp","href":"https:\/\/api.w.org\/{rel}","templated":true}]}}