{"id":303995,"date":"2026-06-01T09:05:00","date_gmt":"2026-06-01T07:05:00","guid":{"rendered":"https:\/\/www.tucomarca.com\/wordpress\/segunda\/?p=303995"},"modified":"2026-06-01T20:10:22","modified_gmt":"2026-06-01T18:10:22","slug":"la-diputacio-financa-la-restauracio-definitiva-de-la-torre-del-senyor-de-la-vila-de-serra-amb-el-seu-pla-de-patrimoni","status":"publish","type":"post","link":"https:\/\/tucomarca.whitekongsoftware.com\/ca\/la-diputacio-financa-la-restauracio-definitiva-de-la-torre-del-senyor-de-la-vila-de-serra-amb-el-seu-pla-de-patrimoni\/","title":{"rendered":"La Diputaci\u00f3 finan\u00e7a la restauraci\u00f3 definitiva de la Torre del Senyor de la Vila de Serra amb el seu Pla de Patrimoni"},"content":{"rendered":"\n<h3 class=\"wp-block-heading\">La vicepresidenta Nat\u00e0lia Enguix aprofita la seua participaci\u00f3 en la Fira de la Calderona i el Dia de la Cirera per a comprovar l&#8217;estat del BIC, on la corporaci\u00f3 provincial invertir\u00e0 385.000 euros perqu\u00e8 puga visitar-se.<\/h3>\n\n\n\n<h3 class=\"wp-block-heading\">Enguix reivindica \u201cun pla de Patrimoni que hem portat de tornada huit anys despr\u00e9s per a dignificar la hist\u00f2ria dels nostres pobles amb projectes de mem\u00f2ria col\u00b7lectiva que generen un atractiu cultural i tur\u00edstic\u201d.<\/h3>\n\n\n\n<p class=\"wp-block-paragraph\">La Diputaci\u00f3 de Val\u00e8ncia finan\u00e7ar\u00e0 la restauraci\u00f3 definitiva de la Torre del Senyor de la Vila de Serra, un B\u00e9 d&#8217;Inter\u00e9s Cultural que presenta una greu deterioraci\u00f3 especialment en el seu interior. La intervenci\u00f3, amb una dotaci\u00f3 econ\u00f2mica de 385.000 euros, forma part d&#8217;un Pla de Recuperaci\u00f3 del Patrimoni que l&#8217;\u00e0rea de Cooperaci\u00f3 que dirigix Nat\u00e0lia Enguix ha rescatat despr\u00e9s de huit anys en l&#8217;oblit. \u201cAmb este pla de 12 milions d&#8217;euros hem pogut aprovar una trentena de projectes de mem\u00f2ria col\u00b7lectiva que dignifiquen la hist\u00f2ria dels nostres pobles i reforcen el sentiment de pertinen\u00e7a\u201d, assenyala la vicepresidenta primera de la Diputaci\u00f3.<\/p>\n\n\n\n<p class=\"wp-block-paragraph\">Enguix va aprofitar este cap de setmana la seua participaci\u00f3 en la Fira de la Calderona i el Dia de la Cirera per a comprovar l&#8217;estat del BIC en el qual es tornar\u00e0 a intervindre despr\u00e9s de la consolidaci\u00f3 exterior dels murs fa m\u00e9s de set anys. Acompanyada per l&#8217;alcaldessa, Alicia Tus\u00f3n, la coordinadora del pla provincial de Patrimoni va afegir, despr\u00e9s de despla\u00e7ar-se al carrer del Cant\u00f3, on se situa la torre d&#8217;origen isl\u00e0mic, que els projectes finan\u00e7ats per la Diputaci\u00f3 en b\u00e9ns d&#8217;inter\u00e9s cultural o rellev\u00e0ncia local \u201cs\u00f3n molt m\u00e9s que una aposta per dignificar la hist\u00f2ria i la identitat, ja que estes obres generaran una activitat econ\u00f2mica i un atractiu cultural i tur\u00edstic que, en el cas de la Torre de Serra, suposar\u00e0 que puga ser visitada\u201d.<\/p>\n\n\n\n<p class=\"wp-block-paragraph\">L&#8217;alcaldessa va mostrar la seua satisfacci\u00f3 per una aportaci\u00f3 econ\u00f2mica que permetr\u00e0 \u201cfinalitzar la restauraci\u00f3 de la Torre del Senyor de la Vila assegurant la seua conservaci\u00f3, la consolidaci\u00f3 estructural i la posada en valor del monument\u201d. Alicia Tus\u00f3n va explicar que el doble objectiu de la intervenci\u00f3 \u00e9s \u201cconsolidar la torre i adequar-la per a la seua obertura a visites, convertint-la en un espai accessible i de refer\u00e8ncia per a Serra\u201d. \u201cEstem davant el pas decisiu per a recuperar un element clau de la nostra identitat hist\u00f2rica i cultural, i per a obrir-lo a la ciutadania com a lloc de coneixement i orgull col\u00b7lectiu\u201d, va concloure l&#8217;alcaldessa.<\/p>\n\n\n\n<figure class=\"wp-block-image size-full\"><img loading=\"lazy\" decoding=\"async\" width=\"945\" height=\"638\" src=\"https:\/\/www.tucomarca.com\/wordpress\/segunda\/wp-content\/uploads\/2026\/06\/TorreSerra2.jpg\" alt=\"\" class=\"wp-image-303988\" srcset=\"https:\/\/tucomarca.whitekongsoftware.com\/wp-content\/uploads\/2026\/06\/TorreSerra2.jpg 945w, https:\/\/tucomarca.whitekongsoftware.com\/wp-content\/uploads\/2026\/06\/TorreSerra2-300x203.jpg 300w, https:\/\/tucomarca.whitekongsoftware.com\/wp-content\/uploads\/2026\/06\/TorreSerra2-768x519.jpg 768w\" sizes=\"auto, (max-width: 945px) 100vw, 945px\" \/><\/figure>\n\n\n\n<p class=\"wp-block-paragraph\"><\/p>\n\n\n\n<p class=\"wp-block-paragraph\"><strong>Ric patrimoni<\/strong><\/p>\n\n\n\n<p class=\"wp-block-paragraph\">La Torre del Senyor de la Vila es troba al sud del municipi del Camp de T\u00faria, adossada a habitatges particulars per tres dels seus costats. L&#8217;origen es remunta a la fi del segle XII o principis del XIII, com a torre sentinella, encara que m\u00e9s tard va formar part de la casa-palau que la fam\u00edlia Bo\u00efl va construir en el segle XIV, despr\u00e9s de la reconquesta cristiana. Actualment, la torre \u00e9s l&#8217;\u00fanica part del palau que es conserva, i \u00e9s un dels BIC amb els quals compta Serra, junt amb la Cartoixa de Portaceli, el castell i les torres de l&#8217;Ermita, Ria i Santare\u00f1a.<\/p>\n\n\n\n<p class=\"wp-block-paragraph\">La construcci\u00f3 presenta una gran deterioraci\u00f3, especialment en la seua part interior amb forats que provoquen un risc de despreniments, aix\u00ed com el mal estat de forjats i escales. Tamb\u00e9 s\u00f3n clarament visibles les taques degudes a dep\u00f2sits de brut\u00edcia i l&#8217;acci\u00f3 de l&#8217;aigua, aix\u00ed com l&#8217;acci\u00f3 dels animals que contribu\u00efxen a la deterioraci\u00f3 per la facilitat d&#8217;accedir a l&#8217;interior de la torre. Les actuacions per a reparar estos desperfectes formen part de la mem\u00f2ria del projecte finan\u00e7at per la instituci\u00f3n que presidix Vicent Momp\u00f3, que tamb\u00e9 inclou l&#8217;adequaci\u00f3 de l&#8217;entorn de la torre, fins que s&#8217;aprove definitivament un pla especial de protecci\u00f3 de l&#8217;entorn del BIC.<\/p>\n\n\n\n<p class=\"wp-block-paragraph\"><strong>Fira de la Calderona<\/strong><\/p>\n\n\n\n<p class=\"wp-block-paragraph\">Durant la seua estada a Serra, la vicepresidenta Enguix va participar en la vintena edici\u00f3 de la Fira de la Calderona i el Dia de la Cirera, \u201cuna trobada en la qual celebrem la capacitat d&#8217;un poble per a unir tradici\u00f3, economia, cultura i futur en un espai de promoci\u00f3, conviv\u00e8ncia i orgull compartit\u201d. Des de la Diputaci\u00f3, \u201capostem pel comer\u00e7 de proximitat i per mantindre viu el ric teixit econ\u00f2mic dels municipis d&#8217;interior\u201d, va expressar la responsable provincial.<\/p>\n\n\n\n<p class=\"wp-block-paragraph\">Acompanyada per l&#8217;alcaldessa, Alicia Tus\u00f3n, i el director general d&#8217;Ind\u00fastria, Ernesto Fern\u00e1ndez Pardo, la diputada de Cooperaci\u00f3 Municipal va manifestar que la proximitat amb els municipis \u201c\u00e9s l&#8217;ess\u00e8ncia de la Diputaci\u00f3, i ho estem demostrant amb accions de promoci\u00f3 econ\u00f2mica com el bo comer\u00e7, plans com el de revitalitzaci\u00f3 del patrimoni i programes com el Pla Obert, amb 350 milions d&#8217;euros per a millorar les infraestructures i servicis de pobles i ciutats\u201d.<\/p>\n\n\n\n<figure class=\"wp-block-gallery has-nested-images columns-default is-cropped wp-block-gallery-1 is-layout-flex wp-block-gallery-is-layout-flex\">\n<figure class=\"wp-block-image size-large\"><img loading=\"lazy\" decoding=\"async\" width=\"945\" height=\"638\" data-id=\"303984\" src=\"https:\/\/www.tucomarca.com\/wordpress\/segunda\/wp-content\/uploads\/2026\/06\/EnguixSerra2.jpg\" alt=\"\" class=\"wp-image-303984\" srcset=\"https:\/\/tucomarca.whitekongsoftware.com\/wp-content\/uploads\/2026\/06\/EnguixSerra2.jpg 945w, https:\/\/tucomarca.whitekongsoftware.com\/wp-content\/uploads\/2026\/06\/EnguixSerra2-300x203.jpg 300w, https:\/\/tucomarca.whitekongsoftware.com\/wp-content\/uploads\/2026\/06\/EnguixSerra2-768x519.jpg 768w\" sizes=\"auto, (max-width: 945px) 100vw, 945px\" \/><\/figure>\n\n\n\n<figure class=\"wp-block-image size-large\"><img loading=\"lazy\" decoding=\"async\" width=\"945\" height=\"638\" data-id=\"303982\" src=\"https:\/\/www.tucomarca.com\/wordpress\/segunda\/wp-content\/uploads\/2026\/06\/EnguixSerra.jpg\" alt=\"\" class=\"wp-image-303982\" srcset=\"https:\/\/tucomarca.whitekongsoftware.com\/wp-content\/uploads\/2026\/06\/EnguixSerra.jpg 945w, https:\/\/tucomarca.whitekongsoftware.com\/wp-content\/uploads\/2026\/06\/EnguixSerra-300x203.jpg 300w, https:\/\/tucomarca.whitekongsoftware.com\/wp-content\/uploads\/2026\/06\/EnguixSerra-768x519.jpg 768w\" sizes=\"auto, (max-width: 945px) 100vw, 945px\" \/><\/figure>\n<\/figure>\n","protected":false},"excerpt":{"rendered":"<div class=\"mh-excerpt\">La vicepresidenta Nat\u00e0lia Enguix aprofita la seua participaci\u00f3 en la Fira de la Calderona i el Dia de la Cirera per a comprovar l&#8217;estat del BIC, on la corporaci\u00f3 provincial invertir\u00e0 385.000 euros perqu\u00e8 puga <a class=\"mh-excerpt-more\" href=\"https:\/\/tucomarca.whitekongsoftware.com\/ca\/la-diputacio-financa-la-restauracio-definitiva-de-la-torre-del-senyor-de-la-vila-de-serra-amb-el-seu-pla-de-patrimoni\/\" title=\"La Diputaci\u00f3 finan\u00e7a la restauraci\u00f3 definitiva de la Torre del Senyor de la Vila de Serra amb el seu Pla de Patrimoni\">[+] <\/a><\/div>\n","protected":false},"author":12,"featured_media":303987,"comment_status":"closed","ping_status":"open","sticky":false,"template":"","format":"gallery","meta":{"footnotes":""},"categories":[10892,10898,10948,10894,11007,10947,10896,10933],"tags":[10899,24463,11429],"class_list":["post-303995","post","type-post","status-publish","format-gallery","has-post-thumbnail","category-camp-de-turia-ca","category-ventana-ca","category-infraestructuras-ca","category-la-comarca-ca","category-ocio-y-cultura-ca","category-politica","category-seccion-ca","category-serra-ca","tag-camp-de-turia-ca","tag-feria-de-la-calderona","tag-serra-ca","post_format-post-format-gallery"],"_links":{"self":[{"href":"https:\/\/tucomarca.whitekongsoftware.com\/ca\/wp-json\/wp\/v2\/posts\/303995","targetHints":{"allow":["GET"]}}],"collection":[{"href":"https:\/\/tucomarca.whitekongsoftware.com\/ca\/wp-json\/wp\/v2\/posts"}],"about":[{"href":"https:\/\/tucomarca.whitekongsoftware.com\/ca\/wp-json\/wp\/v2\/types\/post"}],"author":[{"embeddable":true,"href":"https:\/\/tucomarca.whitekongsoftware.com\/ca\/wp-json\/wp\/v2\/users\/12"}],"replies":[{"embeddable":true,"href":"https:\/\/tucomarca.whitekongsoftware.com\/ca\/wp-json\/wp\/v2\/comments?post=303995"}],"version-history":[{"count":0,"href":"https:\/\/tucomarca.whitekongsoftware.com\/ca\/wp-json\/wp\/v2\/posts\/303995\/revisions"}],"wp:featuredmedia":[{"embeddable":true,"href":"https:\/\/tucomarca.whitekongsoftware.com\/ca\/wp-json\/wp\/v2\/media\/303987"}],"wp:attachment":[{"href":"https:\/\/tucomarca.whitekongsoftware.com\/ca\/wp-json\/wp\/v2\/media?parent=303995"}],"wp:term":[{"taxonomy":"category","embeddable":true,"href":"https:\/\/tucomarca.whitekongsoftware.com\/ca\/wp-json\/wp\/v2\/categories?post=303995"},{"taxonomy":"post_tag","embeddable":true,"href":"https:\/\/tucomarca.whitekongsoftware.com\/ca\/wp-json\/wp\/v2\/tags?post=303995"}],"curies":[{"name":"wp","href":"https:\/\/api.w.org\/{rel}","templated":true}]}}