{"id":303973,"date":"2026-06-01T09:12:00","date_gmt":"2026-06-01T07:12:00","guid":{"rendered":"https:\/\/www.tucomarca.com\/wordpress\/segunda\/?p=303973"},"modified":"2026-06-01T20:12:48","modified_gmt":"2026-06-01T18:12:48","slug":"la-diputacio-forma-al-personal-dels-ajuntaments-en-intelligencia-turistica-i-transformacio-digital","status":"publish","type":"post","link":"https:\/\/tucomarca.whitekongsoftware.com\/ca\/la-diputacio-forma-al-personal-dels-ajuntaments-en-intelligencia-turistica-i-transformacio-digital\/","title":{"rendered":"La Diputaci\u00f3 forma al personal dels ajuntaments en intel\u00b7lig\u00e8ncia tur\u00edstica i transformaci\u00f3 digital \u00a0"},"content":{"rendered":"\n<h3 class=\"wp-block-heading\">El projecte impulsat per l&#8217;\u00e0rea de Turisme est\u00e0 compost per cinc sessions formatives centrades en refor\u00e7ar la capacitaci\u00f3 en \u00e0mbits d&#8217;intel\u00b7lig\u00e8ncia tur\u00edstica, digitalitzaci\u00f3 i Destinaci\u00f3 Tur\u00edstica Intel\u00b7ligent.<\/h3>\n\n\n\n<h3 class=\"wp-block-heading\">El diputat de Turisme, Pedro Cuesta, destaca que \u201cestes accions contribu\u00efxen a millorar la planificaci\u00f3 i gesti\u00f3 tur\u00edstica del territori i avan\u00e7ar en la seua modernitzaci\u00f3\u201d.<\/h3>\n\n\n\n<p class=\"wp-block-paragraph\">La Diputaci\u00f3 de Val\u00e8ncia fa un pas m\u00e9s en el seu objectiu d&#8217;implantar a la prov\u00edncia un turisme m\u00e9s intel\u00b7ligent i innovador. En este sentit, la corporaci\u00f3 oferir\u00e0 al llarg del mes de juny una formaci\u00f3 als gestors i t\u00e8cnics municipals dels ajuntaments de la prov\u00edncia en mat\u00e8ria d&#8217;intel\u00b7lig\u00e8ncia tur\u00edstica i transformaci\u00f3 digital. Els continguts de la formaci\u00f3 es publicaran setmanalment en el canal de YouTube de l&#8217;\u00e0rea de Turisme de la corporaci\u00f3 provincial (<a href=\"https:\/\/www.youtube.com\/user\/vlcterraimar\">Val\u00e8ncia Turisme<\/a>).<\/p>\n\n\n\n<p class=\"wp-block-paragraph\">El projecte impulsat per l&#8217;\u00e0rea de Turisme que dirigix el diputat Pedro Cuesta inclou cinc c\u00e0psules formatives centrades en q\u00fcestions clau \u201cper a la modernitzaci\u00f3 de la gesti\u00f3 tur\u00edstica local, emmarcades en l&#8217;estrat\u00e8gia provincial dirigida a avan\u00e7ar cap a un model tur\u00edstic m\u00e9s innovador, accessible, sostenible i basat en dades\u201d, ha explicat Pedro Cuesta.<\/p>\n\n\n\n<p class=\"wp-block-paragraph\">Aix\u00ed, cada dilluns del mes de juny tots els interessats podran accedir a una nova p\u00edndola formativa amb la qual refor\u00e7ar la capacitaci\u00f3 t\u00e8cnica en \u00e0mbits vinculats a la intel\u00b7lig\u00e8ncia tur\u00edstica, la digitalitzaci\u00f3 i el model de Destinaci\u00f3 Tur\u00edstica Intel\u00b7ligent (DTI).<\/p>\n\n\n\n<p class=\"wp-block-paragraph\">En elles s&#8217;abordaran el model DTI i les seues principals dimensions; l&#8217;an\u00e0lisi de dades per a la planificaci\u00f3 tur\u00edstica; els fonaments de la intel\u00b7lig\u00e8ncia artificial i les seues possibles aplicacions en l&#8217;\u00e0mbit tur\u00edstic; la intel\u00b7lig\u00e8ncia artificial aplicada al m\u00e0rqueting tur\u00edstic, amb ferramentes i usos pr\u00e0ctics per a la promoci\u00f3 de destins; i l&#8217;\u00fas dels quadres de comandament de l&#8217;Observatori Provincial de Mobilitat Tur\u00edstica de Val\u00e8ncia.<\/p>\n\n\n\n<p class=\"wp-block-paragraph\">Els continguts s&#8217;integren dins de les actuacions desenvolupades per la Smart Office de l&#8217;\u00e0rea de Turisme de la Diputaci\u00f3 per a facilitar la transfer\u00e8ncia de coneixement i acostar ferramentes de gesti\u00f3 tur\u00edstica intel\u00b7ligent als destins de la prov\u00edncia, Tot aix\u00f2 forma part del programa d&#8217;Actuacions de Cohesi\u00f3 entre Destins (ACD) del Pla de Recuperaci\u00f3, Transformaci\u00f3 i Resili\u00e8ncia, finan\u00e7at amb fons europeus Next Generation EU.<\/p>\n\n\n\n<p class=\"wp-block-paragraph\"><strong>Formaci\u00f3 accessible per als municipis<\/strong><\/p>\n\n\n\n<p class=\"wp-block-paragraph\">L&#8217;objectiu de la Diputaci\u00f3 amb esta formaci\u00f3 \u00e9s facilitar continguts breus, pr\u00e0ctics i accessibles que permeten als municipis i, especialment, a les destinacions tur\u00edstiques de la prov\u00edncia, disposar de recursos formatius sobre noves tecnologies, an\u00e0lisis d&#8217;informaci\u00f3 i ferramentes de suport a la presa de decisions.<\/p>\n\n\n\n<p class=\"wp-block-paragraph\">\u201cD&#8217;esta manera, reforcem el suport t\u00e8cnic a les destinacions tur\u00edstiques de la prov\u00edncia, impulsant accions de capacitaci\u00f3 que contribu\u00efxen a millorar la planificaci\u00f3 i gesti\u00f3 tur\u00edstica del territori\u201d, ha destacat el diputat.<\/p>\n","protected":false},"excerpt":{"rendered":"<div class=\"mh-excerpt\">El projecte impulsat per l&#8217;\u00e0rea de Turisme est\u00e0 compost per cinc sessions formatives centrades en refor\u00e7ar la capacitaci\u00f3 en \u00e0mbits d&#8217;intel\u00b7lig\u00e8ncia tur\u00edstica, digitalitzaci\u00f3 i Destinaci\u00f3 Tur\u00edstica Intel\u00b7ligent. El diputat de Turisme, Pedro Cuesta, destaca que <a class=\"mh-excerpt-more\" href=\"https:\/\/tucomarca.whitekongsoftware.com\/ca\/la-diputacio-forma-al-personal-dels-ajuntaments-en-intelligencia-turistica-i-transformacio-digital\/\" title=\"La Diputaci\u00f3 forma al personal dels ajuntaments en intel\u00b7lig\u00e8ncia tur\u00edstica i transformaci\u00f3 digital \u00a0\">[+] <\/a><\/div>\n","protected":false},"author":12,"featured_media":303970,"comment_status":"closed","ping_status":"open","sticky":false,"template":"","format":"standard","meta":{"footnotes":""},"categories":[10898,10948,10894,10904,11007,10947,10896],"tags":[11246,23562,11404],"class_list":["post-303973","post","type-post","status-publish","format-standard","has-post-thumbnail","category-ventana-ca","category-infraestructuras-ca","category-la-comarca-ca","category-sin-categorizar-ca","category-ocio-y-cultura-ca","category-politica","category-seccion-ca","tag-diputacio-de-valencia-ca","tag-inteligencia-turistica-ca","tag-valencia-turisme-ca"],"_links":{"self":[{"href":"https:\/\/tucomarca.whitekongsoftware.com\/ca\/wp-json\/wp\/v2\/posts\/303973","targetHints":{"allow":["GET"]}}],"collection":[{"href":"https:\/\/tucomarca.whitekongsoftware.com\/ca\/wp-json\/wp\/v2\/posts"}],"about":[{"href":"https:\/\/tucomarca.whitekongsoftware.com\/ca\/wp-json\/wp\/v2\/types\/post"}],"author":[{"embeddable":true,"href":"https:\/\/tucomarca.whitekongsoftware.com\/ca\/wp-json\/wp\/v2\/users\/12"}],"replies":[{"embeddable":true,"href":"https:\/\/tucomarca.whitekongsoftware.com\/ca\/wp-json\/wp\/v2\/comments?post=303973"}],"version-history":[{"count":0,"href":"https:\/\/tucomarca.whitekongsoftware.com\/ca\/wp-json\/wp\/v2\/posts\/303973\/revisions"}],"wp:featuredmedia":[{"embeddable":true,"href":"https:\/\/tucomarca.whitekongsoftware.com\/ca\/wp-json\/wp\/v2\/media\/303970"}],"wp:attachment":[{"href":"https:\/\/tucomarca.whitekongsoftware.com\/ca\/wp-json\/wp\/v2\/media?parent=303973"}],"wp:term":[{"taxonomy":"category","embeddable":true,"href":"https:\/\/tucomarca.whitekongsoftware.com\/ca\/wp-json\/wp\/v2\/categories?post=303973"},{"taxonomy":"post_tag","embeddable":true,"href":"https:\/\/tucomarca.whitekongsoftware.com\/ca\/wp-json\/wp\/v2\/tags?post=303973"}],"curies":[{"name":"wp","href":"https:\/\/api.w.org\/{rel}","templated":true}]}}