{"id":303696,"date":"2026-05-28T10:50:00","date_gmt":"2026-05-28T08:50:00","guid":{"rendered":"https:\/\/www.tucomarca.com\/wordpress\/segunda\/?p=303696"},"modified":"2026-05-28T20:06:47","modified_gmt":"2026-05-28T18:06:47","slug":"educacio-mante-la-negociacio-oberta-i-cita-la-mesa-sindical-a-noves-reunions-la-setmana-que-ve","status":"publish","type":"post","link":"https:\/\/tucomarca.whitekongsoftware.com\/ca\/educacio-mante-la-negociacio-oberta-i-cita-la-mesa-sindical-a-noves-reunions-la-setmana-que-ve\/","title":{"rendered":"Educaci\u00f3 mant\u00e9 la negociaci\u00f3 oberta i cita la mesa sindical a noves reunions la setmana que ve"},"content":{"rendered":"\n<h3 class=\"wp-block-heading\">El director general de personal docent, Pablo Ortega, ha destacat que la voluntat negociadora de la Conselleria acosta el di\u00e0leg \u201ca punts de trobada en q\u00fcestions fonamentals\u201d.<\/h3>\n\n\n\n<h3 class=\"wp-block-heading\">La Conselleria remetr\u00e0 una nova proposta en els pr\u00f2xims dies i les meses de negociaci\u00f3 continuaran la setmana que ve, de manera sectorial, amb cada direcci\u00f3 general.<\/h3>\n\n\n\n<p class=\"wp-block-paragraph\">La Conselleria d\u2019Educaci\u00f3, Cultura i Universitats mant\u00e9 actiu el di\u00e0leg per a desbloquejar la situaci\u00f3 de vaga indefinida vigent des del passat 11 de maig. En la reuni\u00f3 celebrada este dijous, el departament dirigit per Carmen Ort\u00ed ha continuat acostant postures amb la mesa sindical per a tractar de trobar un acord. Despr\u00e9s de la remissi\u00f3 d\u2019un document en la vesprada d\u2019este dimecres, la Conselleria ha arreplegat les reivindicacions docents per a estructurar un acord definitiu com m\u00e9s prompte millor.&nbsp;<\/p>\n\n\n\n<p class=\"wp-block-paragraph\">En la reuni\u00f3 d\u2019este dijous s\u2019ha tractat, punt per punt, tots els aspectes reflectits en la negociaci\u00f3, i s\u2019ha arreplegat avan\u00e7os notables en la simplificaci\u00f3 burocr\u00e0tica i en infraestructures educatives. Per a continuar avan\u00e7ant en la negociaci\u00f3, la Conselleria enviar\u00e0 un nou document dilluns que ve, amb les aportacions dels sindicats, per a citar a noves reunions, esta vegada, de manera sectorial, amb els directors generals, a partir de la setmana que ve.&nbsp;<\/p>\n\n\n\n<p class=\"wp-block-paragraph\">El director general de personal docent, Pablo Ortega, ha destacat la voluntat del Consell per a aconseguir un acord definitiu: \u201c\u00c9s una q\u00fcesti\u00f3 de gran magnitud i hem de fer aproximacions successives per a anar ajustant les posicions, que estaven inicialment molt allunyades. Hi ha voluntat de negociar. Estem acostant-nos i hi ha punts de trobada en q\u00fcestions fonamentals\u201d.&nbsp;<\/p>\n\n\n\n<p class=\"wp-block-paragraph\">El director general de personal docent ha destacat que qualsevol comprom\u00eds adquirit en la negociaci\u00f3 compta amb un suport pressupostari. Aix\u00ed mateix, ha subratllat que, per primera vegada, \u201cuna administraci\u00f3 arriba a una negociaci\u00f3 amb el suport dels comptes p\u00fablics, que ja inclouen totes les partides que nosaltres hem presentat. Aix\u00f2 \u00e9s un avan\u00e7 objectiu\u201d.\u00a0<\/p>\n","protected":false},"excerpt":{"rendered":"<div class=\"mh-excerpt\">El director general de personal docent, Pablo Ortega, ha destacat que la voluntat negociadora de la Conselleria acosta el di\u00e0leg \u201ca punts de trobada en q\u00fcestions fonamentals\u201d. La Conselleria remetr\u00e0 una nova proposta en els <a class=\"mh-excerpt-more\" href=\"https:\/\/tucomarca.whitekongsoftware.com\/ca\/educacio-mante-la-negociacio-oberta-i-cita-la-mesa-sindical-a-noves-reunions-la-setmana-que-ve\/\" title=\"Educaci\u00f3 mant\u00e9 la negociaci\u00f3 oberta i cita la mesa sindical a noves reunions la setmana que ve\">[+] <\/a><\/div>\n","protected":false},"author":1,"featured_media":303693,"comment_status":"closed","ping_status":"open","sticky":false,"template":"","format":"standard","meta":{"footnotes":""},"categories":[10898,10948,10894,10904,10947,10896],"tags":[12114,24191,11199],"class_list":["post-303696","post","type-post","status-publish","format-standard","has-post-thumbnail","category-ventana-ca","category-infraestructuras-ca","category-la-comarca-ca","category-sin-categorizar-ca","category-politica","category-seccion-ca","tag-educacion-ca","tag-huelga","tag-la-comunitat-ca"],"_links":{"self":[{"href":"https:\/\/tucomarca.whitekongsoftware.com\/ca\/wp-json\/wp\/v2\/posts\/303696","targetHints":{"allow":["GET"]}}],"collection":[{"href":"https:\/\/tucomarca.whitekongsoftware.com\/ca\/wp-json\/wp\/v2\/posts"}],"about":[{"href":"https:\/\/tucomarca.whitekongsoftware.com\/ca\/wp-json\/wp\/v2\/types\/post"}],"author":[{"embeddable":true,"href":"https:\/\/tucomarca.whitekongsoftware.com\/ca\/wp-json\/wp\/v2\/users\/1"}],"replies":[{"embeddable":true,"href":"https:\/\/tucomarca.whitekongsoftware.com\/ca\/wp-json\/wp\/v2\/comments?post=303696"}],"version-history":[{"count":0,"href":"https:\/\/tucomarca.whitekongsoftware.com\/ca\/wp-json\/wp\/v2\/posts\/303696\/revisions"}],"wp:featuredmedia":[{"embeddable":true,"href":"https:\/\/tucomarca.whitekongsoftware.com\/ca\/wp-json\/wp\/v2\/media\/303693"}],"wp:attachment":[{"href":"https:\/\/tucomarca.whitekongsoftware.com\/ca\/wp-json\/wp\/v2\/media?parent=303696"}],"wp:term":[{"taxonomy":"category","embeddable":true,"href":"https:\/\/tucomarca.whitekongsoftware.com\/ca\/wp-json\/wp\/v2\/categories?post=303696"},{"taxonomy":"post_tag","embeddable":true,"href":"https:\/\/tucomarca.whitekongsoftware.com\/ca\/wp-json\/wp\/v2\/tags?post=303696"}],"curies":[{"name":"wp","href":"https:\/\/api.w.org\/{rel}","templated":true}]}}