{"id":303690,"date":"2026-05-28T10:45:00","date_gmt":"2026-05-28T08:45:00","guid":{"rendered":"https:\/\/www.tucomarca.com\/wordpress\/segunda\/?p=303690"},"modified":"2026-05-28T20:12:00","modified_gmt":"2026-05-28T18:12:00","slug":"la-diputacio-dissenyara-lestrategia-dimplantacio-de-la-ia-a-la-provincia-despres-darreplegar-les-prioritats-de-100-ajuntaments","status":"publish","type":"post","link":"https:\/\/tucomarca.whitekongsoftware.com\/ca\/la-diputacio-dissenyara-lestrategia-dimplantacio-de-la-ia-a-la-provincia-despres-darreplegar-les-prioritats-de-100-ajuntaments\/","title":{"rendered":"La Diputaci\u00f3 dissenyar\u00e0 l&#8217;estrat\u00e8gia d&#8217;implantaci\u00f3 de la IA a la prov\u00edncia despr\u00e9s d&#8217;arreplegar les prioritats de 100 ajuntaments"},"content":{"rendered":"\n<h3 class=\"wp-block-heading\">La nova \u00e0rea d&#8217;Intel\u00b7lig\u00e8ncia Artificial que dirigix Amparo Folgado conclou les tres jornades per a definir el futur de la IA en l&#8217;administraci\u00f3 local amb la participaci\u00f3 d&#8217;un centenar de municipis.<\/h3>\n\n\n\n<h3 class=\"wp-block-heading\">Amparo Folgado ha subratllat \u201cla import\u00e0ncia d&#8217;escoltar les inquietuds dels ajuntaments per a poder construir una estrat\u00e8gia \u00fatil i verdaderament municipalista en esta mat\u00e8ria\u201d.<\/h3>\n\n\n\n<p class=\"wp-block-paragraph\">La Diputaci\u00f3 de Val\u00e8ncia ha concl\u00f2s a Torrent les tres jornades participatives sobre Intel\u00b7lig\u00e8ncia Artificial aplicades a l&#8217;administraci\u00f3 local, una iniciativa pionera que ha reunit durant tres dies a 171 assistents procedents de 100 ajuntaments de la prov\u00edncia amb l&#8217;objectiu d&#8217;analitzar les oportunitats, reptes i necessitats d&#8217;implantaci\u00f3 de la IA en els municipis valencians.<\/p>\n\n\n\n<p class=\"wp-block-paragraph\">La diputada responsable de la nova \u00e0rea d&#8217;IA en la Diputaci\u00f3, Amparo Folgado, ha agra\u00eft \u201cla implicaci\u00f3, cooperaci\u00f3 i participaci\u00f3 dels c\u00e0rrecs electes i empleats p\u00fablics de tota la prov\u00edncia en esta iniciativa\u201d, destacant \u201cla import\u00e0ncia d&#8217;escoltar les inquietuds i prioritats reals dels ajuntaments per a construir una estrat\u00e8gia \u00fatil i verdaderament municipalista en mat\u00e8ria d&#8217;Intel\u00b7lig\u00e8ncia Artificial\u201d.<\/p>\n\n\n\n<p class=\"wp-block-paragraph\">La diputada provincial ha valorat \u201cla fruct\u00edfera contribuci\u00f3 realitzada pels municipis durant estos tres dies de treball\u201d, avan\u00e7ant que les conclusions extretes \u201cserviran per a dissenyar i prioritzar les futures accions de la Diputaci\u00f3 de Val\u00e8ncia en mat\u00e8ria d&#8217;IA\u201d. Folgado ha animat a m\u00e9s als ajuntaments \u201ca continuar implicats en esta l\u00ednia de treball que pot millorar notablement el funcionament de les administracions locals i la prestaci\u00f3 de servicis a la ciutadania\u201d, subratllant que \u201cla Intel\u00b7lig\u00e8ncia Artificial representa al mateix temps una gran oportunitat i un gran repte per als ajuntaments de totes les grand\u00e0ries i per a tots els perfils professionals de l&#8217;administraci\u00f3 local\u201d.&nbsp;<\/p>\n\n\n\n<p class=\"wp-block-paragraph\">As\u00edmismo, ha remarcat finalment el comprom\u00eds de la Diputaci\u00f3 de Val\u00e8ncia amb la transformaci\u00f3 digital dels municipis, materialitzat en la creaci\u00f3 d&#8217;un nou departament espec\u00edfic d&#8217;Intel\u00b7lig\u00e8ncia Artificial \u201camb una clara vocaci\u00f3 municipalista, d&#8217;escolta activa i d&#8217;acompanyament permanent als ajuntaments\u201d.<\/p>\n\n\n\n<p class=\"wp-block-paragraph\">A partir de les conclusions obtingudes en estes jornades participatives, la Diputaci\u00f3 de Val\u00e8ncia treballar\u00e0 durant les pr\u00f2ximes setmanes en el disseny de noves accions, recursos i mecanismes de suport que es desenvoluparan especialment durant 2026 i 2027 per a afavorir l&#8217;adopci\u00f3 de la Intel\u00b7lig\u00e8ncia Artificial als ajuntaments valencians. Entre elles es contemplaran tant solucions concretes d&#8217;\u00fas com instruments d&#8217;organitzaci\u00f3 interna, governan\u00e7a i acompanyament t\u00e8cnic per a les entitats locals.<\/p>\n\n\n\n<figure class=\"wp-block-image size-full\"><img loading=\"lazy\" decoding=\"async\" width=\"945\" height=\"638\" src=\"https:\/\/www.tucomarca.com\/wordpress\/segunda\/wp-content\/uploads\/2026\/05\/DipuIA-1.jpg\" alt=\"\" class=\"wp-image-303674\" srcset=\"https:\/\/tucomarca.whitekongsoftware.com\/wp-content\/uploads\/2026\/05\/DipuIA-1.jpg 945w, https:\/\/tucomarca.whitekongsoftware.com\/wp-content\/uploads\/2026\/05\/DipuIA-1-300x203.jpg 300w, https:\/\/tucomarca.whitekongsoftware.com\/wp-content\/uploads\/2026\/05\/DipuIA-1-768x519.jpg 768w\" sizes=\"auto, (max-width: 945px) 100vw, 945px\" \/><\/figure>\n\n\n\n<p class=\"wp-block-paragraph\"><\/p>\n\n\n\n<p class=\"wp-block-paragraph\"><strong>Les claus de la revoluci\u00f3 de la IA als ajuntaments valencians<\/strong><\/p>\n\n\n\n<p class=\"wp-block-paragraph\">Durant les tres jornades, organitzades segons la grand\u00e0ria dels ajuntaments participants -grans, mitjans i xicotets municipis-, s&#8217;han analitzat tant possibles casos d&#8217;\u00fas de la Intel\u00b7lig\u00e8ncia Artificial com a aspectes vinculats a la governan\u00e7a, l&#8217;organitzaci\u00f3 interna i la sostenibilitat de la seua implantaci\u00f3 en les administracions p\u00fabliques.<\/p>\n\n\n\n<p class=\"wp-block-paragraph\">Entre les q\u00fcestions abordades destaquen les necessitats formatives dels diferents perfils municipals, especialment t\u00e8cnics inform\u00e0tics, secretaris, interventors i c\u00e0rrecs electes, aix\u00ed com les possibles l\u00ednies d&#8217;assist\u00e8ncia i suport que podr\u00e0 oferir la Diputaci\u00f3 de Val\u00e8ncia a trav\u00e9s del seu nou departament especialitzat en IA.&nbsp;<\/p>\n\n\n\n<p class=\"wp-block-paragraph\">Aix\u00ed mateix, s&#8217;han estudiat f\u00f3rmules per a garantir la viabilitat t\u00e8cnica, econ\u00f2mica i organitzativa de la implantaci\u00f3 de la Intel\u00b7lig\u00e8ncia Artificial a mitj\u00e0 i llarg termini als ajuntaments, amb especial atenci\u00f3 als municipis amb menor capacitat t\u00e8cnica i de recursos.<\/p>\n\n\n\n<p class=\"wp-block-paragraph\">Les jornades, celebrades a la Sala C\u00edvica de l&#8217;Antic Mercat de Torrent, han comptat amb la participaci\u00f3 d&#8217;alcaldes, regidors, habilitats nacionals, t\u00e8cnics municipals i responsables de diferents \u00e0rees de gesti\u00f3 p\u00fablica, en una iniciativa impulsada per la nova \u00e0rea d&#8217;Intel\u00b7lig\u00e8ncia Artificial que dirigix la diputada provincial de Govern Obert i Integritat Institucional Amparo Folgado, dins de la nova estrat\u00e8gia provincial per a facilitar l&#8217;adopci\u00f3 responsable i efica\u00e7 de la Intel\u00b7lig\u00e8ncia Artificial en les administracions locals.<\/p>\n\n\n\n<p class=\"wp-block-paragraph\"><\/p>\n","protected":false},"excerpt":{"rendered":"<div class=\"mh-excerpt\">La nova \u00e0rea d&#8217;Intel\u00b7lig\u00e8ncia Artificial que dirigix Amparo Folgado conclou les tres jornades per a definir el futur de la IA en l&#8217;administraci\u00f3 local amb la participaci\u00f3 d&#8217;un centenar de municipis. Amparo Folgado ha subratllat <a class=\"mh-excerpt-more\" href=\"https:\/\/tucomarca.whitekongsoftware.com\/ca\/la-diputacio-dissenyara-lestrategia-dimplantacio-de-la-ia-a-la-provincia-despres-darreplegar-les-prioritats-de-100-ajuntaments\/\" title=\"La Diputaci\u00f3 dissenyar\u00e0 l&#8217;estrat\u00e8gia d&#8217;implantaci\u00f3 de la IA a la prov\u00edncia despr\u00e9s d&#8217;arreplegar les prioritats de 100 ajuntaments\">[+] <\/a><\/div>\n","protected":false},"author":12,"featured_media":303673,"comment_status":"closed","ping_status":"open","sticky":false,"template":"","format":"standard","meta":{"footnotes":""},"categories":[10898,10948,10894,10904,11007,10947,10896],"tags":[24445,11246,21030],"class_list":["post-303690","post","type-post","status-publish","format-standard","has-post-thumbnail","category-ventana-ca","category-infraestructuras-ca","category-la-comarca-ca","category-sin-categorizar-ca","category-ocio-y-cultura-ca","category-politica","category-seccion-ca","tag-ayuntamientos-valencianos","tag-diputacio-de-valencia-ca","tag-ia-ca"],"_links":{"self":[{"href":"https:\/\/tucomarca.whitekongsoftware.com\/ca\/wp-json\/wp\/v2\/posts\/303690","targetHints":{"allow":["GET"]}}],"collection":[{"href":"https:\/\/tucomarca.whitekongsoftware.com\/ca\/wp-json\/wp\/v2\/posts"}],"about":[{"href":"https:\/\/tucomarca.whitekongsoftware.com\/ca\/wp-json\/wp\/v2\/types\/post"}],"author":[{"embeddable":true,"href":"https:\/\/tucomarca.whitekongsoftware.com\/ca\/wp-json\/wp\/v2\/users\/12"}],"replies":[{"embeddable":true,"href":"https:\/\/tucomarca.whitekongsoftware.com\/ca\/wp-json\/wp\/v2\/comments?post=303690"}],"version-history":[{"count":0,"href":"https:\/\/tucomarca.whitekongsoftware.com\/ca\/wp-json\/wp\/v2\/posts\/303690\/revisions"}],"wp:featuredmedia":[{"embeddable":true,"href":"https:\/\/tucomarca.whitekongsoftware.com\/ca\/wp-json\/wp\/v2\/media\/303673"}],"wp:attachment":[{"href":"https:\/\/tucomarca.whitekongsoftware.com\/ca\/wp-json\/wp\/v2\/media?parent=303690"}],"wp:term":[{"taxonomy":"category","embeddable":true,"href":"https:\/\/tucomarca.whitekongsoftware.com\/ca\/wp-json\/wp\/v2\/categories?post=303690"},{"taxonomy":"post_tag","embeddable":true,"href":"https:\/\/tucomarca.whitekongsoftware.com\/ca\/wp-json\/wp\/v2\/tags?post=303690"}],"curies":[{"name":"wp","href":"https:\/\/api.w.org\/{rel}","templated":true}]}}