{"id":303681,"date":"2026-05-28T10:00:00","date_gmt":"2026-05-28T08:00:00","guid":{"rendered":"https:\/\/www.tucomarca.com\/wordpress\/segunda\/benaguasil-impulsa-una-nueva-edicion-del-campus-de-verano-para-ayudar-a-las-familias-en-la-conciliacion\/"},"modified":"2026-05-28T19:47:38","modified_gmt":"2026-05-28T17:47:38","slug":"benaguasil-impulsa-una-nueva-edicion-del-campus-de-verano-para-ayudar-a-las-familias-en-la-conciliacion","status":"publish","type":"post","link":"https:\/\/tucomarca.whitekongsoftware.com\/ca\/benaguasil-impulsa-una-nueva-edicion-del-campus-de-verano-para-ayudar-a-las-familias-en-la-conciliacion\/","title":{"rendered":"Benaguasil impulsa una nova edici\u00f3 del Campus d&#8217;Estiu per a ajudar a les fam\u00edlies en la conciliaci\u00f3"},"content":{"rendered":"\n<h3 class=\"wp-block-heading\">La iniciativa se celebrar\u00e0 de l&#8217;1 al 31 de juliol i inclour\u00e0 activitats esportives, tallers creatius, jocs i piscina.<\/h3>\n\n\n\n<p class=\"wp-block-paragraph\">L&#8217;Ajuntament de Benaguasil, mitjan\u00e7ant la regidoria d&#8217;Educaci\u00f3, ha posat en marxa una nova edici\u00f3 del Campus d&#8217;Estiu amb l&#8217;objectiu de facilitar la conciliaci\u00f3 laboral i familiar durant el per\u00edode vacacional, a m\u00e9s d&#8217;oferir una proposta divertida i educativa per als xiquets i xiquetes del municipi.<\/p>\n\n\n\n<p class=\"wp-block-paragraph\">El campus tindr\u00e0 lloc de l&#8217;1 al 31 de juliol en les instal\u00b7lacions del CEIP Luis Vives i del Poliesportiu Municipal, en horari de dilluns a divendres de #9:00 a #14:00 hores. L&#8217;activitat est\u00e0 dirigida a menors nascuts entre 2011 i 2022. Aix\u00ed mateix, es tornar\u00e0 a oferir el servei de matinera de #8:00 a #9:00 hores per a aquelles fam\u00edlies que el necessiten.<\/p>\n\n\n\n<p class=\"wp-block-paragraph\">La programaci\u00f3 comptar\u00e0 amb tallers de creativitat i manualitats, activitats d&#8217;expressi\u00f3 art\u00edstica, jocs, esports i jornades de piscina, oferint aix\u00ed una alternativa d&#8217;oci variada per a l&#8217;estiu.<\/p>\n\n\n\n<p class=\"wp-block-paragraph\">Les inscripcions podran realitzar-se de l&#8217;1 al 7 de juny, tant de manera presencial en la OAC com a trav\u00e9s de la seu electr\u00f2nica municipal.<\/p>\n\n\n\n<p class=\"wp-block-paragraph\">La regidora d&#8217;Educaci\u00f3, Rosa Cervera, ha destacat que aquest campus \u201csuposa un recurs molt important per a les fam\u00edlies, al mateix temps que permet que els m\u00e9s xicotets gaudisquen d&#8217;un estiu diferent, ple d&#8217;activitats educatives i recreatives\u201d.<\/p>\n","protected":false},"excerpt":{"rendered":"<div class=\"mh-excerpt\">La iniciativa se celebrar\u00e0 de l&#8217;1 al 31 de juliol i inclour\u00e0 activitats esportives, tallers creatius, jocs i piscina. L&#8217;Ajuntament de Benaguasil, mitjan\u00e7ant la regidoria d&#8217;Educaci\u00f3, ha posat en marxa una nova edici\u00f3 del Campus <a class=\"mh-excerpt-more\" href=\"https:\/\/tucomarca.whitekongsoftware.com\/ca\/benaguasil-impulsa-una-nueva-edicion-del-campus-de-verano-para-ayudar-a-las-familias-en-la-conciliacion\/\" title=\"Benaguasil impulsa una nova edici\u00f3 del Campus d&#8217;Estiu per a ajudar a les fam\u00edlies en la conciliaci\u00f3\">[+] <\/a><\/div>\n","protected":false},"author":1,"featured_media":303677,"comment_status":"closed","ping_status":"open","sticky":false,"template":"","format":"standard","meta":{"footnotes":""},"categories":[11019,10952,10892,10894,11007,10896],"tags":[11136,10899],"class_list":["post-303681","post","type-post","status-publish","format-standard","has-post-thumbnail","category-agenda-ca","category-benaguasil-ca","category-camp-de-turia-ca","category-la-comarca-ca","category-ocio-y-cultura-ca","category-seccion-ca","tag-benaguasil-ca","tag-camp-de-turia-ca"],"_links":{"self":[{"href":"https:\/\/tucomarca.whitekongsoftware.com\/ca\/wp-json\/wp\/v2\/posts\/303681","targetHints":{"allow":["GET"]}}],"collection":[{"href":"https:\/\/tucomarca.whitekongsoftware.com\/ca\/wp-json\/wp\/v2\/posts"}],"about":[{"href":"https:\/\/tucomarca.whitekongsoftware.com\/ca\/wp-json\/wp\/v2\/types\/post"}],"author":[{"embeddable":true,"href":"https:\/\/tucomarca.whitekongsoftware.com\/ca\/wp-json\/wp\/v2\/users\/1"}],"replies":[{"embeddable":true,"href":"https:\/\/tucomarca.whitekongsoftware.com\/ca\/wp-json\/wp\/v2\/comments?post=303681"}],"version-history":[{"count":0,"href":"https:\/\/tucomarca.whitekongsoftware.com\/ca\/wp-json\/wp\/v2\/posts\/303681\/revisions"}],"wp:featuredmedia":[{"embeddable":true,"href":"https:\/\/tucomarca.whitekongsoftware.com\/ca\/wp-json\/wp\/v2\/media\/303677"}],"wp:attachment":[{"href":"https:\/\/tucomarca.whitekongsoftware.com\/ca\/wp-json\/wp\/v2\/media?parent=303681"}],"wp:term":[{"taxonomy":"category","embeddable":true,"href":"https:\/\/tucomarca.whitekongsoftware.com\/ca\/wp-json\/wp\/v2\/categories?post=303681"},{"taxonomy":"post_tag","embeddable":true,"href":"https:\/\/tucomarca.whitekongsoftware.com\/ca\/wp-json\/wp\/v2\/tags?post=303681"}],"curies":[{"name":"wp","href":"https:\/\/api.w.org\/{rel}","templated":true}]}}