{"id":303595,"date":"2026-05-28T11:30:00","date_gmt":"2026-05-28T09:30:00","guid":{"rendered":"https:\/\/www.tucomarca.com\/wordpress\/segunda\/?p=303595"},"modified":"2026-05-28T19:28:48","modified_gmt":"2026-05-28T17:28:48","slug":"la-diputacio-financa-lultima-fase-de-construccio-del-nou-mercat-dayora-amb-1-575-000-euros-del-pla-obert","status":"publish","type":"post","link":"https:\/\/tucomarca.whitekongsoftware.com\/ca\/la-diputacio-financa-lultima-fase-de-construccio-del-nou-mercat-dayora-amb-1-575-000-euros-del-pla-obert\/","title":{"rendered":"La Diputaci\u00f3 finan\u00e7a l&#8217;\u00faltima fase de construcci\u00f3 del nou mercat d&#8217;Aiora amb 1.575.000 euros del Pla Obert\u00a0"},"content":{"rendered":"\n<h3 class=\"wp-block-heading\">L&#8217;obra, que es troba en per\u00edode de licitaci\u00f3, tindr\u00e0 un termini d&#8217;execuci\u00f3 de 12 mesos i consistir\u00e0 en restaurar les fa\u00e7anes de la casa dels Buitrones i adequar la planta baixa per al nou mercatLa vicepresidenta Nat\u00e0lia.<\/h3>\n\n\n\n<h3 class=\"wp-block-heading\">La comarca posar\u00e0 en marxa altres dos actuacions a Teresa de Cofrentes, la construcci\u00f3 del tanatori i una pista de futbol 3&#215;3. A la Plana Utiel-Requena hi ha quatre nous projectes amb una inversi\u00f3 de 880.000 euros.<\/h3>\n\n\n\n<h3 class=\"wp-block-heading\">La vicepresidenta Nat\u00e0lia Enguix, coordinadora del pla, destaca \u201cla varietat d&#8217;obres aprovades, des de projectes de legislatura en espais p\u00fablics fins a la renovaci\u00f3 del cicle de l&#8217;aigua i zones verdes i esportives\u201d.&nbsp;<\/h3>\n\n\n\n<p class=\"wp-block-paragraph\">La Diputaci\u00f3 de Val\u00e8ncia finan\u00e7ar\u00e0 la tercera fase de construcci\u00f3 del nou mercat d&#8217;Aiora, que se situar\u00e0 a la casa dels Buitrones, en la pla\u00e7a Major del poble. Amb una aportaci\u00f3 provincial de m\u00e9s de mili\u00f3 i mig d&#8217;euros, l&#8217;ajuntament ha tret ja a licitaci\u00f3 unes obres que tindran un termini d&#8217;execuci\u00f3 de 12 mesos, i que consistiran en la restauraci\u00f3 de les fa\u00e7anes de l&#8217;edifici, una vegada estabilitzat estructuralment i instal\u00b7lada la coberta, i l&#8217;adequaci\u00f3 de la planta baixa per a acollir el mercat, destinat a la venda minorista i el consum en el propi recinte.<\/p>\n\n\n\n<p class=\"wp-block-paragraph\">En paraules de Nat\u00e0lia Enguix, vicepresidenta de la Diputaci\u00f3 i coordinadora del Pla Obert a trav\u00e9s del qual es finan\u00e7a l&#8217;obra, \u201cel nou mercat d&#8217;Ayora \u00e9s l&#8217;exemple clar de projecte de legislatura, una gran actuaci\u00f3 com la del cinema Calif\u00f2rnia a Castell\u00f3 o la pla\u00e7a Vicente Barber\u00e1 a Manises que seria dif\u00edcil dur a terme sense un pla a quatre anys que oferisca temps i recursos als ajuntaments per a planificar, licitar i executar els treballs\u201d.<\/p>\n\n\n\n<p class=\"wp-block-paragraph\">Enguix considera que estos grans projectes \u201cmilloren la qualitat de vida de les persones que habiten els nostres pobles i ciutats, igual que altres actuacions menys costoses per\u00f2 tamb\u00e9 importants en infraestructures i servicis b\u00e0sics que subvencionem amb el major pla d&#8217;inversions en la hist\u00f2ria de la Diputaci\u00f3\u201d. El Pla Obert ha donat llum verda a m\u00e9s d&#8217;un miler d&#8217;actuacions que estan en marxa o han sigut ja executades en els municipis valencians, de les quals 68 formen part de l&#8217;\u00faltim decret, aprovat al maig.<\/p>\n\n\n\n<p class=\"wp-block-paragraph\">La comarca, que disposa d&#8217;una mica m\u00e9s de huit milions per a invertir fins a finals del pr\u00f2xim any, 1,4 milions m\u00e9s que en l&#8217;anterior legislatura, posa en marxa tres noves obres per un import pr\u00f2xim als dos milions d&#8217;euros: la del mercat d&#8217;Aiora, que disposar\u00e0 d&#8217;un espai de restauraci\u00f3 en la planta baixa, al costat dels lavabos i els llocs dels comerciants, aix\u00ed com magatzem i quart d&#8217;instal\u00b7lacions en el soterrani i dos plantes superiors di\u00e0fanes per a usos m\u00faltiples; i dos actuacions a Teresa de Cofrentes, que entre les seues infraestructures comptar\u00e0 amb un nou tanatori i una pista de futbol 3&#215;3.<\/p>\n\n\n\n<p class=\"wp-block-paragraph\"><strong>Plana Utiel-Requena<\/strong><\/p>\n\n\n\n<p class=\"wp-block-paragraph\">En la ve\u00efna comarca de la Plana Utiel-Requena trobem quatre nous projectes del Pla Obert, tres d&#8217;ells a Utiel i un a Requena, amb una inversi\u00f3 global de 880.000 euros. L&#8217;actuaci\u00f3 amb major pressupost \u00e9s la substituci\u00f3 de gespa natural per sint\u00e8tica en el terreny de joc de la pista d&#8217;atletisme de Requena (640.000 euros). Per part seua, Utiel substituir\u00e0 el col\u00b7lector del carrer Isabel la Cat\u00f2lica i reposar\u00e0 paviments en el nucli urb\u00e0 (120.000 euros); reurbanitzar\u00e0 carrers en l&#8217;aldea Casas de Utiel (76.000); i reformar\u00e0 un edifici del poliesportiu Los Corrales (48.000).<\/p>\n\n\n\n<p class=\"wp-block-paragraph\">A nivell provincial, el Pla Obert suma ja 1.121 projectes en marxa o executats a les comarques valencianes, amb una inversi\u00f3 pr\u00f2xima als 172 milions d&#8217;euros dels 350 milions dels quals consta el pla quadriennal. A estes xifres s&#8217;ha arribat despr\u00e9s de l&#8217;aprovaci\u00f3 de l&#8217;\u00faltim decret, amb data 25 de maig, en el qual es dona llum verda a 68 iniciatives presentades per 45 ajuntaments i tres mancomunitats, amb una dotaci\u00f3 global de 13,7 milions.<\/p>\n\n\n\n<p class=\"wp-block-paragraph\">Nat\u00e0lia Enguix coincidix amb el president, Vicent Momp\u00f3, que el principal programa inversor de la Diputaci\u00f3 \u201cimpulsa l&#8217;activitat econ\u00f2mica als nostres pobles i ciutats al mateix temps que millora la qualitat de vida de les persones que en ells habiten\u201d. \u201cEl principal objectiu d&#8217;este govern i esta legislatura \u00e9s estar m\u00e9s prop dels municipis, dels alcaldes i alcaldesses i de les ve\u00efnes i ve\u00efns, coneixent les seues inquietuds i ajudant-los en tot el que pot la Diputaci\u00f3, que \u00e9s molt\u201d, considera Momp\u00f3, qui destaca \u201cla gran faena de l&#8217;\u00e0rea de Cooperaci\u00f3 que dirigix la vicepresidenta Enguix per a convertir en realitat els projectes presentats pels ajuntaments\u201d.&nbsp;<\/p>\n","protected":false},"excerpt":{"rendered":"<div class=\"mh-excerpt\">L&#8217;obra, que es troba en per\u00edode de licitaci\u00f3, tindr\u00e0 un termini d&#8217;execuci\u00f3 de 12 mesos i consistir\u00e0 en restaurar les fa\u00e7anes de la casa dels Buitrones i adequar la planta baixa per al nou mercatLa <a class=\"mh-excerpt-more\" href=\"https:\/\/tucomarca.whitekongsoftware.com\/ca\/la-diputacio-financa-lultima-fase-de-construccio-del-nou-mercat-dayora-amb-1-575-000-euros-del-pla-obert\/\" title=\"La Diputaci\u00f3 finan\u00e7a l&#8217;\u00faltima fase de construcci\u00f3 del nou mercat d&#8217;Aiora amb 1.575.000 euros del Pla Obert\u00a0\">[+] <\/a><\/div>\n","protected":false},"author":12,"featured_media":303594,"comment_status":"closed","ping_status":"open","sticky":false,"template":"","format":"standard","meta":{"footnotes":""},"categories":[10954,10951,10898,10948,10894,10947,10908,10909,10896,10958,11059],"tags":[11163,11246,11934,19988,11099,10910,11415,11174],"class_list":["post-303595","post","type-post","status-publish","format-standard","has-post-thumbnail","category-ayora-ca","category-ayora-cofrentes-ca","category-ventana-ca","category-infraestructuras-ca","category-la-comarca-ca","category-politica","category-requena-ca","category-requena-utiel-ca","category-seccion-ca","category-teresa-de-cofrentes-ca","category-utiel-ca","tag-ayora-ca","tag-diputacio-de-valencia-ca","tag-el-valle-de-ayora-cofrentes-ca","tag-pla-obert-dinversions-ca","tag-requena-ca","tag-requena-utiel-ca","tag-teresa-de-cofrentes-ca","tag-utiel-ca"],"_links":{"self":[{"href":"https:\/\/tucomarca.whitekongsoftware.com\/ca\/wp-json\/wp\/v2\/posts\/303595","targetHints":{"allow":["GET"]}}],"collection":[{"href":"https:\/\/tucomarca.whitekongsoftware.com\/ca\/wp-json\/wp\/v2\/posts"}],"about":[{"href":"https:\/\/tucomarca.whitekongsoftware.com\/ca\/wp-json\/wp\/v2\/types\/post"}],"author":[{"embeddable":true,"href":"https:\/\/tucomarca.whitekongsoftware.com\/ca\/wp-json\/wp\/v2\/users\/12"}],"replies":[{"embeddable":true,"href":"https:\/\/tucomarca.whitekongsoftware.com\/ca\/wp-json\/wp\/v2\/comments?post=303595"}],"version-history":[{"count":0,"href":"https:\/\/tucomarca.whitekongsoftware.com\/ca\/wp-json\/wp\/v2\/posts\/303595\/revisions"}],"wp:featuredmedia":[{"embeddable":true,"href":"https:\/\/tucomarca.whitekongsoftware.com\/ca\/wp-json\/wp\/v2\/media\/303594"}],"wp:attachment":[{"href":"https:\/\/tucomarca.whitekongsoftware.com\/ca\/wp-json\/wp\/v2\/media?parent=303595"}],"wp:term":[{"taxonomy":"category","embeddable":true,"href":"https:\/\/tucomarca.whitekongsoftware.com\/ca\/wp-json\/wp\/v2\/categories?post=303595"},{"taxonomy":"post_tag","embeddable":true,"href":"https:\/\/tucomarca.whitekongsoftware.com\/ca\/wp-json\/wp\/v2\/tags?post=303595"}],"curies":[{"name":"wp","href":"https:\/\/api.w.org\/{rel}","templated":true}]}}