{"id":303534,"date":"2026-05-27T10:10:00","date_gmt":"2026-05-27T08:10:00","guid":{"rendered":"https:\/\/www.tucomarca.com\/wordpress\/segunda\/?p=303534"},"modified":"2026-05-27T20:18:52","modified_gmt":"2026-05-27T18:18:52","slug":"la-diputacio-aprova-14-nous-projectes-per-valor-de-12-milions-al-camp-de-turia-la-serrania-i-el-rincon-de-ademuz","status":"publish","type":"post","link":"https:\/\/tucomarca.whitekongsoftware.com\/ca\/la-diputacio-aprova-14-nous-projectes-per-valor-de-12-milions-al-camp-de-turia-la-serrania-i-el-rincon-de-ademuz\/","title":{"rendered":"La Diputaci\u00f3 aprova 14 nous projectes per valor de 1,2 milions al Camp de T\u00faria, la Serrania\u00a0 i el Rinc\u00f3n de Ademuz"},"content":{"rendered":"\n<h3 class=\"wp-block-heading\">L&#8217;\u00faltim decret del Pla Obert dona llum verda a projectes destacats com la zona de jocs del parc de Marines, la reforma del bar de la piscina de Chelva, o la renovaci\u00f3 de l&#8217;enllumenat p\u00fablic de Vallanca.<\/h3>\n\n\n\n<h3 class=\"wp-block-heading\">La vicepresidenta Nat\u00e0lia Enguix, coordinadora del pla, destaca \u201cla varietat d&#8217;obres aprovades, des de projectes de legislatura en espais p\u00fablics fins a la renovaci\u00f3 del cicle de l&#8217;aigua i zones verdes i esportives\u201d.<\/h3>\n\n\n\n<p class=\"wp-block-paragraph\">La Diputaci\u00f3 de Val\u00e8ncia ha aprovat un nou decret del Pla Obert, el principal programa inversor de la corporaci\u00f3, en el qual es dona llum verda a cinc nous projectes al Camp de T\u00faria, que suposen una inversi\u00f3 de 680.000 euros; altres sis projectes en la Serrania per valor de 378.000 euros; i tres m\u00e9s en el Rinc\u00f3n de Ademuz, per als quals la Diputaci\u00f3 destina quasi 200.000 euros.<\/p>\n\n\n\n<p class=\"wp-block-paragraph\">Entre les noves actuacions que es podran dur a terme a la comarca del Camp de T\u00faria, destaca la renovaci\u00f3 de la zona de jocs del Parc del Real de Marines, finan\u00e7ada amb 172.000 euros procedents de la instituci\u00f3 provincial. Es tracta de la mateixa quantitat que rebr\u00e0 l&#8217;Ajuntament de Benaguasil per a condicionar una parcel\u00b7la destinada a aparcament p\u00fablic. Tamb\u00e9 a Benaguasil s&#8217;han aprovat l&#8217;adquisici\u00f3 d&#8217;una escombradora vi\u00e0ria i les obres de reasfaltat de dos camins rurals del terme municipal. Finalment, Ll\u00edria podr\u00e0 escometre les obres de conservaci\u00f3, millora i manteniment del monument hist\u00f2ric Ba\u00f1os \u00c1rabes, gr\u00e0cies als 137.000 euros del Pla Obert.<\/p>\n\n\n\n<p class=\"wp-block-paragraph\">En la Serrania, sobre\u00efx la reforma del local que acull el bar de la piscina p\u00fablica de Chelva, una actuaci\u00f3 de 153.000 euros. A m\u00e9s, Chulilla ha vist aprovats dos dels seus projectes: la instal\u00b7laci\u00f3 d&#8217;un tancat de protecci\u00f3 en el recinte del balneari, i la pavimentaci\u00f3 de camins en les partides de Coscojar i el Mas. Aix\u00ed mateix, Alpuente podr\u00e0 actuar per a solucionar els problemes de p\u00e8rdua d&#8217;aigua en el tram de la font del cabezo; Andilla executar\u00e0 la reurbanitzaci\u00f3 del carrer Sant Paula; i La Yesa construir\u00e0 un magatzem annex a l&#8217;alberg municipal amb els diners de la Diputaci\u00f3.<\/p>\n\n\n\n<p class=\"wp-block-paragraph\">Finalment, en el Rinc\u00f3n de Ademuz, l&#8217;Ajuntament de Vallanca ha rebut el vistiplau per a renovar l&#8217;enllumenat p\u00fablic amb una inversi\u00f3 de 134.000 euros; mentres que Casas Bajas podr\u00e0 rehabilitar la pista esportiva del poliesportiu municipal, i Torrebaja substituir\u00e0 sis calderes en l&#8217;edifici de l&#8217;antiga caserna.<\/p>\n\n\n\n<p class=\"wp-block-paragraph\"><strong>Nou decret&nbsp;<\/strong><\/p>\n\n\n\n<p class=\"wp-block-paragraph\">A nivell provincial, el Pla Obert suma ja 1.121 projectes en marxa o executats a les comarques valencianes, amb una inversi\u00f3 pr\u00f2xima als 172 milions d&#8217;euros dels 350 milions dels quals consta el pla quadriennal. Estes xifres s&#8217;han aconseguit despr\u00e9s de l&#8217;aprovaci\u00f3 de l&#8217;\u00faltim decret, amb data 25 de maig, en el qual es dona llum verda a 68 iniciatives presentades per 45 ajuntaments i tres mancomunitats, amb una dotaci\u00f3 global de 13,7 milions.<\/p>\n\n\n\n<p class=\"wp-block-paragraph\">La vicepresidenta Nat\u00e0lia Enguix, coordinadora del Pla Obert, destaca \u201cels projectes de legislatura que estan presentant alguns municipis, com Anna, Piles i Ayora; actuacions que seria complicat realitzar sense un programa a quatre anys que elimine burocr\u00e0cia i pose a la disposici\u00f3 dels ajuntaments m\u00e9s recursos per a satisfer les necessitats de les persones que els habiten\u201d. \u201cEixa \u00e9s l&#8217;ess\u00e8ncia del pla, que cada municipi destine els diners al que necessite i que dispose de temps per a fer realitat els projectes, siguen grans o xicotetes actuacions que tamb\u00e9 s\u00f3n importants\u201d, recorda Enguix, que anima als consistoris que encara disposen de cr\u00e8dit en el Pla Obert a continuar presentant sol\u00b7licituds.<\/p>\n\n\n\n<p class=\"wp-block-paragraph\">Nat\u00e0lia Enguix coincidix amb el president, Vicent Momp\u00f3, que el principal programa inversor de la Diputaci\u00f3 \u201cimpulsa l&#8217;activitat econ\u00f2mica als nostres pobles i ciutats al mateix temps que millora la qualitat de vida de les persones que en ells habiten\u201d. \u201cEl principal objectiu d&#8217;este govern i esta legislatura \u00e9s estar m\u00e9s prop dels municipis, dels alcaldes i alcaldesses i de les ve\u00efnes i ve\u00efns, coneixent les seues inquietuds i ajudant-los en tot el que pot la Diputaci\u00f3, que \u00e9s molt\u201d, considera Momp\u00f3, qui destaca \u201cla gran faena de l&#8217;\u00e0rea de Cooperaci\u00f3 que dirigix la vicepresidenta Enguix per a convertir en realitat els projectes presentats pels ajuntaments\u201d.<\/p>\n","protected":false},"excerpt":{"rendered":"<div class=\"mh-excerpt\">L&#8217;\u00faltim decret del Pla Obert dona llum verda a projectes destacats com la zona de jocs del parc de Marines, la reforma del bar de la piscina de Chelva, o la renovaci\u00f3 de l&#8217;enllumenat p\u00fablic <a class=\"mh-excerpt-more\" href=\"https:\/\/tucomarca.whitekongsoftware.com\/ca\/la-diputacio-aprova-14-nous-projectes-per-valor-de-12-milions-al-camp-de-turia-la-serrania-i-el-rincon-de-ademuz\/\" title=\"La Diputaci\u00f3 aprova 14 nous projectes per valor de 1,2 milions al Camp de T\u00faria, la Serrania\u00a0 i el Rinc\u00f3n de Ademuz\">[+] <\/a><\/div>\n","protected":false},"author":12,"featured_media":303509,"comment_status":"closed","ping_status":"open","sticky":false,"template":"","format":"standard","meta":{"footnotes":""},"categories":[10890,10892,11046,10898,10948,10894,10947,10896],"tags":[10899,11413,11080,19988],"class_list":["post-303534","post","type-post","status-publish","format-standard","has-post-thumbnail","category-ademus","category-camp-de-turia-ca","category-los-serranos-ca","category-ventana-ca","category-infraestructuras-ca","category-la-comarca-ca","category-politica","category-seccion-ca","tag-camp-de-turia-ca","tag-el-rincon-de-ademuz-ca","tag-los-serranos-ca","tag-pla-obert-dinversions-ca"],"_links":{"self":[{"href":"https:\/\/tucomarca.whitekongsoftware.com\/ca\/wp-json\/wp\/v2\/posts\/303534","targetHints":{"allow":["GET"]}}],"collection":[{"href":"https:\/\/tucomarca.whitekongsoftware.com\/ca\/wp-json\/wp\/v2\/posts"}],"about":[{"href":"https:\/\/tucomarca.whitekongsoftware.com\/ca\/wp-json\/wp\/v2\/types\/post"}],"author":[{"embeddable":true,"href":"https:\/\/tucomarca.whitekongsoftware.com\/ca\/wp-json\/wp\/v2\/users\/12"}],"replies":[{"embeddable":true,"href":"https:\/\/tucomarca.whitekongsoftware.com\/ca\/wp-json\/wp\/v2\/comments?post=303534"}],"version-history":[{"count":0,"href":"https:\/\/tucomarca.whitekongsoftware.com\/ca\/wp-json\/wp\/v2\/posts\/303534\/revisions"}],"wp:featuredmedia":[{"embeddable":true,"href":"https:\/\/tucomarca.whitekongsoftware.com\/ca\/wp-json\/wp\/v2\/media\/303509"}],"wp:attachment":[{"href":"https:\/\/tucomarca.whitekongsoftware.com\/ca\/wp-json\/wp\/v2\/media?parent=303534"}],"wp:term":[{"taxonomy":"category","embeddable":true,"href":"https:\/\/tucomarca.whitekongsoftware.com\/ca\/wp-json\/wp\/v2\/categories?post=303534"},{"taxonomy":"post_tag","embeddable":true,"href":"https:\/\/tucomarca.whitekongsoftware.com\/ca\/wp-json\/wp\/v2\/tags?post=303534"}],"curies":[{"name":"wp","href":"https:\/\/api.w.org\/{rel}","templated":true}]}}