{"id":303530,"date":"2026-05-27T11:00:00","date_gmt":"2026-05-27T09:00:00","guid":{"rendered":"https:\/\/www.tucomarca.com\/wordpress\/segunda\/?p=303530"},"modified":"2026-05-27T20:09:11","modified_gmt":"2026-05-27T18:09:11","slug":"fotogaleria-xest-clausura-graffitea-2026-amb-el-swing-de-domisol-sisters-dins-del-cicle-musica-a-la-primavera","status":"publish","type":"post","link":"https:\/\/tucomarca.whitekongsoftware.com\/ca\/fotogaleria-xest-clausura-graffitea-2026-amb-el-swing-de-domisol-sisters-dins-del-cicle-musica-a-la-primavera\/","title":{"rendered":"Fotogaler\u00eda: Xest clausura Graffitea 2026 amb el swing de D\u00f3misol Sisters dins del cicle M\u00fasica a la primavera"},"content":{"rendered":"\n<p class=\"wp-block-paragraph\">L&#8217;Ajuntament de Xest ha celebrat aquest diumenge 25 de maig la clausura de la XI edici\u00f3 del Festival Internacional de Street Art Graffitea, que ha tingut lloc del 20 al 24 de maig sota el lema <em>\u201cResist\u00e8ncia Cultural\u201d,<\/em> consolidant al municipi com un dels principals referents de l&#8217;art urb\u00e0 contemporani.<\/p>\n\n\n\n<p class=\"wp-block-paragraph\">Durant l&#8217;\u00faltima setmana, els carrers de la localitat s&#8217;han transformat en una galeria oberta gr\u00e0cies a la intervenci\u00f3 d&#8217;artistes nacionals, refor\u00e7ant la idea de Xest com un gran museu a l&#8217;aire lliure on art i vida quotidiana conviuen. Unes creacions que han pogut ser conegudes i admirades pel p\u00fablic gr\u00e0cies a les visites guiades que s&#8217;han dut a terme durant l&#8217;\u00faltim cap de setmana del festival.<\/p>\n\n\n\n<p class=\"wp-block-paragraph\">La regidora de Cultura, M\u00aa \u00c1ngeles Llorente, va destacar durant l&#8217;acte de clausura la import\u00e0ncia del certamen: \u201cGraffitea \u00e9s art, cultura al carrer\u201d, posant en valor la seua dimensi\u00f3 social i participativa assenyalant que \u201cGraffitea \u00e9s art democr\u00e0tic, \u00e9s tradici\u00f3 i avantguarda, reflexi\u00f3 i expressi\u00f3, emoci\u00f3 i pensament cr\u00edtic, participaci\u00f3 i col\u00b7laboraci\u00f3 ciutadana, creativitat i bellesa\u201d.<\/p>\n\n\n\n<p class=\"wp-block-paragraph\">El festival ha aconseguit en 2026 la seua onzena edici\u00f3 consolidat com un projecte cultural transformador que activa l&#8217;espai p\u00fablic, genera identitat col\u00b7lectiva i deixa una petjada art\u00edstica permanent en el municipi. La programaci\u00f3 ha incl\u00f2s, a m\u00e9s de les intervencions murals, activitats educatives com Urban EduArt, visites guiades i propostes culturals dirigides a tots els p\u00fablics, refor\u00e7ant el paper de l&#8217;art urb\u00e0 com a eina pedag\u00f2gica i de pensament cr\u00edtic.<\/p>\n\n\n\n<p class=\"wp-block-paragraph\">Tal com va recordar el director art\u00edstic de Graffitea, Toni Espinar, \u201ccanviar el m\u00f3n no \u00e9s bogeria ni utopia, sin\u00f3 just\u00edcia\u201d, a m\u00e9s de destacar als artistes participants, referents del panorama nacional de l&#8217;art urb\u00e0, com Jacobo Pals Wey, Sonic Armada, Ana Penad\u00e9s, Iris Serrano, Paula Fraile, 3G Colors, Sea162, i Foskor. Cal recordar que Toni Espinar tamb\u00e9 va intervindre un dels murs cedits pel ve\u00efnat de Xest amb el seu proposada Murs Insubmisos 3.<\/p>\n\n\n\n<figure class=\"wp-block-gallery has-nested-images columns-default is-cropped wp-block-gallery-1 is-layout-flex wp-block-gallery-is-layout-flex\">\n<figure class=\"wp-block-image size-large\"><img loading=\"lazy\" decoding=\"async\" width=\"1024\" height=\"683\" data-id=\"303517\" src=\"https:\/\/www.tucomarca.com\/wordpress\/segunda\/wp-content\/uploads\/2026\/05\/ChesteGrafittea391-1024x683.jpg\" alt=\"\" class=\"wp-image-303517\" srcset=\"https:\/\/tucomarca.whitekongsoftware.com\/wp-content\/uploads\/2026\/05\/ChesteGrafittea391-1024x683.jpg 1024w, https:\/\/tucomarca.whitekongsoftware.com\/wp-content\/uploads\/2026\/05\/ChesteGrafittea391-300x200.jpg 300w, https:\/\/tucomarca.whitekongsoftware.com\/wp-content\/uploads\/2026\/05\/ChesteGrafittea391-768x512.jpg 768w, https:\/\/tucomarca.whitekongsoftware.com\/wp-content\/uploads\/2026\/05\/ChesteGrafittea391.jpg 1344w\" sizes=\"auto, (max-width: 1024px) 100vw, 1024px\" \/><\/figure>\n\n\n\n<figure class=\"wp-block-image size-large\"><img loading=\"lazy\" decoding=\"async\" width=\"1024\" height=\"683\" data-id=\"303519\" src=\"https:\/\/www.tucomarca.com\/wordpress\/segunda\/wp-content\/uploads\/2026\/05\/ChesteGrafittea447-1024x683.jpg\" alt=\"\" class=\"wp-image-303519\" srcset=\"https:\/\/tucomarca.whitekongsoftware.com\/wp-content\/uploads\/2026\/05\/ChesteGrafittea447-1024x683.jpg 1024w, https:\/\/tucomarca.whitekongsoftware.com\/wp-content\/uploads\/2026\/05\/ChesteGrafittea447-300x200.jpg 300w, https:\/\/tucomarca.whitekongsoftware.com\/wp-content\/uploads\/2026\/05\/ChesteGrafittea447-768x512.jpg 768w, https:\/\/tucomarca.whitekongsoftware.com\/wp-content\/uploads\/2026\/05\/ChesteGrafittea447.jpg 1344w\" sizes=\"auto, (max-width: 1024px) 100vw, 1024px\" \/><\/figure>\n<\/figure>\n\n\n\n<p class=\"wp-block-paragraph\"><\/p>\n\n\n\n<p class=\"wp-block-paragraph\"><strong>D\u00f3misol Sisters omplin de swing el tancament de Graffitea<\/strong><\/p>\n\n\n\n<p class=\"wp-block-paragraph\">El tancament musical ha sigut a c\u00e0rrec de D\u00f3misol Sisters, banda valenciana especialitzada a recrear l&#8217;\u00e8poca daurada del swing dels anys 30 i 40, que va oferir un recorregut pels grans cl\u00e0ssics del jazz amb un estil propi i una cuidada posada en escena.<\/p>\n\n\n\n<p class=\"wp-block-paragraph\">La formaci\u00f3, integrada per tres veus femenines i un quartet de jazz (piano, trompeta, contrabaix i bateria), destaca per les seues harmonies vocals i els seus directes orientats al ball i la diversi\u00f3, amb una traject\u00f2ria consolidada en escenaris de tota Espanya.<\/p>\n\n\n\n<p class=\"wp-block-paragraph\">El seu repertori abasta des de swing cl\u00e0ssic fins a jazz franc\u00e9s, bossa nova o rhythm and blues, combinant eleg\u00e0ncia vintage i energia esc\u00e8nica.<\/p>\n\n\n\n<p class=\"wp-block-paragraph\">En paraules de la regidora, el concert va suposar \u201cun viatge musical per l&#8217;era daurada del swing\u201d, que va posar el fermall d&#8217;or a aquesta edici\u00f3 del festival.<\/p>\n\n\n\n<p class=\"wp-block-paragraph\">Amb aquesta clausura, Xest reafirma la seua aposta per la cultura com a motor de transformaci\u00f3 social, integrant disciplines art\u00edstiques i acostant-les a la ciutadania en espais p\u00fablics i accessibles per a tots.<\/p>\n\n\n\n<p class=\"wp-block-paragraph\"><\/p>\n\n\n\n<figure class=\"wp-block-gallery has-nested-images columns-2 is-cropped wp-block-gallery-2 is-layout-flex wp-block-gallery-is-layout-flex\">\n<figure class=\"wp-block-image size-large\"><img loading=\"lazy\" decoding=\"async\" width=\"1024\" height=\"683\" data-id=\"303521\" src=\"https:\/\/www.tucomarca.com\/wordpress\/segunda\/wp-content\/uploads\/2026\/05\/ChesteGrafittea621-1024x683.jpg\" alt=\"\" class=\"wp-image-303521\" srcset=\"https:\/\/tucomarca.whitekongsoftware.com\/wp-content\/uploads\/2026\/05\/ChesteGrafittea621-1024x683.jpg 1024w, https:\/\/tucomarca.whitekongsoftware.com\/wp-content\/uploads\/2026\/05\/ChesteGrafittea621-300x200.jpg 300w, https:\/\/tucomarca.whitekongsoftware.com\/wp-content\/uploads\/2026\/05\/ChesteGrafittea621-768x512.jpg 768w, https:\/\/tucomarca.whitekongsoftware.com\/wp-content\/uploads\/2026\/05\/ChesteGrafittea621.jpg 1344w\" sizes=\"auto, (max-width: 1024px) 100vw, 1024px\" \/><\/figure>\n\n\n\n<figure class=\"wp-block-image size-large\"><img loading=\"lazy\" decoding=\"async\" width=\"1024\" height=\"683\" data-id=\"303523\" src=\"https:\/\/www.tucomarca.com\/wordpress\/segunda\/wp-content\/uploads\/2026\/05\/ChesteGrafittea628-1024x683.jpg\" alt=\"\" class=\"wp-image-303523\" srcset=\"https:\/\/tucomarca.whitekongsoftware.com\/wp-content\/uploads\/2026\/05\/ChesteGrafittea628-1024x683.jpg 1024w, https:\/\/tucomarca.whitekongsoftware.com\/wp-content\/uploads\/2026\/05\/ChesteGrafittea628-300x200.jpg 300w, https:\/\/tucomarca.whitekongsoftware.com\/wp-content\/uploads\/2026\/05\/ChesteGrafittea628-768x512.jpg 768w, https:\/\/tucomarca.whitekongsoftware.com\/wp-content\/uploads\/2026\/05\/ChesteGrafittea628.jpg 1344w\" sizes=\"auto, (max-width: 1024px) 100vw, 1024px\" \/><\/figure>\n\n\n\n<figure class=\"wp-block-image size-large\"><img loading=\"lazy\" decoding=\"async\" width=\"1024\" height=\"683\" data-id=\"303525\" src=\"https:\/\/www.tucomarca.com\/wordpress\/segunda\/wp-content\/uploads\/2026\/05\/ChesteGrafittea671-1024x683.jpg\" alt=\"\" class=\"wp-image-303525\" srcset=\"https:\/\/tucomarca.whitekongsoftware.com\/wp-content\/uploads\/2026\/05\/ChesteGrafittea671-1024x683.jpg 1024w, https:\/\/tucomarca.whitekongsoftware.com\/wp-content\/uploads\/2026\/05\/ChesteGrafittea671-300x200.jpg 300w, https:\/\/tucomarca.whitekongsoftware.com\/wp-content\/uploads\/2026\/05\/ChesteGrafittea671-768x512.jpg 768w, https:\/\/tucomarca.whitekongsoftware.com\/wp-content\/uploads\/2026\/05\/ChesteGrafittea671.jpg 1344w\" sizes=\"auto, (max-width: 1024px) 100vw, 1024px\" \/><\/figure>\n<\/figure>\n\n\n\n<p class=\"wp-block-paragraph\"><\/p>\n","protected":false},"excerpt":{"rendered":"<div class=\"mh-excerpt\">L&#8217;Ajuntament de Xest ha celebrat aquest diumenge 25 de maig la clausura de la XI edici\u00f3 del Festival Internacional de Street Art Graffitea, que ha tingut lloc del 20 al 24 de maig sota el <a class=\"mh-excerpt-more\" href=\"https:\/\/tucomarca.whitekongsoftware.com\/ca\/fotogaleria-xest-clausura-graffitea-2026-amb-el-swing-de-domisol-sisters-dins-del-cicle-musica-a-la-primavera\/\" title=\"Fotogaler\u00eda: Xest clausura Graffitea 2026 amb el swing de D\u00f3misol Sisters dins del cicle M\u00fasica a la primavera\">[+] <\/a><\/div>\n","protected":false},"author":12,"featured_media":303516,"comment_status":"closed","ping_status":"open","sticky":false,"template":"","format":"gallery","meta":{"footnotes":""},"categories":[10894,10912,11007,10896,10974],"tags":[11071,14507,14514,10914],"class_list":["post-303530","post","type-post","status-publish","format-gallery","has-post-thumbnail","category-la-comarca-ca","category-la-hoya-ca","category-ocio-y-cultura-ca","category-seccion-ca","category-cheste-ca","tag-cheste","tag-ciclo-musica-en-primavera-ca","tag-festival-de-street-art-graffitea-ca","tag-la-hoya-de-bunol-chiva-ca","post_format-post-format-gallery"],"_links":{"self":[{"href":"https:\/\/tucomarca.whitekongsoftware.com\/ca\/wp-json\/wp\/v2\/posts\/303530","targetHints":{"allow":["GET"]}}],"collection":[{"href":"https:\/\/tucomarca.whitekongsoftware.com\/ca\/wp-json\/wp\/v2\/posts"}],"about":[{"href":"https:\/\/tucomarca.whitekongsoftware.com\/ca\/wp-json\/wp\/v2\/types\/post"}],"author":[{"embeddable":true,"href":"https:\/\/tucomarca.whitekongsoftware.com\/ca\/wp-json\/wp\/v2\/users\/12"}],"replies":[{"embeddable":true,"href":"https:\/\/tucomarca.whitekongsoftware.com\/ca\/wp-json\/wp\/v2\/comments?post=303530"}],"version-history":[{"count":0,"href":"https:\/\/tucomarca.whitekongsoftware.com\/ca\/wp-json\/wp\/v2\/posts\/303530\/revisions"}],"wp:featuredmedia":[{"embeddable":true,"href":"https:\/\/tucomarca.whitekongsoftware.com\/ca\/wp-json\/wp\/v2\/media\/303516"}],"wp:attachment":[{"href":"https:\/\/tucomarca.whitekongsoftware.com\/ca\/wp-json\/wp\/v2\/media?parent=303530"}],"wp:term":[{"taxonomy":"category","embeddable":true,"href":"https:\/\/tucomarca.whitekongsoftware.com\/ca\/wp-json\/wp\/v2\/categories?post=303530"},{"taxonomy":"post_tag","embeddable":true,"href":"https:\/\/tucomarca.whitekongsoftware.com\/ca\/wp-json\/wp\/v2\/tags?post=303530"}],"curies":[{"name":"wp","href":"https:\/\/api.w.org\/{rel}","templated":true}]}}