{"id":303393,"date":"2026-05-27T10:45:00","date_gmt":"2026-05-27T08:45:00","guid":{"rendered":"https:\/\/www.tucomarca.com\/wordpress\/segunda\/?p=303393"},"modified":"2026-05-27T12:17:17","modified_gmt":"2026-05-27T10:17:17","slug":"la-generalitat-aposta-per-la-cultura-i-el-turisme-dinterior-com-a-ferramentes-per-a-lluitar-contra-el-despoblament","status":"publish","type":"post","link":"https:\/\/tucomarca.whitekongsoftware.com\/ca\/la-generalitat-aposta-per-la-cultura-i-el-turisme-dinterior-com-a-ferramentes-per-a-lluitar-contra-el-despoblament\/","title":{"rendered":"La Generalitat aposta per la cultura i el turisme d\u2019interior com a ferramentes per a lluitar contra el despoblament"},"content":{"rendered":"\n<h3 class=\"wp-block-heading\">El director general d\u2019Administraci\u00f3 Local presenta el condicionament i promoci\u00f3 de les sendes locals de Bicorp i Quesa.<\/h3>\n\n\n\n<h3 class=\"wp-block-heading\">El projecte \u2018Sendes de la Comunitat Valenciana\u2019 condiciona 30 sendes en 21 municipis perqu\u00e8 aconseguisquen la seua homologaci\u00f3 dins de la xarxa oficial d\u2019itineraris.<\/h3>\n\n\n\n<p class=\"wp-block-paragraph\">El director general d\u2019Administraci\u00f3 Local, Jos\u00e9 Antonio Redorat, ha destacat \u201cl\u2019aposta per la cultura i el turisme com a ferramenta per a lluitar contra el despoblament\u201d.<\/p>\n\n\n\n<p class=\"wp-block-paragraph\">Redorat ha presentat el condicionament i les accions de promoci\u00f3 de les sendes locals de Bicorp i Quesa, que formen part del projecte \u2018Sendes de la Comunitat Valenciana\u2019, que inclou actuacions per valor de 490.000 euros en 30 sendes de 21 municipis en risc de despoblament, per a aconseguir la seua homologaci\u00f3 dins de la xarxa oficial d\u2019itineraris naturals de la Comunitat Valenciana. Estes actuacions s\u2019estan finan\u00e7ant amb fons europeus Next Generation, en el marc del Pla de recuperaci\u00f3, transformaci\u00f3 i resili\u00e8ncia.<\/p>\n\n\n\n<p class=\"wp-block-paragraph\">El director general ha explicat que les sendes \u201cs\u00f3n capaces d\u2019atraure visitants i, per tant, constitu\u00efxen una oportunitat de creixement per a dinamitzar l\u2019economia ja que cal organitzar-se per a oferir les que este tipus de turisme requerix. Aix\u00ed, hist\u00f2ria, cultura, sendes i paisatges naturals \u00fanics formen part d\u2019un entorn en el qual passat i present continuen units mentres es guanya el futur\u201d.<\/p>\n\n\n\n<p class=\"wp-block-paragraph\">En esta l\u00ednia de suport a la recuperaci\u00f3 del patrimoni hist\u00f2ric com a atractiu per als municipis d\u2019interior, Redorat ha recordat que en 2025 la Generalitat va concedir a Quesa una ajuda de 150.000 euros per a la investigaci\u00f3 arqueol\u00f2gica, documentaci\u00f3 i consolidaci\u00f3 estructural del sector central del castell de Quesa. L\u2019objectiu \u00e9s preservar les seues restes hist\u00f2riques, estabilitzar els elements constructius existents i afavorir la seua posada en valor patrimonial i cultural.&nbsp;<\/p>\n\n\n\n<p class=\"wp-block-paragraph\"><strong>Sendes de Bicorp i Quesa<\/strong><\/p>\n\n\n\n<p class=\"wp-block-paragraph\">La sendera 236 de Bicorp t\u00e9 com a principal atractiu el riu Fraile, que acompanya pr\u00e0cticament cada pas del cam\u00ed. El riu suavitza un paisatge aspre i espectacular, ja que oferix diferents tolls que es poden gaudir i que convertixen la ruta en una experi\u00e8ncia \u00fanica. Un altre dels atractius \u00e9s la visi\u00f3 del peculiar pic del Fraile per la seua forma, situaci\u00f3 i entorn.<\/p>\n\n\n\n<p class=\"wp-block-paragraph\">A Quesa, la senda 205 convida a descobrir el costat m\u00e9s natural i silenci\u00f3s d\u2019este municipi: un recorregut que travessa muntanyes, barrancs i antics camins rurals en ple cor del paisatge mediterrani. Tamb\u00e9 en esta localitat discorre la senda de xicotet recorregut 203, a on es troba un dels enclavaments arqueol\u00f2gics m\u00e9s importants de la zona. Forma part del Conjunt d\u2019Art Rupestre Llevant\u00ed, declarat patrimoni mundial per la UNESCO. All\u00ed van habitar comunitats prehist\u00f2riques fa m\u00e9s de 7.000 anys.<\/p>\n\n\n\n<p class=\"wp-block-paragraph\">En la selecci\u00f3 d\u2019estes actuacions s\u2019ha tingut en compte que siguen municipis en risc de despoblament, que pertanguen a la Xarxa Natura 2000 i al Registre de sendes de la Comunitat Valenciana.\u00a0<\/p>\n","protected":false},"excerpt":{"rendered":"<div class=\"mh-excerpt\">El director general d\u2019Administraci\u00f3 Local presenta el condicionament i promoci\u00f3 de les sendes locals de Bicorp i Quesa. El projecte \u2018Sendes de la Comunitat Valenciana\u2019 condiciona 30 sendes en 21 municipis perqu\u00e8 aconseguisquen la seua <a class=\"mh-excerpt-more\" href=\"https:\/\/tucomarca.whitekongsoftware.com\/ca\/la-generalitat-aposta-per-la-cultura-i-el-turisme-dinterior-com-a-ferramentes-per-a-lluitar-contra-el-despoblament\/\" title=\"La Generalitat aposta per la cultura i el turisme d\u2019interior com a ferramentes per a lluitar contra el despoblament\">[+] <\/a><\/div>\n","protected":false},"author":1,"featured_media":303391,"comment_status":"closed","ping_status":"open","sticky":false,"template":"","format":"standard","meta":{"footnotes":""},"categories":[10965,10898,10948,10963,10894,10904,10903,10947,10972,10896],"tags":[13893,11498,11928,11080,11104],"class_list":["post-303393","post","type-post","status-publish","format-standard","has-post-thumbnail","category-bicorp-ca","category-ventana-ca","category-infraestructuras-ca","category-la-canal-de-navarres-ca","category-la-comarca-ca","category-sin-categorizar-ca","category-medio-ambiente-la-comarca-ca","category-politica","category-quesa-ca","category-seccion-ca","tag-bicorp-ca","tag-generalitat-valenciana-ca","tag-la-serrania-ca","tag-los-serranos-ca","tag-quesa-ca"],"_links":{"self":[{"href":"https:\/\/tucomarca.whitekongsoftware.com\/ca\/wp-json\/wp\/v2\/posts\/303393","targetHints":{"allow":["GET"]}}],"collection":[{"href":"https:\/\/tucomarca.whitekongsoftware.com\/ca\/wp-json\/wp\/v2\/posts"}],"about":[{"href":"https:\/\/tucomarca.whitekongsoftware.com\/ca\/wp-json\/wp\/v2\/types\/post"}],"author":[{"embeddable":true,"href":"https:\/\/tucomarca.whitekongsoftware.com\/ca\/wp-json\/wp\/v2\/users\/1"}],"replies":[{"embeddable":true,"href":"https:\/\/tucomarca.whitekongsoftware.com\/ca\/wp-json\/wp\/v2\/comments?post=303393"}],"version-history":[{"count":0,"href":"https:\/\/tucomarca.whitekongsoftware.com\/ca\/wp-json\/wp\/v2\/posts\/303393\/revisions"}],"wp:featuredmedia":[{"embeddable":true,"href":"https:\/\/tucomarca.whitekongsoftware.com\/ca\/wp-json\/wp\/v2\/media\/303391"}],"wp:attachment":[{"href":"https:\/\/tucomarca.whitekongsoftware.com\/ca\/wp-json\/wp\/v2\/media?parent=303393"}],"wp:term":[{"taxonomy":"category","embeddable":true,"href":"https:\/\/tucomarca.whitekongsoftware.com\/ca\/wp-json\/wp\/v2\/categories?post=303393"},{"taxonomy":"post_tag","embeddable":true,"href":"https:\/\/tucomarca.whitekongsoftware.com\/ca\/wp-json\/wp\/v2\/tags?post=303393"}],"curies":[{"name":"wp","href":"https:\/\/api.w.org\/{rel}","templated":true}]}}