{"id":303277,"date":"2026-05-27T09:30:00","date_gmt":"2026-05-27T07:30:00","guid":{"rendered":"https:\/\/www.tucomarca.com\/wordpress\/segunda\/?p=303277"},"modified":"2026-05-27T12:11:50","modified_gmt":"2026-05-27T10:11:50","slug":"millares-acollira-una-jornada-sobre-el-santuari-iber-roma-de-la-cova-dones","status":"publish","type":"post","link":"https:\/\/tucomarca.whitekongsoftware.com\/ca\/millares-acollira-una-jornada-sobre-el-santuari-iber-roma-de-la-cova-dones\/","title":{"rendered":"Millares acollir\u00e0 una jornada sobre el santuari iber-rom\u00e0 de la Cova Dones"},"content":{"rendered":"\n<p class=\"wp-block-paragraph\">El municipi de Millares celebrar\u00e0 el pr\u00f2xim 30 de maig de 2026 una jornada dedicada a l&#8217;estudi i divulgaci\u00f3 del santuari iber-rom\u00e0 de la Cova Dones, centrada en les inscripcions i la ritualitat d&#8217;aquest enclavament arqueol\u00f2gic.<\/p>\n\n\n\n<p class=\"wp-block-paragraph\">L&#8217;activitat tindr\u00e0 lloc a les 18,30 hores en la Col\u00b7lecci\u00f3 Museogr\u00e0fica Jos\u00e9 Mart\u00ednez Royo, situada en la Pla\u00e7a Hinchidor, i reunir\u00e0 especialistes universitaris i investigadors vinculats al patrimoni hist\u00f2ric i arqueol\u00f2gic.<\/p>\n\n\n\n<p class=\"wp-block-paragraph\">La programaci\u00f3 comen\u00e7ar\u00e0 amb la presentaci\u00f3 de la nova sala dedicada a la Cova Dones dins de la Col\u00b7lecci\u00f3 Museogr\u00e0fica JMR, a c\u00e0rrec del doctor Aitor Ruiz-Redondo, de la Universitat de Saragossa, i de la doctora Virginia Barciela, de la Universitat d&#8217;Alacant.<\/p>\n\n\n\n<p class=\"wp-block-paragraph\">Posteriorment, a les 19,15 hores, la doctora Silvia Alfay\u00e9, tamb\u00e9 investigadora de la Universitat de Saragossa, oferir\u00e0 la confer\u00e8ncia \u201cEl santuari iber-rom\u00e0 de Cova Dones: inscripcions i ritualitat\u201d, en la qual s&#8217;abordar\u00e0 el valor hist\u00f2ric, simb\u00f2lic i arqueol\u00f2gic d&#8217;aquest espai singular.<\/p>\n\n\n\n<p class=\"wp-block-paragraph\">La jornada est\u00e0 organitzada amb la col\u00b7laboraci\u00f3 de l&#8217;Ajuntament de Millares, l&#8217;Institut Universitari d&#8217;Investigaci\u00f3 en Arqueologia i Patrimoni Hist\u00f2ric de la Universitat d&#8217;Alacant, i de la Universitat de Saragossa, aix\u00ed com l&#8217;entitat cultural Arquivolta, amb l&#8217;objectiu d&#8217;acostar a la ciutadania el coneixement sobre el patrimoni hist\u00f2ric local i la seua rellev\u00e0ncia dins de la investigaci\u00f3 arqueol\u00f2gica.<\/p>\n\n\n\n<p class=\"wp-block-paragraph\">Despr\u00e9s dels actes culturals, l&#8217;Ajuntament oferir\u00e0 una degustaci\u00f3 de productes locals.<\/p>\n","protected":false},"excerpt":{"rendered":"<div class=\"mh-excerpt\">El municipi de Millares celebrar\u00e0 el pr\u00f2xim 30 de maig de 2026 una jornada dedicada a l&#8217;estudi i divulgaci\u00f3 del santuari iber-rom\u00e0 de la Cova Dones, centrada en les inscripcions i la ritualitat d&#8217;aquest enclavament <a class=\"mh-excerpt-more\" href=\"https:\/\/tucomarca.whitekongsoftware.com\/ca\/millares-acollira-una-jornada-sobre-el-santuari-iber-roma-de-la-cova-dones\/\" title=\"Millares acollir\u00e0 una jornada sobre el santuari iber-rom\u00e0 de la Cova Dones\">[+] <\/a><\/div>\n","protected":false},"author":12,"featured_media":303275,"comment_status":"closed","ping_status":"open","sticky":false,"template":"","format":"standard","meta":{"footnotes":""},"categories":[11019,10963,10894,10970,11007,10896],"tags":[21839,11094,10914,11186],"class_list":["post-303277","post","type-post","status-publish","format-standard","has-post-thumbnail","category-agenda-ca","category-la-canal-de-navarres-ca","category-la-comarca-ca","category-millares-ca","category-ocio-y-cultura-ca","category-seccion-ca","tag-cueva-donas-ca","tag-la-canal-de-navarres","tag-la-hoya-de-bunol-chiva-ca","tag-millares-ca"],"_links":{"self":[{"href":"https:\/\/tucomarca.whitekongsoftware.com\/ca\/wp-json\/wp\/v2\/posts\/303277","targetHints":{"allow":["GET"]}}],"collection":[{"href":"https:\/\/tucomarca.whitekongsoftware.com\/ca\/wp-json\/wp\/v2\/posts"}],"about":[{"href":"https:\/\/tucomarca.whitekongsoftware.com\/ca\/wp-json\/wp\/v2\/types\/post"}],"author":[{"embeddable":true,"href":"https:\/\/tucomarca.whitekongsoftware.com\/ca\/wp-json\/wp\/v2\/users\/12"}],"replies":[{"embeddable":true,"href":"https:\/\/tucomarca.whitekongsoftware.com\/ca\/wp-json\/wp\/v2\/comments?post=303277"}],"version-history":[{"count":0,"href":"https:\/\/tucomarca.whitekongsoftware.com\/ca\/wp-json\/wp\/v2\/posts\/303277\/revisions"}],"wp:featuredmedia":[{"embeddable":true,"href":"https:\/\/tucomarca.whitekongsoftware.com\/ca\/wp-json\/wp\/v2\/media\/303275"}],"wp:attachment":[{"href":"https:\/\/tucomarca.whitekongsoftware.com\/ca\/wp-json\/wp\/v2\/media?parent=303277"}],"wp:term":[{"taxonomy":"category","embeddable":true,"href":"https:\/\/tucomarca.whitekongsoftware.com\/ca\/wp-json\/wp\/v2\/categories?post=303277"},{"taxonomy":"post_tag","embeddable":true,"href":"https:\/\/tucomarca.whitekongsoftware.com\/ca\/wp-json\/wp\/v2\/tags?post=303277"}],"curies":[{"name":"wp","href":"https:\/\/api.w.org\/{rel}","templated":true}]}}