{"id":302199,"date":"2026-05-15T09:15:00","date_gmt":"2026-05-15T07:15:00","guid":{"rendered":"https:\/\/www.tucomarca.com\/wordpress\/segunda\/?p=302199"},"modified":"2026-05-15T14:20:34","modified_gmt":"2026-05-15T12:20:34","slug":"la-directora-general-docupacio-de-la-generalitat-visita-la-mancomunitat-foia-de-bunyol-xiva","status":"publish","type":"post","link":"https:\/\/tucomarca.whitekongsoftware.com\/ca\/la-directora-general-docupacio-de-la-generalitat-visita-la-mancomunitat-foia-de-bunyol-xiva\/","title":{"rendered":"La directora general d&#8217;Ocupaci\u00f3 de la Generalitat visita la Mancomunitat Foia de Bunyol-Xiva"},"content":{"rendered":"\n<p class=\"wp-block-paragraph\">La Directora General d&#8217;Ocupaci\u00f3 i Formaci\u00f3 de Labora de la Generalitat, Virginia Garrigues i Carmen Roda, subdirectora general d&#8217;aquest mateix organisme visita la Mancomunitat Foia de Bunyol-Xiva.<\/p>\n\n\n\n<p class=\"wp-block-paragraph\">En una trobada de treball centrat en l&#8217;an\u00e0lisi i seguiment de les pol\u00edtiques actives d&#8217;ocupaci\u00f3 que es desenvolupen des d&#8217;aquest organisme.<\/p>\n\n\n\n<p class=\"wp-block-paragraph\">La primera visita d&#8217;aquestes caracter\u00edstiques que realitza la directora general a la seu de la mancomunitat, ha perm\u00e9s abordar de forma detallada les diferents l\u00ednies d&#8217;actuaci\u00f3 impulsades des de la mancomunitat, aix\u00ed com la situaci\u00f3 actual dels projectes en marxa, els procediments desenvolupats i els recursos t\u00e8cnics i humans amb els quals la mancomunitat executa les diferents accions vinculades a l&#8217;ocupaci\u00f3 i la formaci\u00f3.<\/p>\n\n\n\n<p class=\"wp-block-paragraph\">Durant el partit tamb\u00e9 es van presentar els diferents recursos i opcions sobre els quals treballa l&#8217;equip t\u00e8cnic de la mancomunitat en mat\u00e8ria de foment de l&#8217;ocupaci\u00f3 i desenvolupament de l&#8217;economia local, unes accions que durant el passat exercici van estar condicionades pels efectes de la DANA en una comarca especialment afectada, dificultant el desenvolupament de plans socioecon\u00f2mics a mitj\u00e0 termini.<\/p>\n\n\n\n<p class=\"wp-block-paragraph\">L&#8217;equip de la mancomunitat ha traslladat a m\u00e9s, l&#8217;important esfor\u00e7 vertebrador que desenvolupa en mat\u00e8ria laboral en el conjunt de la comarca, especialment en suport d&#8217;aquells ajuntaments que no disposen de recursos propis suficients per a impulsar accions t\u00e8cniques i administratives relacionades amb l&#8217;ocupaci\u00f3 i la promoci\u00f3 econ\u00f2mica.<\/p>\n\n\n\n<p class=\"wp-block-paragraph\">En aquest sentit, des de l&#8217;entitat comarcal tamb\u00e9 s&#8217;ha posat sobre la taula la necessitat de continuar treballant en estrat\u00e8gies lligades a l&#8217;economia de proximitat, vinculades especialment al comer\u00e7 local i al turisme, com a eines fonamentals per a generar oportunitats i fixar poblaci\u00f3 en el territori.<\/p>\n\n\n\n<p class=\"wp-block-paragraph\">Durant la reuni\u00f3 la mancomunitat va assenyalar els grans esfor\u00e7os que els sindicats, membres de Pacte Territorial estan realitzat per crear ocupaci\u00f3, segons aix\u00f2 la Generalitat Valenciana desitja continuar impulsant els acords i mecanismes de col\u00b7laboraci\u00f3 amb aquests agents socials.<\/p>\n\n\n\n<p class=\"wp-block-paragraph\">La trobada va comptar amb alguns dels membres del Pacte Territorial per l&#8217;ocupaci\u00f3 ,entre els quals estaven els alcaldes i alcaldesses d&#8217;Alboraig, Macastre, Godelleta, Millars, Bunyol, Dosaig\u00fces, Xiva i Xest.<\/p>\n\n\n\n<p class=\"wp-block-paragraph\">Des de la mancomunitat s&#8217;ha valorat molt positivament aquesta visita institucional, que permet refor\u00e7ar la coordinaci\u00f3 entre administracions, sindicats i patronal per a avan\u00e7ar en el desenvolupament de pol\u00edtiques d&#8217;ocupaci\u00f3 adaptades a les necessitats reals dels municipis i de la ciutadania de la comarca.<a><\/a><\/p>\n","protected":false},"excerpt":{"rendered":"<div class=\"mh-excerpt\">La Directora General d&#8217;Ocupaci\u00f3 i Formaci\u00f3 de Labora de la Generalitat, Virginia Garrigues i Carmen Roda, subdirectora general d&#8217;aquest mateix organisme visita la Mancomunitat Foia de Bunyol-Xiva. En una trobada de treball centrat en l&#8217;an\u00e0lisi <a class=\"mh-excerpt-more\" href=\"https:\/\/tucomarca.whitekongsoftware.com\/ca\/la-directora-general-docupacio-de-la-generalitat-visita-la-mancomunitat-foia-de-bunyol-xiva\/\" title=\"La directora general d&#8217;Ocupaci\u00f3 de la Generalitat visita la Mancomunitat Foia de Bunyol-Xiva\">[+] <\/a><\/div>\n","protected":false},"author":12,"featured_media":302198,"comment_status":"closed","ping_status":"open","sticky":false,"template":"","format":"standard","meta":{"footnotes":""},"categories":[21466,10980,10948,10894,10904,10912,10947,10896],"tags":[12480,10914,11514],"class_list":["post-302199","post","type-post","status-publish","format-standard","has-post-thumbnail","category-dana-ca","category-yatova-ca","category-infraestructuras-ca","category-la-comarca-ca","category-sin-categorizar-ca","category-la-hoya-ca","category-politica","category-seccion-ca","tag-empleo-ca","tag-la-hoya-de-bunol-chiva-ca","tag-mancomunidad-de-la-hoya-de-bunol-chiva-ca"],"_links":{"self":[{"href":"https:\/\/tucomarca.whitekongsoftware.com\/ca\/wp-json\/wp\/v2\/posts\/302199","targetHints":{"allow":["GET"]}}],"collection":[{"href":"https:\/\/tucomarca.whitekongsoftware.com\/ca\/wp-json\/wp\/v2\/posts"}],"about":[{"href":"https:\/\/tucomarca.whitekongsoftware.com\/ca\/wp-json\/wp\/v2\/types\/post"}],"author":[{"embeddable":true,"href":"https:\/\/tucomarca.whitekongsoftware.com\/ca\/wp-json\/wp\/v2\/users\/12"}],"replies":[{"embeddable":true,"href":"https:\/\/tucomarca.whitekongsoftware.com\/ca\/wp-json\/wp\/v2\/comments?post=302199"}],"version-history":[{"count":0,"href":"https:\/\/tucomarca.whitekongsoftware.com\/ca\/wp-json\/wp\/v2\/posts\/302199\/revisions"}],"wp:featuredmedia":[{"embeddable":true,"href":"https:\/\/tucomarca.whitekongsoftware.com\/ca\/wp-json\/wp\/v2\/media\/302198"}],"wp:attachment":[{"href":"https:\/\/tucomarca.whitekongsoftware.com\/ca\/wp-json\/wp\/v2\/media?parent=302199"}],"wp:term":[{"taxonomy":"category","embeddable":true,"href":"https:\/\/tucomarca.whitekongsoftware.com\/ca\/wp-json\/wp\/v2\/categories?post=302199"},{"taxonomy":"post_tag","embeddable":true,"href":"https:\/\/tucomarca.whitekongsoftware.com\/ca\/wp-json\/wp\/v2\/tags?post=302199"}],"curies":[{"name":"wp","href":"https:\/\/api.w.org\/{rel}","templated":true}]}}