{"id":302191,"date":"2026-05-15T12:15:00","date_gmt":"2026-05-15T10:15:00","guid":{"rendered":"https:\/\/www.tucomarca.com\/wordpress\/segunda\/?p=302191"},"modified":"2026-05-15T14:24:07","modified_gmt":"2026-05-15T12:24:07","slug":"bunyol-rebutja-institucionalment-la-installacio-de-plantes-fotovoltaiques-i-de-biogas-a-lentorn-de-farrajon","status":"publish","type":"post","link":"https:\/\/tucomarca.whitekongsoftware.com\/ca\/bunyol-rebutja-institucionalment-la-installacio-de-plantes-fotovoltaiques-i-de-biogas-a-lentorn-de-farrajon\/","title":{"rendered":"Bunyol rebutja institucionalment la instal\u00b7laci\u00f3 de plantes fotovoltaiques i de biog\u00e0s a l\u2019entorn de Farraj\u00f3n"},"content":{"rendered":"\n<p class=\"wp-block-paragraph\">La corporaci\u00f3 municipal de l\u2019Ajuntament de Bunyol ha traslladat de manera un\u00e0nime el seu rebuig a les sol\u00b7licituds per a la instal\u00b7laci\u00f3 de plantes fotovoltaiques i de biog\u00e0s previstes a l\u2019entorn de Farraj\u00f3n, una zona de gran valor mediambiental i paisatg\u00edstic per al municipi.<\/p>\n\n\n\n<p class=\"wp-block-paragraph\">Amb l\u2019objectiu d\u2019analitzar la situaci\u00f3 i compartir les preocupacions existents al voltant d\u2019estos projectes, Bu\u00f1ol va acollir este dimecres una reuni\u00f3 de treball amb representants de la Generalitat Valenciana i col\u00b7lectius ciutadans.<\/p>\n\n\n\n<p class=\"wp-block-paragraph\">En la trobada van participar el vicepresident tercer i conseller de Medi Ambient, Infraestructures, Territori i Recuperaci\u00f3, Vicente Mart\u00ednez Mus; la secret\u00e0ria auton\u00f2mica de Medi Ambient, Sabina Goretti; i el director general d\u2019Energia i Ind\u00fastria, Manuel Arg\u00fcelles, junt amb representants municipals i membres de l\u2019associaci\u00f3 Salvemos Farraj\u00f3n.<\/p>\n\n\n\n<p class=\"wp-block-paragraph\">Durant la reuni\u00f3 es va posar en valor la import\u00e0ncia ambiental, social i paisatg\u00edstica d\u2019este entorn natural, considerat un dels espais m\u00e9s sensibles del terme municipal.<\/p>\n\n\n\n<p class=\"wp-block-paragraph\">Des de l\u2019Ajuntament de Bunyol s\u2019ha reiterat el comprom\u00eds de continuar treballant en defensa del territori i d\u2019apostar per un model de desenvolupament sostenible i respectu\u00f3s amb l\u2019entorn natural del municipi.<\/p>\n","protected":false},"excerpt":{"rendered":"<div class=\"mh-excerpt\">La corporaci\u00f3 municipal de l\u2019Ajuntament de Bunyol ha traslladat de manera un\u00e0nime el seu rebuig a les sol\u00b7licituds per a la instal\u00b7laci\u00f3 de plantes fotovoltaiques i de biog\u00e0s previstes a l\u2019entorn de Farraj\u00f3n, una zona <a class=\"mh-excerpt-more\" href=\"https:\/\/tucomarca.whitekongsoftware.com\/ca\/bunyol-rebutja-institucionalment-la-installacio-de-plantes-fotovoltaiques-i-de-biogas-a-lentorn-de-farrajon\/\" title=\"Bunyol rebutja institucionalment la instal\u00b7laci\u00f3 de plantes fotovoltaiques i de biog\u00e0s a l\u2019entorn de Farraj\u00f3n\">[+] <\/a><\/div>\n","protected":false},"author":12,"featured_media":302190,"comment_status":"closed","ping_status":"open","sticky":false,"template":"","format":"standard","meta":{"footnotes":""},"categories":[10911,10898,10894,10904,10912,10903,10947,10896],"tags":[10913,24336,10914],"class_list":["post-302191","post","type-post","status-publish","format-standard","has-post-thumbnail","category-bunol-ca","category-ventana-ca","category-la-comarca-ca","category-sin-categorizar-ca","category-la-hoya-ca","category-medio-ambiente-la-comarca-ca","category-politica","category-seccion-ca","tag-bunol-ca","tag-instalacion-de-plantas-fotovoltaicas-y-de-biogas","tag-la-hoya-de-bunol-chiva-ca"],"_links":{"self":[{"href":"https:\/\/tucomarca.whitekongsoftware.com\/ca\/wp-json\/wp\/v2\/posts\/302191","targetHints":{"allow":["GET"]}}],"collection":[{"href":"https:\/\/tucomarca.whitekongsoftware.com\/ca\/wp-json\/wp\/v2\/posts"}],"about":[{"href":"https:\/\/tucomarca.whitekongsoftware.com\/ca\/wp-json\/wp\/v2\/types\/post"}],"author":[{"embeddable":true,"href":"https:\/\/tucomarca.whitekongsoftware.com\/ca\/wp-json\/wp\/v2\/users\/12"}],"replies":[{"embeddable":true,"href":"https:\/\/tucomarca.whitekongsoftware.com\/ca\/wp-json\/wp\/v2\/comments?post=302191"}],"version-history":[{"count":0,"href":"https:\/\/tucomarca.whitekongsoftware.com\/ca\/wp-json\/wp\/v2\/posts\/302191\/revisions"}],"wp:featuredmedia":[{"embeddable":true,"href":"https:\/\/tucomarca.whitekongsoftware.com\/ca\/wp-json\/wp\/v2\/media\/302190"}],"wp:attachment":[{"href":"https:\/\/tucomarca.whitekongsoftware.com\/ca\/wp-json\/wp\/v2\/media?parent=302191"}],"wp:term":[{"taxonomy":"category","embeddable":true,"href":"https:\/\/tucomarca.whitekongsoftware.com\/ca\/wp-json\/wp\/v2\/categories?post=302191"},{"taxonomy":"post_tag","embeddable":true,"href":"https:\/\/tucomarca.whitekongsoftware.com\/ca\/wp-json\/wp\/v2\/tags?post=302191"}],"curies":[{"name":"wp","href":"https:\/\/api.w.org\/{rel}","templated":true}]}}