{"id":302164,"date":"2026-05-15T12:00:00","date_gmt":"2026-05-15T10:00:00","guid":{"rendered":"https:\/\/www.tucomarca.com\/wordpress\/segunda\/?p=302164"},"modified":"2026-05-15T14:11:14","modified_gmt":"2026-05-15T12:11:14","slug":"el-turisme-valencia-consolida-el-seu-lideratge-amb-un-model-mes-sostenible-i-centrat-en-les-persones","status":"publish","type":"post","link":"https:\/\/tucomarca.whitekongsoftware.com\/ca\/el-turisme-valencia-consolida-el-seu-lideratge-amb-un-model-mes-sostenible-i-centrat-en-les-persones\/","title":{"rendered":"El turisme valenci\u00e0 consolida el seu lideratge amb un model m\u00e9s sostenible i centrat en les persones"},"content":{"rendered":"\n<h3 class=\"wp-block-heading\">El sector tur\u00edstic de la Comunitat Valenciana viu un moment hist\u00f2ric mentre avan\u00e7a cap a un model m\u00e9s equilibrat, innovador i centrat en el benestar social.<\/h3>\n\n\n\n<p class=\"wp-block-paragraph\">El turisme, un dels grans motors econ\u00f2mics de la Comunitat Valenciana, travessa una etapa de fortalesa i dinamisme. Les dades de l\u2019INE reflectixen un 2025 de xifres r\u00e8cord, tant en l\u2019arribada de visitants internacionals com en la despesa tur\u00edstica, consolidant l\u2019atractiu del dest\u00ed i el seu pes estrat\u00e8gic en l\u2019economia auton\u00f2mica.<\/p>\n\n\n<div class=\"wp-block-image\">\n<figure class=\"alignleft size-large is-resized\"><img loading=\"lazy\" decoding=\"async\" width=\"683\" height=\"1024\" src=\"https:\/\/www.tucomarca.com\/wordpress\/segunda\/wp-content\/uploads\/2026\/04\/TurismoCV4-683x1024.jpg\" alt=\"\" class=\"wp-image-300455\" style=\"width:260px;height:auto\" srcset=\"https:\/\/tucomarca.whitekongsoftware.com\/wp-content\/uploads\/2026\/04\/TurismoCV4-683x1024.jpg 683w, https:\/\/tucomarca.whitekongsoftware.com\/wp-content\/uploads\/2026\/04\/TurismoCV4-200x300.jpg 200w, https:\/\/tucomarca.whitekongsoftware.com\/wp-content\/uploads\/2026\/04\/TurismoCV4-768x1152.jpg 768w, https:\/\/tucomarca.whitekongsoftware.com\/wp-content\/uploads\/2026\/04\/TurismoCV4.jpg 886w\" sizes=\"auto, (max-width: 683px) 100vw, 683px\" \/><\/figure>\n<\/div>\n\n\n<p class=\"wp-block-paragraph\">No obstant aix\u00f2, m\u00e9s enll\u00e0 dels bons resultats, el sector es troba immers en un proc\u00e9s de transformaci\u00f3 que est\u00e0 redefinint el seu model. La sostenibilitat social ha passat a ocupar un lloc central, actuant com a eix per a equilibrar el creixement econ\u00f2mic amb la cohesi\u00f3 territorial i la qualitat de vida de la ciutadania.<\/p>\n\n\n\n<p class=\"wp-block-paragraph\">Tradicionalment associada al turisme de sol i platja, la Comunitat Valenciana mant\u00e9 eixe lideratge mentre amplia la seua proposta amb una oferta m\u00e9s diversa. Experi\u00e8ncies culturals, gastron\u00f2miques, rurals i esportives enriquixen el producte tur\u00edstic i afavorixen una distribuci\u00f3 m\u00e9s equilibrada de l\u2019activitat durant tot l\u2019any i en tot el territori.<\/p>\n\n\n\n<p class=\"wp-block-paragraph\">Este nou enfocament impulsa un model m\u00e9s robust i adaptable, en el qual la sostenibilitat social es consolida com a principi estructural. En este sentit, la pol\u00edtica tur\u00edstica auton\u00f2mica ha integrat este concepte com un dels seus pilars, apostant no sols per generar activitat econ\u00f2mica, sin\u00f3 per assegurar un impacte positiu en les persones i en els territoris.<\/p>\n\n\n\n<figure class=\"wp-block-gallery has-nested-images columns-default is-cropped wp-block-gallery-1 is-layout-flex wp-block-gallery-is-layout-flex\">\n<figure class=\"wp-block-image size-large\"><img loading=\"lazy\" decoding=\"async\" width=\"683\" height=\"1024\" data-id=\"300453\" src=\"https:\/\/www.tucomarca.com\/wordpress\/segunda\/wp-content\/uploads\/2026\/04\/TurismoCV3-683x1024.jpg\" alt=\"\" class=\"wp-image-300453\" srcset=\"https:\/\/tucomarca.whitekongsoftware.com\/wp-content\/uploads\/2026\/04\/TurismoCV3-683x1024.jpg 683w, https:\/\/tucomarca.whitekongsoftware.com\/wp-content\/uploads\/2026\/04\/TurismoCV3-200x300.jpg 200w, https:\/\/tucomarca.whitekongsoftware.com\/wp-content\/uploads\/2026\/04\/TurismoCV3-768x1152.jpg 768w, https:\/\/tucomarca.whitekongsoftware.com\/wp-content\/uploads\/2026\/04\/TurismoCV3.jpg 886w\" sizes=\"auto, (max-width: 683px) 100vw, 683px\" \/><\/figure>\n\n\n\n<figure class=\"wp-block-image size-large\"><img loading=\"lazy\" decoding=\"async\" width=\"683\" height=\"1024\" data-id=\"300451\" src=\"https:\/\/www.tucomarca.com\/wordpress\/segunda\/wp-content\/uploads\/2026\/04\/TurismoCV2-683x1024.jpg\" alt=\"\" class=\"wp-image-300451\" srcset=\"https:\/\/tucomarca.whitekongsoftware.com\/wp-content\/uploads\/2026\/04\/TurismoCV2-683x1024.jpg 683w, https:\/\/tucomarca.whitekongsoftware.com\/wp-content\/uploads\/2026\/04\/TurismoCV2-200x300.jpg 200w, https:\/\/tucomarca.whitekongsoftware.com\/wp-content\/uploads\/2026\/04\/TurismoCV2-768x1152.jpg 768w, https:\/\/tucomarca.whitekongsoftware.com\/wp-content\/uploads\/2026\/04\/TurismoCV2.jpg 886w\" sizes=\"auto, (max-width: 683px) 100vw, 683px\" \/><\/figure>\n<\/figure>\n\n\n\n<p class=\"wp-block-paragraph\"><\/p>\n\n\n\n<p class=\"wp-block-paragraph\">Esta estrat\u00e8gia es materialitza en instruments com el Pla Operatiu de Sostenibilitat Tur\u00edstica 2025 i l\u2019Estrat\u00e8gia de Sostenibilitat Tur\u00edstica 2024-2028, que incorporen de manera transversal criteris socials, econ\u00f2mics i territorials, en l\u00ednia amb els Objectius de Desenvolupament Sostenible (ODS) i els est\u00e0ndards europeus.<\/p>\n\n\n\n<p class=\"wp-block-paragraph\">L\u2019ocupaci\u00f3 \u00e9s un altre dels eixos clau d\u2019esta transformaci\u00f3. L\u2019aposta per un treball de major qualitat contribu\u00efx a dignificar el sector, recon\u00e9ixer el paper dels seus professionals i atraure talent, al mateix temps que refor\u00e7a el seu impacte social positiu.<\/p>\n\n\n\n<p class=\"wp-block-paragraph\">La innovaci\u00f3 i la digitalitzaci\u00f3 tamb\u00e9 exercixen un paper fonamental. Les ferramentes d\u2019intel\u00b7lig\u00e8ncia tur\u00edstica permeten optimitzar la gesti\u00f3 de fluxos, millorar la planificaci\u00f3 de recursos i prendre decisions basades en dades, augmentant l\u2019efici\u00e8ncia del sistema.<\/p>\n\n\n\n<p class=\"wp-block-paragraph\">Aix\u00ed mateix, la diversificaci\u00f3 de l\u2019oferta obri noves oportunitats en zones rurals i d\u2019interior, afavorint el desenvolupament territorial i contribuint a un repartiment m\u00e9s equilibrat de l\u2019activitat econ\u00f2mica.<\/p>\n\n\n\n<p class=\"wp-block-paragraph\">Este proc\u00e9s d\u2019evoluci\u00f3 es recolza en la col\u00b7laboraci\u00f3 entre administracions, sector privat i societat civil, en un model de governan\u00e7a compartida que millora l\u2019efic\u00e0cia de les pol\u00edtiques p\u00fabliques i alinea objectius comuns.<\/p>\n\n\n\n<p class=\"wp-block-paragraph\">D\u2019esta manera, la Comunitat Valenciana avan\u00e7a cap a un model tur\u00edstic que combina competitivitat, innovaci\u00f3 i sostenibilitat social. Un canvi de paradigma que no sols refor\u00e7a la seua posici\u00f3 com a dest\u00ed l\u00edder, sin\u00f3 que tamb\u00e9 genera valor afegit per al territori i millora el benestar de la ciutadania.<\/p>\n\n\n\n<p class=\"wp-block-paragraph\">El turisme es consolida aix\u00ed com un sector estrat\u00e8gic que evoluciona amb una premissa clara: cr\u00e9ixer, s\u00ed, per\u00f2 garantint al mateix temps cohesi\u00f3 social, oportunitats i qualitat de vida.<\/p>\n\n\n\n<figure class=\"wp-block-image size-large\"><img loading=\"lazy\" decoding=\"async\" width=\"1024\" height=\"56\" src=\"https:\/\/www.tucomarca.com\/wordpress\/segunda\/wp-content\/uploads\/2026\/04\/GVNEXTconTURISME-1024x56.png\" alt=\"\" class=\"wp-image-300445\" srcset=\"https:\/\/tucomarca.whitekongsoftware.com\/wp-content\/uploads\/2026\/04\/GVNEXTconTURISME-1024x56.png 1024w, https:\/\/tucomarca.whitekongsoftware.com\/wp-content\/uploads\/2026\/04\/GVNEXTconTURISME-300x16.png 300w, https:\/\/tucomarca.whitekongsoftware.com\/wp-content\/uploads\/2026\/04\/GVNEXTconTURISME-768x42.png 768w, https:\/\/tucomarca.whitekongsoftware.com\/wp-content\/uploads\/2026\/04\/GVNEXTconTURISME-1536x84.png 1536w, https:\/\/tucomarca.whitekongsoftware.com\/wp-content\/uploads\/2026\/04\/GVNEXTconTURISME-2048x112.png 2048w\" sizes=\"auto, (max-width: 1024px) 100vw, 1024px\" \/><\/figure>\n","protected":false},"excerpt":{"rendered":"<div class=\"mh-excerpt\">El sector tur\u00edstic de la Comunitat Valenciana viu un moment hist\u00f2ric mentre avan\u00e7a cap a un model m\u00e9s equilibrat, innovador i centrat en el benestar social. El turisme, un dels grans motors econ\u00f2mics de la <a class=\"mh-excerpt-more\" href=\"https:\/\/tucomarca.whitekongsoftware.com\/ca\/el-turisme-valencia-consolida-el-seu-lideratge-amb-un-model-mes-sostenible-i-centrat-en-les-persones\/\" title=\"El turisme valenci\u00e0 consolida el seu lideratge amb un model m\u00e9s sostenible i centrat en les persones\">[+] <\/a><\/div>\n","protected":false},"author":1,"featured_media":300450,"comment_status":"closed","ping_status":"open","sticky":false,"template":"","format":"gallery","meta":{"footnotes":""},"categories":[10898,10894,10904,11007,10896],"tags":[12384],"class_list":["post-302164","post","type-post","status-publish","format-gallery","has-post-thumbnail","category-ventana-ca","category-la-comarca-ca","category-sin-categorizar-ca","category-ocio-y-cultura-ca","category-seccion-ca","tag-turisme-comunitat-valenciana-ca","post_format-post-format-gallery"],"_links":{"self":[{"href":"https:\/\/tucomarca.whitekongsoftware.com\/ca\/wp-json\/wp\/v2\/posts\/302164","targetHints":{"allow":["GET"]}}],"collection":[{"href":"https:\/\/tucomarca.whitekongsoftware.com\/ca\/wp-json\/wp\/v2\/posts"}],"about":[{"href":"https:\/\/tucomarca.whitekongsoftware.com\/ca\/wp-json\/wp\/v2\/types\/post"}],"author":[{"embeddable":true,"href":"https:\/\/tucomarca.whitekongsoftware.com\/ca\/wp-json\/wp\/v2\/users\/1"}],"replies":[{"embeddable":true,"href":"https:\/\/tucomarca.whitekongsoftware.com\/ca\/wp-json\/wp\/v2\/comments?post=302164"}],"version-history":[{"count":0,"href":"https:\/\/tucomarca.whitekongsoftware.com\/ca\/wp-json\/wp\/v2\/posts\/302164\/revisions"}],"wp:featuredmedia":[{"embeddable":true,"href":"https:\/\/tucomarca.whitekongsoftware.com\/ca\/wp-json\/wp\/v2\/media\/300450"}],"wp:attachment":[{"href":"https:\/\/tucomarca.whitekongsoftware.com\/ca\/wp-json\/wp\/v2\/media?parent=302164"}],"wp:term":[{"taxonomy":"category","embeddable":true,"href":"https:\/\/tucomarca.whitekongsoftware.com\/ca\/wp-json\/wp\/v2\/categories?post=302164"},{"taxonomy":"post_tag","embeddable":true,"href":"https:\/\/tucomarca.whitekongsoftware.com\/ca\/wp-json\/wp\/v2\/tags?post=302164"}],"curies":[{"name":"wp","href":"https:\/\/api.w.org\/{rel}","templated":true}]}}