{"id":302053,"date":"2026-05-14T12:00:00","date_gmt":"2026-05-14T10:00:00","guid":{"rendered":"https:\/\/www.tucomarca.com\/wordpress\/segunda\/?p=302053"},"modified":"2026-05-14T18:17:29","modified_gmt":"2026-05-14T16:17:29","slug":"cortes-de-pallas-jalance-jarafuel-teresa-de-cofrents-i-cofrents-participen-en-un-simulacre-del-sistema-dalertes-es-alert-sobre-la-central-nuclear","status":"publish","type":"post","link":"https:\/\/tucomarca.whitekongsoftware.com\/ca\/cortes-de-pallas-jalance-jarafuel-teresa-de-cofrents-i-cofrents-participen-en-un-simulacre-del-sistema-dalertes-es-alert-sobre-la-central-nuclear\/","title":{"rendered":"Cortes de Pall\u00e0s, Jalance, Jarafuel, Teresa de Cofrents i Cofrents participen en un simulacre del sistema d&#8217;alertes ES-Alert sobre la central nuclear"},"content":{"rendered":"\n<p class=\"wp-block-paragraph\">Els tel\u00e8fons m\u00f2bils de milers de ve\u00efns de Cofrentes i altres municipis de l\u2019entorn han em\u00e9s este dijous el so d\u2019alerta del sistema ES-Alert amb motiu d\u2019un simulacre organitzat dins de la Zona I del PENVA de la central nuclear de Cofrentes.<\/p>\n\n\n<div class=\"wp-block-image\">\n<figure class=\"alignleft size-large is-resized\"><img loading=\"lazy\" decoding=\"async\" width=\"819\" height=\"1024\" src=\"https:\/\/www.tucomarca.com\/wordpress\/segunda\/wp-content\/uploads\/2026\/05\/CofrentesSimulacro1-819x1024.jpg\" alt=\"\" class=\"wp-image-302050\" style=\"width:340px;height:auto\" srcset=\"https:\/\/tucomarca.whitekongsoftware.com\/wp-content\/uploads\/2026\/05\/CofrentesSimulacro1-819x1024.jpg 819w, https:\/\/tucomarca.whitekongsoftware.com\/wp-content\/uploads\/2026\/05\/CofrentesSimulacro1-240x300.jpg 240w, https:\/\/tucomarca.whitekongsoftware.com\/wp-content\/uploads\/2026\/05\/CofrentesSimulacro1-768x960.jpg 768w, https:\/\/tucomarca.whitekongsoftware.com\/wp-content\/uploads\/2026\/05\/CofrentesSimulacro1.jpg 960w\" sizes=\"auto, (max-width: 819px) 100vw, 819px\" \/><\/figure>\n<\/div>\n\n\n<p class=\"wp-block-paragraph\">L\u2019av\u00eds s\u2019ha rebut a les 11:03 hores, tres minuts despr\u00e9s de l\u2019hora inicialment prevista, i ha arribat tamb\u00e9 a les localitats de Cortes de Pall\u00e1s, Jalance, Jarafuel i Teresa de Cofrentes, afectant potencialment m\u00e9s de 4.000 persones.<\/p>\n\n\n\n<p class=\"wp-block-paragraph\">La prova ha sigut impulsada per la Direcci\u00f3 General de Protecci\u00f3 Civil i Emerg\u00e8ncies junt amb la Subdelegaci\u00f3 del Govern, i suposa la primera vegada que este sistema d\u2019alertes s\u2019assaja espec\u00edficament en un escenari d\u2019emerg\u00e8ncia nuclear.<\/p>\n\n\n\n<p class=\"wp-block-paragraph\">El cap de la Unitat de Protecci\u00f3 Civil en la Delegaci\u00f3 del Govern a la Comunitat Valenciana, Salvador Rom\u00f3n Blas, va explicar que l\u2019objectiu principal era comprovar l\u2019abast real dels missatges i detectar possibles zones o dispositius on la cobertura puga fallar. A m\u00e9s, va recordar que les incid\u00e8ncies registrades fins ara a la central de Cofrentes han sigut sempre de car\u00e0cter t\u00e8cnic i intern i mai han requerit alertar la poblaci\u00f3.<\/p>\n\n\n\n<p class=\"wp-block-paragraph\">Per la seua part, el subdelegat del Govern a Val\u00e8ncia, Jos\u00e9 Rodr\u00edguez Jurado, va destacar que este tipus d\u2019exercicis permeten familiaritzar la ciutadania amb el sistema ES-Alert i millorar la capacitat de resposta davant possibles emerg\u00e8ncies. Segons va assenyalar, esta ferramenta complementa altres sistemes d\u2019av\u00eds i servix tamb\u00e9 per a detectar possibles ajustos t\u00e8cnics que permeten refor\u00e7ar la seguretat i efic\u00e0cia de les comunicacions d\u2019emerg\u00e8ncia.<\/p>\n","protected":false},"excerpt":{"rendered":"<div class=\"mh-excerpt\">Els tel\u00e8fons m\u00f2bils de milers de ve\u00efns de Cofrentes i altres municipis de l\u2019entorn han em\u00e9s este dijous el so d\u2019alerta del sistema ES-Alert amb motiu d\u2019un simulacre organitzat dins de la Zona I del <a class=\"mh-excerpt-more\" href=\"https:\/\/tucomarca.whitekongsoftware.com\/ca\/cortes-de-pallas-jalance-jarafuel-teresa-de-cofrents-i-cofrents-participen-en-un-simulacre-del-sistema-dalertes-es-alert-sobre-la-central-nuclear\/\" title=\"Cortes de Pall\u00e0s, Jalance, Jarafuel, Teresa de Cofrents i Cofrents participen en un simulacre del sistema d&#8217;alertes ES-Alert sobre la central nuclear\">[+] <\/a><\/div>\n","protected":false},"author":12,"featured_media":126478,"comment_status":"closed","ping_status":"open","sticky":false,"template":"","format":"standard","meta":{"footnotes":""},"categories":[10951,10955,10898,10956,10957,10894,10904,10947,10896,10897,10958],"tags":[11480,12003,23922],"class_list":["post-302053","post","type-post","status-publish","format-standard","has-post-thumbnail","category-ayora-cofrentes-ca","category-cofrentes-ca","category-ventana-ca","category-jalance-ca","category-jarafuel-ca","category-la-comarca-ca","category-sin-categorizar-ca","category-politica","category-seccion-ca","category-sucesos-la-comarca-ca","category-teresa-de-cofrentes-ca","tag-cofrentes-ca","tag-comarca-ayora-cofrentes-ca","tag-es-alert-ca"],"_links":{"self":[{"href":"https:\/\/tucomarca.whitekongsoftware.com\/ca\/wp-json\/wp\/v2\/posts\/302053","targetHints":{"allow":["GET"]}}],"collection":[{"href":"https:\/\/tucomarca.whitekongsoftware.com\/ca\/wp-json\/wp\/v2\/posts"}],"about":[{"href":"https:\/\/tucomarca.whitekongsoftware.com\/ca\/wp-json\/wp\/v2\/types\/post"}],"author":[{"embeddable":true,"href":"https:\/\/tucomarca.whitekongsoftware.com\/ca\/wp-json\/wp\/v2\/users\/12"}],"replies":[{"embeddable":true,"href":"https:\/\/tucomarca.whitekongsoftware.com\/ca\/wp-json\/wp\/v2\/comments?post=302053"}],"version-history":[{"count":0,"href":"https:\/\/tucomarca.whitekongsoftware.com\/ca\/wp-json\/wp\/v2\/posts\/302053\/revisions"}],"wp:featuredmedia":[{"embeddable":true,"href":"https:\/\/tucomarca.whitekongsoftware.com\/ca\/wp-json\/wp\/v2\/media\/126478"}],"wp:attachment":[{"href":"https:\/\/tucomarca.whitekongsoftware.com\/ca\/wp-json\/wp\/v2\/media?parent=302053"}],"wp:term":[{"taxonomy":"category","embeddable":true,"href":"https:\/\/tucomarca.whitekongsoftware.com\/ca\/wp-json\/wp\/v2\/categories?post=302053"},{"taxonomy":"post_tag","embeddable":true,"href":"https:\/\/tucomarca.whitekongsoftware.com\/ca\/wp-json\/wp\/v2\/tags?post=302053"}],"curies":[{"name":"wp","href":"https:\/\/api.w.org\/{rel}","templated":true}]}}