{"id":302029,"date":"2026-05-13T12:05:00","date_gmt":"2026-05-13T10:05:00","guid":{"rendered":"https:\/\/www.tucomarca.com\/wordpress\/segunda\/?p=302029"},"modified":"2026-05-13T20:28:25","modified_gmt":"2026-05-13T18:28:25","slug":"el-cim-la-armonica-de-bunyol-homenatjara-la-trajectoria-dels-seus-musics-en-el-concert-de-primavera","status":"publish","type":"post","link":"https:\/\/tucomarca.whitekongsoftware.com\/ca\/el-cim-la-armonica-de-bunyol-homenatjara-la-trajectoria-dels-seus-musics-en-el-concert-de-primavera\/","title":{"rendered":"El CIM \u201cLa Arm\u00f3nica\u201d de Bunyol homenatjar\u00e0 la traject\u00f2ria dels seus m\u00fasics en el Concert de Primavera"},"content":{"rendered":"\n<h3 class=\"wp-block-heading\">El Litre entregar\u00e0 les ins\u00edgnies d&#8217;antiguitat als seus m\u00fasics el dissabte 16 de maig a partir de les 19 hores en el Palacio de la M\u00fasica.<\/h3>\n\n\n\n<p class=\"wp-block-paragraph\">El Palau de la M\u00fasica acollir\u00e0 el dissabte 16 de maig el Concert de Primavera de la Banda Simf\u00f2nica del Centre Instructiu Musical \u201cLa Arm\u00f3nica\u201d de Bunyol, sota la batuta de Sa\u00fcl G\u00f3mez Soler. Durant aquest, es far\u00e0 lliurament de diferents ins\u00edgnies a aquells m\u00fasics que complisquen diverses d\u00e8cades de dedicaci\u00f3 i comprom\u00eds amb la m\u00fasica, des dels 20 fins als 50 anys.<\/p>\n\n\n\n<p class=\"wp-block-paragraph\">El programa del concert proposa un recorregut sonor constru\u00eft amb una estructura sim\u00e8trica entre les seues dues parts: des de la llum i l&#8217;impuls inicial fins al natural, el narratiu i el festiu. El concert a m\u00e9s, naix com un s\u00edmbol d&#8217;energia, renovaci\u00f3 i equilibri.<\/p>\n\n\n\n<p class=\"wp-block-paragraph\">Al llarg de la vesprada, la Banda Simf\u00f2nica de \u201cLa Arm\u00f3nica\u201d sota la direcci\u00f3 de Sa\u00fcl G\u00f3mez Soler interpretar\u00e0 A Jubilant Overture d&#8217;Alfred Reed, Davant Lucem de Thomas Doss, Mariandula de Santi Miguel, Las H\u00e9bridas de F. Mendelssohn i Poema Sanf\u00e9rmico de Vicent Egea.<\/p>\n\n\n\n<p class=\"wp-block-paragraph\">D&#8217;aquesta manera, El Litro oferir\u00e0 un concert que permetr\u00e0 gaudir de la m\u00fasica i recon\u00e9ixer el comprom\u00eds dels qui la fan possible. Les entrades anticipades podran adquirir-se el divendres 15 de maig en l&#8217;horari de 19 a 20 hores en el Palacio de la M\u00fasica.<\/p>\n","protected":false},"excerpt":{"rendered":"<div class=\"mh-excerpt\">El Litre entregar\u00e0 les ins\u00edgnies d&#8217;antiguitat als seus m\u00fasics el dissabte 16 de maig a partir de les 19 hores en el Palacio de la M\u00fasica. El Palau de la M\u00fasica acollir\u00e0 el dissabte 16 <a class=\"mh-excerpt-more\" href=\"https:\/\/tucomarca.whitekongsoftware.com\/ca\/el-cim-la-armonica-de-bunyol-homenatjara-la-trajectoria-dels-seus-musics-en-el-concert-de-primavera\/\" title=\"El CIM \u201cLa Arm\u00f3nica\u201d de Bunyol homenatjar\u00e0 la traject\u00f2ria dels seus m\u00fasics en el Concert de Primavera\">[+] <\/a><\/div>\n","protected":false},"author":12,"featured_media":302028,"comment_status":"closed","ping_status":"open","sticky":false,"template":"","format":"standard","meta":{"footnotes":""},"categories":[11019,10911,11005,10894,10912,11007,10896],"tags":[10913,11209,10914],"class_list":["post-302029","post","type-post","status-publish","format-standard","has-post-thumbnail","category-agenda-ca","category-bunol-ca","category-canal-musica","category-la-comarca-ca","category-la-hoya-ca","category-ocio-y-cultura-ca","category-seccion-ca","tag-bunol-ca","tag-cim-la-armonica-de-bunol-ca","tag-la-hoya-de-bunol-chiva-ca"],"_links":{"self":[{"href":"https:\/\/tucomarca.whitekongsoftware.com\/ca\/wp-json\/wp\/v2\/posts\/302029","targetHints":{"allow":["GET"]}}],"collection":[{"href":"https:\/\/tucomarca.whitekongsoftware.com\/ca\/wp-json\/wp\/v2\/posts"}],"about":[{"href":"https:\/\/tucomarca.whitekongsoftware.com\/ca\/wp-json\/wp\/v2\/types\/post"}],"author":[{"embeddable":true,"href":"https:\/\/tucomarca.whitekongsoftware.com\/ca\/wp-json\/wp\/v2\/users\/12"}],"replies":[{"embeddable":true,"href":"https:\/\/tucomarca.whitekongsoftware.com\/ca\/wp-json\/wp\/v2\/comments?post=302029"}],"version-history":[{"count":0,"href":"https:\/\/tucomarca.whitekongsoftware.com\/ca\/wp-json\/wp\/v2\/posts\/302029\/revisions"}],"wp:featuredmedia":[{"embeddable":true,"href":"https:\/\/tucomarca.whitekongsoftware.com\/ca\/wp-json\/wp\/v2\/media\/302028"}],"wp:attachment":[{"href":"https:\/\/tucomarca.whitekongsoftware.com\/ca\/wp-json\/wp\/v2\/media?parent=302029"}],"wp:term":[{"taxonomy":"category","embeddable":true,"href":"https:\/\/tucomarca.whitekongsoftware.com\/ca\/wp-json\/wp\/v2\/categories?post=302029"},{"taxonomy":"post_tag","embeddable":true,"href":"https:\/\/tucomarca.whitekongsoftware.com\/ca\/wp-json\/wp\/v2\/tags?post=302029"}],"curies":[{"name":"wp","href":"https:\/\/api.w.org\/{rel}","templated":true}]}}