{"id":301886,"date":"2026-05-13T12:00:00","date_gmt":"2026-05-13T10:00:00","guid":{"rendered":"https:\/\/www.tucomarca.com\/wordpress\/segunda\/?p=301886"},"modified":"2026-05-13T19:26:59","modified_gmt":"2026-05-13T17:26:59","slug":"perez-llorca-subratlla-la-inversio-de-mes-de-51-milions-deuros-per-a-modernitzar-i-construir-77-sistemes-de-sanejament-i-depuracio-en-la-provincia-de-valencia","status":"publish","type":"post","link":"https:\/\/tucomarca.whitekongsoftware.com\/ca\/perez-llorca-subratlla-la-inversio-de-mes-de-51-milions-deuros-per-a-modernitzar-i-construir-77-sistemes-de-sanejament-i-depuracio-en-la-provincia-de-valencia\/","title":{"rendered":"P\u00e9rez Llorca subratlla la inversi\u00f3 de m\u00e9s de 51 milions d\u2019euros per a modernitzar i construir 77 sistemes de sanejament i depuraci\u00f3 en la prov\u00edncia de Val\u00e8ncia"},"content":{"rendered":"\n<h3 class=\"wp-block-heading\">El president de la Generalitat i el president de la Diputaci\u00f3 de Val\u00e8ncia firmen el conveni per al finan\u00e7ament i execuci\u00f3 d\u2019infraestructures i sistemes de sanejament, depuraci\u00f3 i reutilitzaci\u00f3 d\u2019aig\u00fces residuals.<\/h3>\n\n\n\n<h3 class=\"wp-block-heading\">L\u2019acord beneficia m\u00e9s de 100 municipis de la prov\u00edncia de Val\u00e8ncia, refor\u00e7ant la inversi\u00f3 en poblacions de fins a 10.000 habitants.<\/h3>\n\n\n\n<h3 class=\"wp-block-heading\">El cap del Consell advoca per \u201cla pol\u00edtica \u00fatil\u201d i remarca que la Generalitat destina prop de 100 milions d\u2019euros per a impulsar els sistemes de sanejament i depuraci\u00f3 en tota la Comunitat Valenciana.<\/h3>\n\n\n\n<p class=\"wp-block-paragraph\">El president de la Generalitat, Juanfran P\u00e9rez Llorca, ha subratllat la inversi\u00f3 de m\u00e9s de 51 milions d\u2019euros per a modernitzar i construir 77 sistemes de sanejament i depuraci\u00f3 en la prov\u00edncia de Val\u00e8ncia.<\/p>\n\n\n\n<p class=\"wp-block-paragraph\">Aix\u00ed ho ha assenyalat despr\u00e9s de la firma del conveni entre la Generalitat, l\u2019Entitat P\u00fablica de Sanejament d\u2019Aig\u00fces Residuals de la Comunitat Valenciana (EPSAR) i la Diputaci\u00f3 de Val\u00e8ncia per al finan\u00e7ament i execuci\u00f3 d\u2019infraestructures i sistemes de sanejament, tractament, depuraci\u00f3 i reutilitzaci\u00f3 d\u2019aig\u00fces residuals en la prov\u00edncia de Val\u00e8ncia per al per\u00edode 2026-2029, en el qual l\u2019EPSAR finan\u00e7ar\u00e0 fins a 44,97 milions d\u2019euros i la Diputaci\u00f3 de Val\u00e8ncia aportar\u00e0 un m\u00e0xim de 6,52 milions.<\/p>\n\n\n\n<figure class=\"wp-block-gallery has-nested-images columns-default is-cropped wp-block-gallery-1 is-layout-flex wp-block-gallery-is-layout-flex\">\n<figure class=\"wp-block-image size-large\"><img loading=\"lazy\" decoding=\"async\" width=\"945\" height=\"589\" data-id=\"301895\" src=\"https:\/\/www.tucomarca.com\/wordpress\/segunda\/wp-content\/uploads\/2026\/05\/GVA_SANEAMIENTO17.jpg\" alt=\"\" class=\"wp-image-301895\" srcset=\"https:\/\/tucomarca.whitekongsoftware.com\/wp-content\/uploads\/2026\/05\/GVA_SANEAMIENTO17.jpg 945w, https:\/\/tucomarca.whitekongsoftware.com\/wp-content\/uploads\/2026\/05\/GVA_SANEAMIENTO17-300x187.jpg 300w, https:\/\/tucomarca.whitekongsoftware.com\/wp-content\/uploads\/2026\/05\/GVA_SANEAMIENTO17-768x479.jpg 768w\" sizes=\"auto, (max-width: 945px) 100vw, 945px\" \/><\/figure>\n\n\n\n<figure class=\"wp-block-image size-large\"><img loading=\"lazy\" decoding=\"async\" width=\"945\" height=\"704\" data-id=\"301893\" src=\"https:\/\/www.tucomarca.com\/wordpress\/segunda\/wp-content\/uploads\/2026\/05\/GVA_SANEAMIENTO11.jpg\" alt=\"\" class=\"wp-image-301893\" srcset=\"https:\/\/tucomarca.whitekongsoftware.com\/wp-content\/uploads\/2026\/05\/GVA_SANEAMIENTO11.jpg 945w, https:\/\/tucomarca.whitekongsoftware.com\/wp-content\/uploads\/2026\/05\/GVA_SANEAMIENTO11-300x223.jpg 300w, https:\/\/tucomarca.whitekongsoftware.com\/wp-content\/uploads\/2026\/05\/GVA_SANEAMIENTO11-768x572.jpg 768w, https:\/\/tucomarca.whitekongsoftware.com\/wp-content\/uploads\/2026\/05\/GVA_SANEAMIENTO11-80x60.jpg 80w\" sizes=\"auto, (max-width: 945px) 100vw, 945px\" \/><\/figure>\n<\/figure>\n\n\n\n<p class=\"wp-block-paragraph\"><\/p>\n\n\n\n<p class=\"wp-block-paragraph\">Per anualitats, la inversi\u00f3 de 51,49 milions d\u2019euros es distribu\u00efx en 5,61 milions d\u2019euros en 2026; 22,25 milions en 2027; 16,71 milions en 2028 i 6,91 milions en 2029.<\/p>\n\n\n\n<p class=\"wp-block-paragraph\">Durant la seua intervenci\u00f3, el cap del Consell ha destacat que l\u2019acord beneficiar\u00e0 m\u00e9s de 100 municipis de la prov\u00edncia de Val\u00e8ncia, \u201cespecialment els m\u00e9s xicotets\u201d, i s\u2019ha referit a la inversi\u00f3 de prop de 100 milions de la Generalitat per a impulsar els sistemes de sanejament i depuraci\u00f3 en tota la Comunitat Valenciana.&nbsp;<\/p>\n\n\n\n<figure class=\"wp-block-image size-full\"><img loading=\"lazy\" decoding=\"async\" width=\"945\" height=\"553\" src=\"https:\/\/www.tucomarca.com\/wordpress\/segunda\/wp-content\/uploads\/2026\/05\/GVA_SANEAMIENTO06.jpg\" alt=\"\" class=\"wp-image-301889\" srcset=\"https:\/\/tucomarca.whitekongsoftware.com\/wp-content\/uploads\/2026\/05\/GVA_SANEAMIENTO06.jpg 945w, https:\/\/tucomarca.whitekongsoftware.com\/wp-content\/uploads\/2026\/05\/GVA_SANEAMIENTO06-300x176.jpg 300w, https:\/\/tucomarca.whitekongsoftware.com\/wp-content\/uploads\/2026\/05\/GVA_SANEAMIENTO06-768x449.jpg 768w\" sizes=\"auto, (max-width: 945px) 100vw, 945px\" \/><\/figure>\n\n\n\n<p class=\"wp-block-paragraph\"><\/p>\n\n\n\n<p class=\"wp-block-paragraph\"><strong>Convenis amb les diputacions d\u2019Alacant i Castell\u00f3<\/strong><\/p>\n\n\n\n<p class=\"wp-block-paragraph\">D\u2019esta manera, P\u00e9rez Llorca ha recordat que la Generalitat ha impulsat acords similars amb les diputacions d\u2019Alacant i Castell\u00f3, que preveuen una inversi\u00f3 de 15,53 milions d\u2019euros i de m\u00e9s de 20 milions, respectivament.&nbsp;<\/p>\n\n\n\n<p class=\"wp-block-paragraph\">En este sentit, ha advocat per \u201cla pol\u00edtica \u00fatil\u201d basada en el \u201cdi\u00e0leg, l\u2019enteniment i la col\u00b7laboraci\u00f3\u201d per a millorar la qualitat de vida de la ciutadania.<\/p>\n\n\n\n<p class=\"wp-block-paragraph\">Aix\u00ed mateix, ha al\u00b7ludit al posicionament de la Comunitat Valenciana com un \u201creferent en reutilitzaci\u00f3 de l\u2019aigua\u201d, amb un 43 % del total estatal, al mateix temps que ha incidit en l\u2019aposta del Consell d\u2019arribar al 45 % amb la posada en marxa de totes les infraestructures h\u00eddriques que est\u00e0 impulsant la Generalitat.&nbsp;<\/p>\n\n\n\n<figure class=\"wp-block-image size-large\"><img loading=\"lazy\" decoding=\"async\" width=\"945\" height=\"427\" src=\"https:\/\/www.tucomarca.com\/wordpress\/segunda\/wp-content\/uploads\/2026\/05\/GVA_SANEAMIENTO00.jpg\" alt=\"\" class=\"wp-image-301887\" srcset=\"https:\/\/tucomarca.whitekongsoftware.com\/wp-content\/uploads\/2026\/05\/GVA_SANEAMIENTO00.jpg 945w, https:\/\/tucomarca.whitekongsoftware.com\/wp-content\/uploads\/2026\/05\/GVA_SANEAMIENTO00-300x136.jpg 300w, https:\/\/tucomarca.whitekongsoftware.com\/wp-content\/uploads\/2026\/05\/GVA_SANEAMIENTO00-768x347.jpg 768w\" sizes=\"auto, (max-width: 945px) 100vw, 945px\" \/><\/figure>\n\n\n\n<p class=\"wp-block-paragraph\"><\/p>\n\n\n\n<p class=\"wp-block-paragraph\"><strong>Actuacions en totes les comarques de Val\u00e8ncia<\/strong><\/p>\n\n\n\n<p class=\"wp-block-paragraph\">L\u2019acord de cooperaci\u00f3 entre la Generalitat i la Diputaci\u00f3 de Val\u00e8ncia implica un impacte en totes de les comarques, refor\u00e7ant la inversi\u00f3 en poblacions de fins a 10.000 habitants.&nbsp;<\/p>\n\n\n\n<p class=\"wp-block-paragraph\">Es preveuen actuacions per a la renovaci\u00f3 i construcci\u00f3 de depuradores i xarxes de sanejament; la substituci\u00f3 d\u2019equips obsolets per a millorar l\u2019efici\u00e8ncia energ\u00e8tica i reduir costos; la implantaci\u00f3 de sistemes de control i monitoratge per a optimitzar el funcionament; i la modernitzaci\u00f3 d\u2019instal\u00b7lacions per a millorar la qualitat de l\u2019aigua tractada i fomentar la seua reutilitzaci\u00f3.<\/p>\n\n\n\n<p class=\"wp-block-paragraph\">Per comarques, en la Plana d\u2019Utiel-Requena la dotaci\u00f3 econ\u00f2mica arriba als 5,4 milions d\u2019euros, en la qual l\u2019actuaci\u00f3 m\u00e9s destacada \u00e9s un nou sistema de sanejament a Requena, mentres que en la Vall d\u2019Albaida se superen els 9,6 milions d\u2019euros per a la millora o reforma parcial de les infraestructures en poblacions com Albaida, entre altres intervencions.<\/p>\n\n\n\n<p class=\"wp-block-paragraph\">Per a la Ribera Alta el pressupost es xifra en m\u00e9s de 15,5 milions d\u2019euros per a dur a terme noves instal\u00b7lacions a Gavarda, Montserrant i Montroi, a m\u00e9s de la millora o renovaci\u00f3 d\u2019equips en altres municipis de la comarca; al mateix temps que la inversi\u00f3 per a la Ribera Baixa supera el mig mili\u00f3 d\u2019euros per a actuacions en les poblacions de Favara, Riola i Corbera-Llaur\u00ed.&nbsp;<\/p>\n\n\n\n<p class=\"wp-block-paragraph\">La dotaci\u00f3 econ\u00f2mica per a la Safor se situa en m\u00e9s de 4,7 milions d\u2019euros per a la construcci\u00f3 de les instal\u00b7lacions de Simat de la Valldigna i Almiser\u00e0-Llocnou de Sant Jeroni, entre altres intervencions. En canvi, en la Serrania s\u2019invertiran m\u00e9s de 7,6 milions d\u2019euros amb diverses accions destacades com els nous sistemes de sanejament d\u2019Alpuente i Andilla.&nbsp;<\/p>\n\n\n\n<p class=\"wp-block-paragraph\">Per part seua, les iniciatives en el Camp de Morvedre arriben als 878.000 euros per a la substituci\u00f3 d\u2019equips a Algar de Pal\u00e0ncia, Mancomunitat de les Valls i Torres Torres, mentres que en el Camp de T\u00faria se substituiran els equips a Casinos per valor de prop de 16.000 euros.<\/p>\n\n\n\n<p class=\"wp-block-paragraph\">En la Vall d\u2019Aiora la inversi\u00f3 total es xifra en m\u00e9s de 114.000 euros per a la substituci\u00f3 d\u2019equips a Ayora, Cofrentes, Cortes de Pall\u00e1s i Teresa de Cofrentes; i en la Canal de Navarr\u00e9s, per contra, es millorar\u00e0 la infraestructura de Quesa, entre altres iniciatives per a reempla\u00e7ar els equips en altres poblacions amb una dotaci\u00f3 econ\u00f2mica global de 869.000 euros.<\/p>\n\n\n\n<p class=\"wp-block-paragraph\">El pressupost per a la comarca de la Costera \u00e9s de 749.000 euros amb obres per a la millora de la instal\u00b7laci\u00f3 del Genov\u00e9s, a m\u00e9s de substitucions d\u2019equips en altres municipis.<\/p>\n\n\n\n<p class=\"wp-block-paragraph\">En refer\u00e8ncia a la Foia de Bunyol, es far\u00e0 una inversi\u00f3 superior als 2,6 milions d\u2019euros per a la reforma integral de l\u2019EDAR de Godelleta i la renovaci\u00f3 de les de Siete Aguas i Cheste.&nbsp;<\/p>\n\n\n\n<p class=\"wp-block-paragraph\">Finalment, el pressupost per al Rac\u00f3 d\u2019Adem\u00fas \u00e9s de quasi un mili\u00f3 d\u2019euros, amb actuacions destacades com la futura depuradora de Puebla de San Miguel.&nbsp;<\/p>\n\n\n\n<p class=\"wp-block-paragraph\"><\/p>\n","protected":false},"excerpt":{"rendered":"<div class=\"mh-excerpt\">El president de la Generalitat i el president de la Diputaci\u00f3 de Val\u00e8ncia firmen el conveni per al finan\u00e7ament i execuci\u00f3 d\u2019infraestructures i sistemes de sanejament, depuraci\u00f3 i reutilitzaci\u00f3 d\u2019aig\u00fces residuals. L\u2019acord beneficia m\u00e9s de <a class=\"mh-excerpt-more\" href=\"https:\/\/tucomarca.whitekongsoftware.com\/ca\/perez-llorca-subratlla-la-inversio-de-mes-de-51-milions-deuros-per-a-modernitzar-i-construir-77-sistemes-de-sanejament-i-depuracio-en-la-provincia-de-valencia\/\" title=\"P\u00e9rez Llorca subratlla la inversi\u00f3 de m\u00e9s de 51 milions d\u2019euros per a modernitzar i construir 77 sistemes de sanejament i depuraci\u00f3 en la prov\u00edncia de Val\u00e8ncia\">[+] <\/a><\/div>\n","protected":false},"author":12,"featured_media":301891,"comment_status":"closed","ping_status":"open","sticky":false,"template":"","format":"standard","meta":{"footnotes":""},"categories":[10890,10954,10951,11044,11043,10892,10930,10955,10953,11046,10898,10993,10977,10948,10963,10894,10904,10912,10960,10902,10903,11000,11001,10947,10972,10896,10979,10958,10974],"tags":[11246,11527,11498,24316],"class_list":["post-301886","post","type-post","status-publish","format-standard","has-post-thumbnail","category-ademus","category-ayora-ca","category-ayora-cofrentes-ca","category-alpuente-ca","category-andilla-ca","category-camp-de-turia-ca","category-casinos-ca","category-cofrentes-ca","category-cortes-de-pallas-ca","category-los-serranos-ca","category-ventana-ca","category-gavarda-ca","category-godelleta-ca","category-infraestructuras-ca","category-la-canal-de-navarres-ca","category-la-comarca-ca","category-sin-categorizar-ca","category-la-hoya-ca","category-la-puebla-de-san-miguel-ca","category-la-ribera-ca","category-medio-ambiente-la-comarca-ca","category-monserrat-ca","category-montroi-ca","category-politica","category-quesa-ca","category-seccion-ca","category-siete-aguas-ca","category-teresa-de-cofrentes-ca","category-cheste-ca","tag-diputacio-de-valencia-ca","tag-epsar-ca","tag-generalitat-valenciana-ca","tag-sistemas-de-saneamiento"],"_links":{"self":[{"href":"https:\/\/tucomarca.whitekongsoftware.com\/ca\/wp-json\/wp\/v2\/posts\/301886","targetHints":{"allow":["GET"]}}],"collection":[{"href":"https:\/\/tucomarca.whitekongsoftware.com\/ca\/wp-json\/wp\/v2\/posts"}],"about":[{"href":"https:\/\/tucomarca.whitekongsoftware.com\/ca\/wp-json\/wp\/v2\/types\/post"}],"author":[{"embeddable":true,"href":"https:\/\/tucomarca.whitekongsoftware.com\/ca\/wp-json\/wp\/v2\/users\/12"}],"replies":[{"embeddable":true,"href":"https:\/\/tucomarca.whitekongsoftware.com\/ca\/wp-json\/wp\/v2\/comments?post=301886"}],"version-history":[{"count":0,"href":"https:\/\/tucomarca.whitekongsoftware.com\/ca\/wp-json\/wp\/v2\/posts\/301886\/revisions"}],"wp:featuredmedia":[{"embeddable":true,"href":"https:\/\/tucomarca.whitekongsoftware.com\/ca\/wp-json\/wp\/v2\/media\/301891"}],"wp:attachment":[{"href":"https:\/\/tucomarca.whitekongsoftware.com\/ca\/wp-json\/wp\/v2\/media?parent=301886"}],"wp:term":[{"taxonomy":"category","embeddable":true,"href":"https:\/\/tucomarca.whitekongsoftware.com\/ca\/wp-json\/wp\/v2\/categories?post=301886"},{"taxonomy":"post_tag","embeddable":true,"href":"https:\/\/tucomarca.whitekongsoftware.com\/ca\/wp-json\/wp\/v2\/tags?post=301886"}],"curies":[{"name":"wp","href":"https:\/\/api.w.org\/{rel}","templated":true}]}}