{"id":301870,"date":"2026-05-13T09:00:00","date_gmt":"2026-05-13T07:00:00","guid":{"rendered":"https:\/\/www.tucomarca.com\/wordpress\/segunda\/?p=301870"},"modified":"2026-05-13T19:44:35","modified_gmt":"2026-05-13T17:44:35","slug":"la-diputacio-de-valencia-fa-costat-al-sector-del-camping-com-a-factor-dequilibri-entre-el-turisme-de-costa-i-interior","status":"publish","type":"post","link":"https:\/\/tucomarca.whitekongsoftware.com\/ca\/la-diputacio-de-valencia-fa-costat-al-sector-del-camping-com-a-factor-dequilibri-entre-el-turisme-de-costa-i-interior\/","title":{"rendered":"La Diputaci\u00f3 de Val\u00e8ncia fa costat al sector del c\u00e0mping com a factor d&#8217;equilibri entre el turisme de costa i interior"},"content":{"rendered":"\n<h3 class=\"wp-block-heading\">El diputat de Turisme, Pedro Cuesta, ha participat en la Jornada sobre Innovaci\u00f3 i Futur del C\u00e0mping organitzada per la Federaci\u00f3 de C\u00e0mpings de la Comunitat Valenciana (FCCV).<\/h3>\n\n\n\n<p class=\"wp-block-paragraph\">La Diputaci\u00f3 de Val\u00e8ncia, en la seua aposta per equilibrar els fluxos tur\u00edstics entre la costa i l&#8217;interior de la prov\u00edncia, veu en el sector del c\u00e0mping un aliat per a atraure visites als entorns naturals m\u00e9s desconeguts del nostre territori. El diputat de Turisme de la Diputaci\u00f3 de Val\u00e8ncia, Pedro Cuesta, ha mostrat el seu suport participant en l&#8217;obertura de la Jornada sobre Innovaci\u00f3 i Futur del C\u00e0mping organitzada per la Federaci\u00f3 de C\u00e0mpings de la Comunitat Valenciana (FCCV), que ha tingut lloc en l&#8217;edifici Ves-los e Vents de la Marina de Val\u00e8ncia.&nbsp;<\/p>\n\n\n\n<p class=\"wp-block-paragraph\">El responsable provincial ha destacat la progressiva aposta per l&#8217;excel\u00b7l\u00e8ncia que ha realitzat en els \u00faltims anys el sector, que \u201cha fet que els c\u00e0mpings siguen cada vegada m\u00e9s atractius per al turista que arriba en busca experi\u00e8ncies de qualitat en els nostres entorns naturals\u201d.<\/p>\n\n\n\n<p class=\"wp-block-paragraph\">Tamb\u00e9 ha subratllat l&#8217;aposta empresarial del sector per ampliar la seua oferta al turisme d&#8217;interior, \u201cfonamental per a equilibrar temporal i territorialment els fluxos tur\u00edstics, en sintonia amb l&#8217;aposta que realitza la Diputaci\u00f3 de Val\u00e8ncia per l&#8217;interior de la prov\u00edncia\u201d. La Diputaci\u00f3 mant\u00e9 des de fa anys una estreta col\u00b7laboraci\u00f3 amb l&#8217;Associaci\u00f3 de C\u00e0mpings de la prov\u00edncia de Val\u00e8ncia, materialitzada en accions promocionals i l&#8217;edici\u00f3 d&#8217;una guia de c\u00e0mpings, entre altres iniciatives.<\/p>\n\n\n\n<p class=\"wp-block-paragraph\">\u201cUna relaci\u00f3 que afrontar\u00e0 els nous reptes que arriben, en benefici del sector del c\u00e0mping, de l&#8217;oferta d&#8217;allotjament i del turisme en general de tota la prov\u00edncia, amb l&#8217;objectiu d&#8217;oferir propostes de major valor afegit i posicionar al c\u00e0mping com una alternativa vacacional i un motor econ\u00f2mic important a la prov\u00edncia durant tot l&#8217;any\u201d, ha concl\u00f2s Cuesta.&nbsp;<\/p>\n\n\n\n<p class=\"wp-block-paragraph\">En l&#8217;acte tamb\u00e9 han participat la consellera de Turisme, Marian Cano, i el president de la FCCV, Jos\u00e9 Frasquet.<\/p>\n\n\n\n<figure class=\"wp-block-image size-full\"><img loading=\"lazy\" decoding=\"async\" width=\"945\" height=\"638\" src=\"https:\/\/www.tucomarca.com\/wordpress\/segunda\/wp-content\/uploads\/2026\/05\/jornada_tur.jpg\" alt=\"\" class=\"wp-image-301875\" srcset=\"https:\/\/tucomarca.whitekongsoftware.com\/wp-content\/uploads\/2026\/05\/jornada_tur.jpg 945w, https:\/\/tucomarca.whitekongsoftware.com\/wp-content\/uploads\/2026\/05\/jornada_tur-300x203.jpg 300w, https:\/\/tucomarca.whitekongsoftware.com\/wp-content\/uploads\/2026\/05\/jornada_tur-768x519.jpg 768w\" sizes=\"auto, (max-width: 945px) 100vw, 945px\" \/><\/figure>\n\n\n\n<p class=\"wp-block-paragraph\"><\/p>\n","protected":false},"excerpt":{"rendered":"<div class=\"mh-excerpt\">El diputat de Turisme, Pedro Cuesta, ha participat en la Jornada sobre Innovaci\u00f3 i Futur del C\u00e0mping organitzada per la Federaci\u00f3 de C\u00e0mpings de la Comunitat Valenciana (FCCV). La Diputaci\u00f3 de Val\u00e8ncia, en la seua <a class=\"mh-excerpt-more\" href=\"https:\/\/tucomarca.whitekongsoftware.com\/ca\/la-diputacio-de-valencia-fa-costat-al-sector-del-camping-com-a-factor-dequilibri-entre-el-turisme-de-costa-i-interior\/\" title=\"La Diputaci\u00f3 de Val\u00e8ncia fa costat al sector del c\u00e0mping com a factor d&#8217;equilibri entre el turisme de costa i interior\">[+] <\/a><\/div>\n","protected":false},"author":12,"featured_media":301878,"comment_status":"closed","ping_status":"open","sticky":false,"template":"","format":"standard","meta":{"footnotes":""},"categories":[10898,10948,10894,10904,10947,10896],"tags":[24314,11246,20742,22598],"class_list":["post-301870","post","type-post","status-publish","format-standard","has-post-thumbnail","category-ventana-ca","category-infraestructuras-ca","category-la-comarca-ca","category-sin-categorizar-ca","category-politica","category-seccion-ca","tag-campings","tag-diputacio-de-valencia-ca","tag-pedro-cuesta-ca","tag-valencia-turismo-ca"],"_links":{"self":[{"href":"https:\/\/tucomarca.whitekongsoftware.com\/ca\/wp-json\/wp\/v2\/posts\/301870","targetHints":{"allow":["GET"]}}],"collection":[{"href":"https:\/\/tucomarca.whitekongsoftware.com\/ca\/wp-json\/wp\/v2\/posts"}],"about":[{"href":"https:\/\/tucomarca.whitekongsoftware.com\/ca\/wp-json\/wp\/v2\/types\/post"}],"author":[{"embeddable":true,"href":"https:\/\/tucomarca.whitekongsoftware.com\/ca\/wp-json\/wp\/v2\/users\/12"}],"replies":[{"embeddable":true,"href":"https:\/\/tucomarca.whitekongsoftware.com\/ca\/wp-json\/wp\/v2\/comments?post=301870"}],"version-history":[{"count":0,"href":"https:\/\/tucomarca.whitekongsoftware.com\/ca\/wp-json\/wp\/v2\/posts\/301870\/revisions"}],"wp:featuredmedia":[{"embeddable":true,"href":"https:\/\/tucomarca.whitekongsoftware.com\/ca\/wp-json\/wp\/v2\/media\/301878"}],"wp:attachment":[{"href":"https:\/\/tucomarca.whitekongsoftware.com\/ca\/wp-json\/wp\/v2\/media?parent=301870"}],"wp:term":[{"taxonomy":"category","embeddable":true,"href":"https:\/\/tucomarca.whitekongsoftware.com\/ca\/wp-json\/wp\/v2\/categories?post=301870"},{"taxonomy":"post_tag","embeddable":true,"href":"https:\/\/tucomarca.whitekongsoftware.com\/ca\/wp-json\/wp\/v2\/tags?post=301870"}],"curies":[{"name":"wp","href":"https:\/\/api.w.org\/{rel}","templated":true}]}}