{"id":301860,"date":"2026-05-12T09:30:00","date_gmt":"2026-05-12T07:30:00","guid":{"rendered":"https:\/\/www.tucomarca.com\/wordpress\/segunda\/?p=301860"},"modified":"2026-05-12T22:21:04","modified_gmt":"2026-05-12T20:21:04","slug":"fotogaleria-centenars-de-persones-visiten-la-vi-fira-del-medi-ambient-de-xest","status":"publish","type":"post","link":"https:\/\/tucomarca.whitekongsoftware.com\/ca\/fotogaleria-centenars-de-persones-visiten-la-vi-fira-del-medi-ambient-de-xest\/","title":{"rendered":"Fotogaleria: centenars de persones visiten la VI Fira del Medi Ambient de Xest"},"content":{"rendered":"\n<h3 class=\"wp-block-heading\">Malgrat les pluges, la fira es va celebrar amb normalitat gr\u00e0cies a la previsi\u00f3 de la Regidoria de Medi Ambient.<\/h3>\n\n\n\n<p class=\"wp-block-paragraph\">La VI Fira del Medi Ambient de Xest, celebrada del 8 al 10 de maig al parc de la Lomiquia, ha registrat la visita de centenars de persones al llarg de les tres jornades, tancant aquesta edici\u00f3 amb un balan\u00e7 molt positiu de participaci\u00f3 i organitzaci\u00f3.<\/p>\n\n\n\n<p class=\"wp-block-paragraph\">Malgrat les pluges caigudes durant el mat\u00ed del dissabte, la fira va poder desenvolupar-se amb total normalitat gr\u00e0cies a la previsi\u00f3 i planificaci\u00f3 de la Regidoria de Medi Ambient de l&#8217;Ajuntament de Xest, que va permetre adaptar la programaci\u00f3 i els espais per a garantir el correcte desenvolupament de les activitats.<br>Durant el cap de setmana, ve\u00efns i ve\u00efnes de Xest, aix\u00ed com visitants d&#8217;altres municipis, van participar en una \u00e0mplia programaci\u00f3 d&#8217;activitats divulgatives, tallers, exposicions, demostracions pr\u00e0ctiques i estands informatius, orientades a la conscienciaci\u00f3 ambiental, la sostenibilitat i el respecte per l&#8217;entorn natural. Les propostes dirigides al p\u00fablic familiar i infantil van tornar a tindre un destacat acolliment.<\/p>\n\n\n\n<p class=\"wp-block-paragraph\"><strong>Congr\u00e9s Internacional de Cactus i Suculentes<\/strong><\/p>\n\n\n\n<p class=\"wp-block-paragraph\">Un dels principals atractius d&#8217;aquesta sisena edici\u00f3 ha sigut la celebraci\u00f3 del Congr\u00e9s Internacional de Cactus i Suculentes, coincidint amb el seu 20\u00e9 aniversari, que s&#8217;ha desenvolupat durant els tres dies en la carpa principal de la fira, convertint-se en un punt de refer\u00e8ncia per a especialistes i persones aficionades a aquest \u00e0mbit.<\/p>\n\n\n\n<p class=\"wp-block-paragraph\">Dins d&#8217;aquest marc es van oferir tamb\u00e9 diverses activitats divulgatives, com la xarrada \u201cLophophora: del desert al laboratori\u201d, a c\u00e0rrec de Carles Cort\u00e9s Olmos, celebrada el dissabte a les #11:00 hores, i \u201cEcologia de les cact\u00e1ceas\u201d, impartida per Rafa Garc\u00eda Garc\u00eda (Tara Desert) a les #12:00 hores, que van despertar un gran inter\u00e9s entre les persones assistents.<\/p>\n\n\n\n<p class=\"wp-block-paragraph\">La fira s&#8217;ha consolidat, una vegada m\u00e9s, com un espai de trobada entre ciutadania, associacions, centres educatius i entitats compromeses amb el medi ambient, refor\u00e7ant el missatge de la import\u00e0ncia d&#8217;adoptar h\u00e0bits sostenibles i d&#8217;avan\u00e7ar en la protecci\u00f3 de l&#8217;entorn.<\/p>\n\n\n\n<p class=\"wp-block-paragraph\">Des de l&#8217;organitzaci\u00f3 s&#8217;ha volgut destacar la implicaci\u00f3 del personal municipal, entitats participants i persones volunt\u00e0ries, aix\u00ed com la resposta del p\u00fablic, que va mantindre la seua assist\u00e8ncia fins i tot en les condicions meteorol\u00f2giques adverses del dissabte.<\/p>\n\n\n\n<p class=\"wp-block-paragraph\">\u201cEl balan\u00e7 d&#8217;aquesta sisena edici\u00f3 de la Fira del Medi Ambient \u00e9s molt positiu. Centenars de persones han passat pel parc de la Lomiquia al llarg del cap de setmana, la qual cosa demostra l&#8217;inter\u00e9s de la ciutadania per la sostenibilitat i la cura del nostre entorn\u201d, ha assenyalat el regidor de Medi Ambient, David Pujals.<\/p>\n\n\n\n<p class=\"wp-block-paragraph\">\u201cMalgrat les pluges registrades durant el mat\u00ed del dissabte, la fira va poder celebrar-se amb total normalitat gr\u00e0cies a la planificaci\u00f3 pr\u00e8via de la regidoria, la qual cosa va permetre adaptar la programaci\u00f3 i garantir que totes les activitats es desenvoluparen amb \u00e8xit\u201d, ha destacat el regidor.<\/p>\n\n\n\n<p class=\"wp-block-paragraph\">Amb aquesta sisena edici\u00f3, l&#8217;Ajuntament de Xest reafirma el seu comprom\u00eds amb l&#8217;educaci\u00f3 ambiental i la sensibilitzaci\u00f3 ciutadana, apostant per iniciatives que fomenten una Xest m\u00e9s sostenible i compromesa amb el medi ambient.<\/p>\n\n\n\n<figure class=\"wp-block-gallery has-nested-images columns-2 is-cropped wp-block-gallery-1 is-layout-flex wp-block-gallery-is-layout-flex\">\n<figure class=\"wp-block-image size-large\"><img loading=\"lazy\" decoding=\"async\" width=\"945\" height=\"638\" data-id=\"301847\" src=\"https:\/\/www.tucomarca.com\/wordpress\/segunda\/wp-content\/uploads\/2026\/05\/ChesteFeriaMAmbiente07.jpg\" alt=\"\" class=\"wp-image-301847\" srcset=\"https:\/\/tucomarca.whitekongsoftware.com\/wp-content\/uploads\/2026\/05\/ChesteFeriaMAmbiente07.jpg 945w, https:\/\/tucomarca.whitekongsoftware.com\/wp-content\/uploads\/2026\/05\/ChesteFeriaMAmbiente07-300x203.jpg 300w, https:\/\/tucomarca.whitekongsoftware.com\/wp-content\/uploads\/2026\/05\/ChesteFeriaMAmbiente07-768x519.jpg 768w\" sizes=\"auto, (max-width: 945px) 100vw, 945px\" \/><\/figure>\n\n\n\n<figure class=\"wp-block-image size-large\"><img loading=\"lazy\" decoding=\"async\" width=\"945\" height=\"638\" data-id=\"301835\" src=\"https:\/\/www.tucomarca.com\/wordpress\/segunda\/wp-content\/uploads\/2026\/05\/ChesteFeriaMAmbiente01.jpg\" alt=\"\" class=\"wp-image-301835\" srcset=\"https:\/\/tucomarca.whitekongsoftware.com\/wp-content\/uploads\/2026\/05\/ChesteFeriaMAmbiente01.jpg 945w, https:\/\/tucomarca.whitekongsoftware.com\/wp-content\/uploads\/2026\/05\/ChesteFeriaMAmbiente01-300x203.jpg 300w, https:\/\/tucomarca.whitekongsoftware.com\/wp-content\/uploads\/2026\/05\/ChesteFeriaMAmbiente01-768x519.jpg 768w\" sizes=\"auto, (max-width: 945px) 100vw, 945px\" \/><\/figure>\n\n\n\n<figure class=\"wp-block-image size-large\"><img loading=\"lazy\" decoding=\"async\" width=\"945\" height=\"638\" data-id=\"301837\" src=\"https:\/\/www.tucomarca.com\/wordpress\/segunda\/wp-content\/uploads\/2026\/05\/ChesteFeriaMAmbiente02.jpg\" alt=\"\" class=\"wp-image-301837\" srcset=\"https:\/\/tucomarca.whitekongsoftware.com\/wp-content\/uploads\/2026\/05\/ChesteFeriaMAmbiente02.jpg 945w, https:\/\/tucomarca.whitekongsoftware.com\/wp-content\/uploads\/2026\/05\/ChesteFeriaMAmbiente02-300x203.jpg 300w, https:\/\/tucomarca.whitekongsoftware.com\/wp-content\/uploads\/2026\/05\/ChesteFeriaMAmbiente02-768x519.jpg 768w\" sizes=\"auto, (max-width: 945px) 100vw, 945px\" \/><\/figure>\n\n\n\n<figure class=\"wp-block-image size-large\"><img loading=\"lazy\" decoding=\"async\" width=\"945\" height=\"638\" data-id=\"301841\" src=\"https:\/\/www.tucomarca.com\/wordpress\/segunda\/wp-content\/uploads\/2026\/05\/ChesteFeriaMAmbiente04.jpg\" alt=\"\" class=\"wp-image-301841\" srcset=\"https:\/\/tucomarca.whitekongsoftware.com\/wp-content\/uploads\/2026\/05\/ChesteFeriaMAmbiente04.jpg 945w, https:\/\/tucomarca.whitekongsoftware.com\/wp-content\/uploads\/2026\/05\/ChesteFeriaMAmbiente04-300x203.jpg 300w, https:\/\/tucomarca.whitekongsoftware.com\/wp-content\/uploads\/2026\/05\/ChesteFeriaMAmbiente04-768x519.jpg 768w\" sizes=\"auto, (max-width: 945px) 100vw, 945px\" \/><\/figure>\n\n\n\n<figure class=\"wp-block-image size-large\"><img loading=\"lazy\" decoding=\"async\" width=\"945\" height=\"638\" data-id=\"301851\" src=\"https:\/\/www.tucomarca.com\/wordpress\/segunda\/wp-content\/uploads\/2026\/05\/ChesteFeriaMAmbiente09.jpg\" alt=\"\" class=\"wp-image-301851\" srcset=\"https:\/\/tucomarca.whitekongsoftware.com\/wp-content\/uploads\/2026\/05\/ChesteFeriaMAmbiente09.jpg 945w, https:\/\/tucomarca.whitekongsoftware.com\/wp-content\/uploads\/2026\/05\/ChesteFeriaMAmbiente09-300x203.jpg 300w, https:\/\/tucomarca.whitekongsoftware.com\/wp-content\/uploads\/2026\/05\/ChesteFeriaMAmbiente09-768x519.jpg 768w\" sizes=\"auto, (max-width: 945px) 100vw, 945px\" \/><\/figure>\n\n\n\n<figure class=\"wp-block-image size-large\"><img loading=\"lazy\" decoding=\"async\" width=\"945\" height=\"638\" data-id=\"301845\" src=\"https:\/\/www.tucomarca.com\/wordpress\/segunda\/wp-content\/uploads\/2026\/05\/ChesteFeriaMAmbiente06.jpg\" alt=\"\" class=\"wp-image-301845\" srcset=\"https:\/\/tucomarca.whitekongsoftware.com\/wp-content\/uploads\/2026\/05\/ChesteFeriaMAmbiente06.jpg 945w, https:\/\/tucomarca.whitekongsoftware.com\/wp-content\/uploads\/2026\/05\/ChesteFeriaMAmbiente06-300x203.jpg 300w, https:\/\/tucomarca.whitekongsoftware.com\/wp-content\/uploads\/2026\/05\/ChesteFeriaMAmbiente06-768x519.jpg 768w\" sizes=\"auto, (max-width: 945px) 100vw, 945px\" \/><\/figure>\n\n\n\n<figure class=\"wp-block-image size-large\"><img loading=\"lazy\" decoding=\"async\" width=\"945\" height=\"638\" data-id=\"301843\" src=\"https:\/\/www.tucomarca.com\/wordpress\/segunda\/wp-content\/uploads\/2026\/05\/ChesteFeriaMAmbiente05.jpg\" alt=\"\" class=\"wp-image-301843\" srcset=\"https:\/\/tucomarca.whitekongsoftware.com\/wp-content\/uploads\/2026\/05\/ChesteFeriaMAmbiente05.jpg 945w, https:\/\/tucomarca.whitekongsoftware.com\/wp-content\/uploads\/2026\/05\/ChesteFeriaMAmbiente05-300x203.jpg 300w, https:\/\/tucomarca.whitekongsoftware.com\/wp-content\/uploads\/2026\/05\/ChesteFeriaMAmbiente05-768x519.jpg 768w\" sizes=\"auto, (max-width: 945px) 100vw, 945px\" \/><\/figure>\n\n\n\n<figure class=\"wp-block-image size-large\"><img loading=\"lazy\" decoding=\"async\" width=\"945\" height=\"638\" data-id=\"301849\" src=\"https:\/\/www.tucomarca.com\/wordpress\/segunda\/wp-content\/uploads\/2026\/05\/ChesteFeriaMAmbiente08.jpg\" alt=\"\" class=\"wp-image-301849\" srcset=\"https:\/\/tucomarca.whitekongsoftware.com\/wp-content\/uploads\/2026\/05\/ChesteFeriaMAmbiente08.jpg 945w, https:\/\/tucomarca.whitekongsoftware.com\/wp-content\/uploads\/2026\/05\/ChesteFeriaMAmbiente08-300x203.jpg 300w, https:\/\/tucomarca.whitekongsoftware.com\/wp-content\/uploads\/2026\/05\/ChesteFeriaMAmbiente08-768x519.jpg 768w\" sizes=\"auto, (max-width: 945px) 100vw, 945px\" \/><\/figure>\n<\/figure>\n","protected":false},"excerpt":{"rendered":"<div class=\"mh-excerpt\">Malgrat les pluges, la fira es va celebrar amb normalitat gr\u00e0cies a la previsi\u00f3 de la Regidoria de Medi Ambient. La VI Fira del Medi Ambient de Xest, celebrada del 8 al 10 de maig <a class=\"mh-excerpt-more\" href=\"https:\/\/tucomarca.whitekongsoftware.com\/ca\/fotogaleria-centenars-de-persones-visiten-la-vi-fira-del-medi-ambient-de-xest\/\" title=\"Fotogaleria: centenars de persones visiten la VI Fira del Medi Ambient de Xest\">[+] <\/a><\/div>\n","protected":false},"author":12,"featured_media":301840,"comment_status":"closed","ping_status":"open","sticky":false,"template":"","format":"gallery","meta":{"footnotes":""},"categories":[10894,10912,10903,11007,10896,10974],"tags":[11071,10914,24223],"class_list":["post-301860","post","type-post","status-publish","format-gallery","has-post-thumbnail","category-la-comarca-ca","category-la-hoya-ca","category-medio-ambiente-la-comarca-ca","category-ocio-y-cultura-ca","category-seccion-ca","category-cheste-ca","tag-cheste","tag-la-hoya-de-bunol-chiva-ca","tag-vi-feria-de-medio-ambiente","post_format-post-format-gallery"],"_links":{"self":[{"href":"https:\/\/tucomarca.whitekongsoftware.com\/ca\/wp-json\/wp\/v2\/posts\/301860","targetHints":{"allow":["GET"]}}],"collection":[{"href":"https:\/\/tucomarca.whitekongsoftware.com\/ca\/wp-json\/wp\/v2\/posts"}],"about":[{"href":"https:\/\/tucomarca.whitekongsoftware.com\/ca\/wp-json\/wp\/v2\/types\/post"}],"author":[{"embeddable":true,"href":"https:\/\/tucomarca.whitekongsoftware.com\/ca\/wp-json\/wp\/v2\/users\/12"}],"replies":[{"embeddable":true,"href":"https:\/\/tucomarca.whitekongsoftware.com\/ca\/wp-json\/wp\/v2\/comments?post=301860"}],"version-history":[{"count":0,"href":"https:\/\/tucomarca.whitekongsoftware.com\/ca\/wp-json\/wp\/v2\/posts\/301860\/revisions"}],"wp:featuredmedia":[{"embeddable":true,"href":"https:\/\/tucomarca.whitekongsoftware.com\/ca\/wp-json\/wp\/v2\/media\/301840"}],"wp:attachment":[{"href":"https:\/\/tucomarca.whitekongsoftware.com\/ca\/wp-json\/wp\/v2\/media?parent=301860"}],"wp:term":[{"taxonomy":"category","embeddable":true,"href":"https:\/\/tucomarca.whitekongsoftware.com\/ca\/wp-json\/wp\/v2\/categories?post=301860"},{"taxonomy":"post_tag","embeddable":true,"href":"https:\/\/tucomarca.whitekongsoftware.com\/ca\/wp-json\/wp\/v2\/tags?post=301860"}],"curies":[{"name":"wp","href":"https:\/\/api.w.org\/{rel}","templated":true}]}}