{"id":301858,"date":"2026-05-12T13:00:00","date_gmt":"2026-05-12T11:00:00","guid":{"rendered":"https:\/\/www.tucomarca.com\/wordpress\/segunda\/?p=301858"},"modified":"2026-05-12T22:14:36","modified_gmt":"2026-05-12T20:14:36","slug":"video-la-diputacio-de-valencia-reivindica-larribada-de-campofrio-a-utiel-gracies-a-la-collaboracio-institucional","status":"publish","type":"post","link":"https:\/\/tucomarca.whitekongsoftware.com\/ca\/video-la-diputacio-de-valencia-reivindica-larribada-de-campofrio-a-utiel-gracies-a-la-collaboracio-institucional\/","title":{"rendered":"V\u00eddeo: la Diputaci\u00f3 de Val\u00e8ncia reivindica l&#8217;arribada de Campofr\u00edo a Utiel gr\u00e0cies a la col\u00b7laboraci\u00f3 institucional"},"content":{"rendered":"\n<figure class=\"wp-block-embed is-type-video is-provider-youtube wp-block-embed-youtube wp-embed-aspect-16-9 wp-has-aspect-ratio\"><div class=\"wp-block-embed__wrapper\">\n<iframe loading=\"lazy\" title=\"UTIEL CAMPOFRIO\" width=\"500\" height=\"281\" src=\"https:\/\/www.youtube.com\/embed\/8uO0XE5JP_I?feature=oembed\" frameborder=\"0\" allow=\"accelerometer; autoplay; clipboard-write; encrypted-media; gyroscope; picture-in-picture; web-share\" referrerpolicy=\"strict-origin-when-cross-origin\" allowfullscreen><\/iframe>\n<\/div><\/figure>\n\n\n\n<p class=\"wp-block-paragraph\">El president de la Diputaci\u00f3 de Val\u00e8ncia, Vicent Momp\u00f3, ha visitat aquest dimarts Utiel amb motiu de l&#8217;inici de les obres de la nova planta de producci\u00f3 de Campofr\u00edo al Parc Empresarial Nou Tollo. La instal\u00b7laci\u00f3, que substituir\u00e0 a la danyada per la DANA a Torrent, permetr\u00e0 mantindre 300 llocs de treball i suposar\u00e0 un impuls econ\u00f2mic per a la comarca.<\/p>\n\n\n\n<p class=\"wp-block-paragraph\">Vicent Momp\u00f3 ha destacat que el projecte reflecteix \u201cla capacitat de recuperaci\u00f3\u201d del territori gr\u00e0cies a la col\u00b7laboraci\u00f3 institucional i p\u00fablic-privada, subratllant el treball conjunt entre la Generalitat, el Ivace i les diferents administracions. Aix\u00ed mateix, ha defensat el paper de la Diputaci\u00f3 com a nexe entre institucions i municipis per a afavorir inversions i refor\u00e7ar les infraestructures de l&#8217;interior valenci\u00e0. En similars termes s&#8217;ha manifestat l&#8217;alcalde d&#8217;Utiel, Ricardo Gabald\u00f3n, qui ha agra\u00eft el suport de les institucions per a tirar avant despr\u00e9s de la greu afecci\u00f3 de la DANA del 29 d&#8217;octubre de 2024.<\/p>\n\n\n\n<p class=\"wp-block-paragraph\"><\/p>\n","protected":false},"excerpt":{"rendered":"<div class=\"mh-excerpt\">El president de la Diputaci\u00f3 de Val\u00e8ncia, Vicent Momp\u00f3, ha visitat aquest dimarts Utiel amb motiu de l&#8217;inici de les obres de la nova planta de producci\u00f3 de Campofr\u00edo al Parc Empresarial Nou Tollo. La <a class=\"mh-excerpt-more\" href=\"https:\/\/tucomarca.whitekongsoftware.com\/ca\/video-la-diputacio-de-valencia-reivindica-larribada-de-campofrio-a-utiel-gracies-a-la-collaboracio-institucional\/\" title=\"V\u00eddeo: la Diputaci\u00f3 de Val\u00e8ncia reivindica l&#8217;arribada de Campofr\u00edo a Utiel gr\u00e0cies a la col\u00b7laboraci\u00f3 institucional\">[+] <\/a><\/div>\n","protected":false},"author":1,"featured_media":301857,"comment_status":"closed","ping_status":"open","sticky":false,"template":"","format":"video","meta":{"footnotes":""},"categories":[21466,10898,10948,10894,10904,10903,10947,10909,10896,10897,11059,11062],"tags":[15409,11246,10910,19427,11174,18825,13938],"class_list":["post-301858","post","type-post","status-publish","format-video","has-post-thumbnail","category-dana-ca","category-ventana-ca","category-infraestructuras-ca","category-la-comarca-ca","category-sin-categorizar-ca","category-medio-ambiente-la-comarca-ca","category-politica","category-requena-utiel-ca","category-seccion-ca","category-sucesos-la-comarca-ca","category-utiel-ca","category-videos","tag-dana-2-ca","tag-diputacio-de-valencia-ca","tag-requena-utiel-ca","tag-ricardo-gabaldon-ca","tag-utiel-ca","tag-vicent-mompo-ca","tag-video-3-ca","post_format-post-format-video"],"_links":{"self":[{"href":"https:\/\/tucomarca.whitekongsoftware.com\/ca\/wp-json\/wp\/v2\/posts\/301858","targetHints":{"allow":["GET"]}}],"collection":[{"href":"https:\/\/tucomarca.whitekongsoftware.com\/ca\/wp-json\/wp\/v2\/posts"}],"about":[{"href":"https:\/\/tucomarca.whitekongsoftware.com\/ca\/wp-json\/wp\/v2\/types\/post"}],"author":[{"embeddable":true,"href":"https:\/\/tucomarca.whitekongsoftware.com\/ca\/wp-json\/wp\/v2\/users\/1"}],"replies":[{"embeddable":true,"href":"https:\/\/tucomarca.whitekongsoftware.com\/ca\/wp-json\/wp\/v2\/comments?post=301858"}],"version-history":[{"count":0,"href":"https:\/\/tucomarca.whitekongsoftware.com\/ca\/wp-json\/wp\/v2\/posts\/301858\/revisions"}],"wp:featuredmedia":[{"embeddable":true,"href":"https:\/\/tucomarca.whitekongsoftware.com\/ca\/wp-json\/wp\/v2\/media\/301857"}],"wp:attachment":[{"href":"https:\/\/tucomarca.whitekongsoftware.com\/ca\/wp-json\/wp\/v2\/media?parent=301858"}],"wp:term":[{"taxonomy":"category","embeddable":true,"href":"https:\/\/tucomarca.whitekongsoftware.com\/ca\/wp-json\/wp\/v2\/categories?post=301858"},{"taxonomy":"post_tag","embeddable":true,"href":"https:\/\/tucomarca.whitekongsoftware.com\/ca\/wp-json\/wp\/v2\/tags?post=301858"}],"curies":[{"name":"wp","href":"https:\/\/api.w.org\/{rel}","templated":true}]}}