{"id":301790,"date":"2026-05-12T12:00:00","date_gmt":"2026-05-12T10:00:00","guid":{"rendered":"https:\/\/www.tucomarca.com\/wordpress\/segunda\/?p=301790"},"modified":"2026-05-12T20:29:43","modified_gmt":"2026-05-12T18:29:43","slug":"campofrio-inicia-en-el-poligon-nou-tollo-dutiel-les-obres-per-a-la-seua-recuperacio-industrial-a-valencia","status":"publish","type":"post","link":"https:\/\/tucomarca.whitekongsoftware.com\/ca\/campofrio-inicia-en-el-poligon-nou-tollo-dutiel-les-obres-per-a-la-seua-recuperacio-industrial-a-valencia\/","title":{"rendered":"Campofr\u00edo inicia en el Pol\u00edgon Nou Tollo d&#8217;Utiel les obres per a la seua recuperaci\u00f3 industrial a Val\u00e8ncia"},"content":{"rendered":"\n<h3 class=\"wp-block-heading\">L&#8217;acte ha comptat amb la pres\u00e8ncia del president de la Generalitat Valenciana, Juan Francisco P\u00e9rez Llorca, l&#8217;alcalde d&#8217;Utiel, Ricardo Gabald\u00f3n, i el president de la Diputaci\u00f3 de Val\u00e8ncia, Vicent Momp\u00f3, entre altres autoritats de la regi\u00f3.<\/h3>\n\n\n\n<h3 class=\"wp-block-heading\">Situat en el Pol\u00edgon Nou Tollo, el futur complex substituir\u00e0 al de Torrent, devastat per la DANA, i permetr\u00e0 mantindre l&#8217;\u00fas dels m\u00e9s de 300 treballadors afectats.<\/h3>\n\n\n\n<p class=\"wp-block-paragraph\">Campofr\u00edo, filial del grup multinacional d&#8217;alimentaci\u00f3 Sigma, ha iniciat el Projecte Industrial \u2018Amunt!\u2019 que suposa la construcci\u00f3 d&#8217;un nou complex per a la producci\u00f3 d&#8217;elaborats carnis a Utiel. Aquesta instal\u00b7laci\u00f3 substituir\u00e0 a la que estava situada a Torrent i que va quedar devastada per la DANA a l&#8217;octubre de 2024.<\/p>\n\n\n\n<p class=\"wp-block-paragraph\">L&#8217;acte d&#8217;inici ha tingut lloc en el Pol\u00edgon Nou Tollo d&#8217;Utiel, on es troba la parcel\u00b7la en la qual s&#8217;al\u00e7ar\u00e0 el nou edifici, i ha comptat amb la pres\u00e8ncia de Juan Francisco P\u00e9rez Llorca, president de la Generalitat Valenciana, qui ha subratllat el comprom\u00eds del Consell amb projectes com la futura planta de Campofr\u00edo, que \u201cs\u00f3n \u201cind\u00fastries que fomenten la sostenibilitat, la innovaci\u00f3 i l&#8217;ocupaci\u00f3 de qualitat per a contribuir al progr\u00e9s i la cohesi\u00f3 territorial de la Comunitat Valenciana\u201d.<\/p>\n\n\n\n<p class=\"wp-block-paragraph\">L&#8217;acte va comptar tamb\u00e9 amb la pres\u00e8ncia de Ricardo Gabald\u00f3n, alcalde d&#8217;Utiel, qui va remarcar al seu torn que \u201cla decisi\u00f3 de Campofr\u00edo d&#8217;instal\u00b7lar-se en el municipi \u00e9s una excel\u00b7lent not\u00edcia, especialment per al teixit industrial i productiu dels nostres pol\u00edgons i dels territoris lim\u00edtrofs, que tamb\u00e9 podran beneficiar-se d&#8217;importants sinergies\u201d.<\/p>\n\n\n\n<p class=\"wp-block-paragraph\">Amb aquest acte, la companyia reafirma el seu comprom\u00eds amb els m\u00e9s de 300 treballadors afectats i les seues fam\u00edlies. La futura f\u00e0brica, que la seua posada en marxa est\u00e0 prevista per a mediats de 2027, comptar\u00e0 amb una inversi\u00f3 de 134 milions d&#8217;euros i permetr\u00e0 incrementar la capacitat instal\u00b7lada del grup i la seua adaptaci\u00f3 a l&#8217;evoluci\u00f3 de la demanda d&#8217;elaborats carnis a Espanya i Europa.<\/p>\n\n\n\n<figure class=\"wp-block-gallery has-nested-images columns-default is-cropped wp-block-gallery-1 is-layout-flex wp-block-gallery-is-layout-flex\">\n<figure class=\"wp-block-image size-large\"><img loading=\"lazy\" decoding=\"async\" width=\"1024\" height=\"691\" data-id=\"301788\" src=\"https:\/\/www.tucomarca.com\/wordpress\/segunda\/wp-content\/uploads\/2026\/05\/Campofrio2deellos-1024x691.jpg\" alt=\"\" class=\"wp-image-301788\" srcset=\"https:\/\/tucomarca.whitekongsoftware.com\/wp-content\/uploads\/2026\/05\/Campofrio2deellos-1024x691.jpg 1024w, https:\/\/tucomarca.whitekongsoftware.com\/wp-content\/uploads\/2026\/05\/Campofrio2deellos-300x202.jpg 300w, https:\/\/tucomarca.whitekongsoftware.com\/wp-content\/uploads\/2026\/05\/Campofrio2deellos-768x518.jpg 768w, https:\/\/tucomarca.whitekongsoftware.com\/wp-content\/uploads\/2026\/05\/Campofrio2deellos.jpg 1181w\" sizes=\"auto, (max-width: 1024px) 100vw, 1024px\" \/><\/figure>\n<\/figure>\n\n\n\n<p class=\"wp-block-paragraph\"><\/p>\n\n\n\n<p class=\"wp-block-paragraph\">Javier Due\u00f1as, CEO de Campofr\u00edo Espanya, ha assenyalat que <em>\u201cVal\u00e8ncia sempre ha sigut un important nucli industrial per al grup. Aquesta aposta no sols refor\u00e7a el nostre comprom\u00eds amb la regi\u00f3, sin\u00f3 que redefinir\u00e0 la nostra pres\u00e8ncia amb un projecte modern i ambici\u00f3s\u201d. Propiet\u00e0ries ha recordat que no \u00e9s la primera vegada que la companyia afronta una situaci\u00f3 on la seua resili\u00e8ncia s&#8217;ha posat a prova. \u201cSota el nom Amunt! \u2013 expressi\u00f3 d&#8217;\u00e0nim en valenci\u00e0 \u2013 hem volgut energitzar als equips involucrats en el projecte i a la companyia en el seu conjunt amb un objectiu clar: materialitzar-ho en temps r\u00e8cord per a estabilitzar l&#8217;activitat i retornar l&#8217;ocupaci\u00f3 a les m\u00e9s de 300 fam\u00edlies afectades\u201d.<\/em><\/p>\n\n\n\n<p class=\"wp-block-paragraph\">La ubicaci\u00f3 del nou centre de producci\u00f3 afavorir\u00e0 la connectivitat log\u00edstica i permetr\u00e0 aprofitar una major proximitat a centres de distribuci\u00f3 i a ind\u00fastria auxiliar del sector agroalimentari.<\/p>\n\n\n\n<p class=\"wp-block-paragraph\">El projecte s&#8217;al\u00e7ar\u00e0 sobre una parcel\u00b7la de 44.000 metres quadrats i suposar\u00e0 la posada en marxa d&#8217;un centre de refer\u00e8ncia en alimentaci\u00f3, capa\u00e7 de situar-se a l&#8217;avantguarda.<\/p>\n\n\n\n<p class=\"wp-block-paragraph\">En aquest sentit, la futura planta estar\u00e0 dotada de tecnologies i processos d&#8217;\u00faltima generaci\u00f3 i incorporar\u00e0 mesures de reducci\u00f3 d&#8217;impacte mediambiental, com la instal\u00b7laci\u00f3 de panells solars o la transformaci\u00f3 de residus en biog\u00e0s, entre altres.<\/p>\n\n\n\n<p class=\"wp-block-paragraph\"><strong>Liderant el sector d&#8217;elaborats carnis a Espanya<\/strong><\/p>\n\n\n\n<p class=\"wp-block-paragraph\">Pertanyent a Sigma, la multinacional de l&#8217;alimentaci\u00f3 amb pres\u00e8ncia en 17 pa\u00efsos, Campofr\u00edo \u00e9s la companyia l\u00edder en el sector d&#8217;elaborats carnis a Espanya, dedicada a la fabricaci\u00f3 i comercialitzaci\u00f3 d&#8217;una \u00e0mplia gamma de productes carnis curats i bullits, salsitxes, snacks, productes vegetarians i pizzes.<\/p>\n\n\n\n<p class=\"wp-block-paragraph\">El grup Sigma compta amb m\u00e9s de 3.000 empleats a Espanya que treballen en nou centres de producci\u00f3 situats a Castella-la Manxa, Castella i Lle\u00f3, Comunitat Valenciana, Extremadura i Madrid, on tamb\u00e9 es troben les oficines centrals.<\/p>\n\n\n\n<p class=\"wp-block-paragraph\">Associada a valors de qualitat i innovaci\u00f3, Campofr\u00edo \u00e9s la tercera marca d&#8217;alimentaci\u00f3 amb major penetraci\u00f3 al nostre pa\u00eds per la seua \u00e0mplia oferta de productes de confian\u00e7a. Aix\u00ed mateix, el grup Sigma \u2013 a trav\u00e9s del conjunt de les seues marques \u2013 \u00e9s el quart fabricant de gran consum amb major pres\u00e8ncia en la cistella de la compra dels espanyols. Campofr\u00edo \u00e9s actualment la segona companyia del sector alimentaci\u00f3 amb millor reputaci\u00f3, segons el r\u00e0nquing Compre Empreses.<\/p>\n\n\n\n<p class=\"wp-block-paragraph\"><\/p>\n","protected":false},"excerpt":{"rendered":"<div class=\"mh-excerpt\">L&#8217;acte ha comptat amb la pres\u00e8ncia del president de la Generalitat Valenciana, Juan Francisco P\u00e9rez Llorca, l&#8217;alcalde d&#8217;Utiel, Ricardo Gabald\u00f3n, i el president de la Diputaci\u00f3 de Val\u00e8ncia, Vicent Momp\u00f3, entre altres autoritats de la <a class=\"mh-excerpt-more\" href=\"https:\/\/tucomarca.whitekongsoftware.com\/ca\/campofrio-inicia-en-el-poligon-nou-tollo-dutiel-les-obres-per-a-la-seua-recuperacio-industrial-a-valencia\/\" title=\"Campofr\u00edo inicia en el Pol\u00edgon Nou Tollo d&#8217;Utiel les obres per a la seua recuperaci\u00f3 industrial a Val\u00e8ncia\">[+] <\/a><\/div>\n","protected":false},"author":12,"featured_media":301778,"comment_status":"closed","ping_status":"open","sticky":false,"template":"","format":"gallery","meta":{"footnotes":""},"categories":[21466,10898,10948,10894,10904,10947,10909,10896,11059],"tags":[22732,24312,10910,24313,11174],"class_list":["post-301790","post","type-post","status-publish","format-gallery","has-post-thumbnail","category-dana-ca","category-ventana-ca","category-infraestructuras-ca","category-la-comarca-ca","category-sin-categorizar-ca","category-politica","category-requena-utiel-ca","category-seccion-ca","category-utiel-ca","tag-campofrio-ca","tag-proyecto-industrial-amunt","tag-requena-utiel-ca","tag-sigma","tag-utiel-ca","post_format-post-format-gallery"],"_links":{"self":[{"href":"https:\/\/tucomarca.whitekongsoftware.com\/ca\/wp-json\/wp\/v2\/posts\/301790","targetHints":{"allow":["GET"]}}],"collection":[{"href":"https:\/\/tucomarca.whitekongsoftware.com\/ca\/wp-json\/wp\/v2\/posts"}],"about":[{"href":"https:\/\/tucomarca.whitekongsoftware.com\/ca\/wp-json\/wp\/v2\/types\/post"}],"author":[{"embeddable":true,"href":"https:\/\/tucomarca.whitekongsoftware.com\/ca\/wp-json\/wp\/v2\/users\/12"}],"replies":[{"embeddable":true,"href":"https:\/\/tucomarca.whitekongsoftware.com\/ca\/wp-json\/wp\/v2\/comments?post=301790"}],"version-history":[{"count":0,"href":"https:\/\/tucomarca.whitekongsoftware.com\/ca\/wp-json\/wp\/v2\/posts\/301790\/revisions"}],"wp:featuredmedia":[{"embeddable":true,"href":"https:\/\/tucomarca.whitekongsoftware.com\/ca\/wp-json\/wp\/v2\/media\/301778"}],"wp:attachment":[{"href":"https:\/\/tucomarca.whitekongsoftware.com\/ca\/wp-json\/wp\/v2\/media?parent=301790"}],"wp:term":[{"taxonomy":"category","embeddable":true,"href":"https:\/\/tucomarca.whitekongsoftware.com\/ca\/wp-json\/wp\/v2\/categories?post=301790"},{"taxonomy":"post_tag","embeddable":true,"href":"https:\/\/tucomarca.whitekongsoftware.com\/ca\/wp-json\/wp\/v2\/tags?post=301790"}],"curies":[{"name":"wp","href":"https:\/\/api.w.org\/{rel}","templated":true}]}}