{"id":301715,"date":"2026-05-11T11:30:00","date_gmt":"2026-05-11T09:30:00","guid":{"rendered":"https:\/\/www.tucomarca.com\/wordpress\/segunda\/?p=301715"},"modified":"2026-05-11T19:33:26","modified_gmt":"2026-05-11T17:33:26","slug":"opinio-la-dana-a-peu-de-camp-any-i-mig-despres-per-cristobal-aguado-president-de-ava-asaja","status":"publish","type":"post","link":"https:\/\/tucomarca.whitekongsoftware.com\/ca\/opinio-la-dana-a-peu-de-camp-any-i-mig-despres-per-cristobal-aguado-president-de-ava-asaja\/","title":{"rendered":"Opini\u00f3: &#8220;La DANA a peu de camp, any i mig despr\u00e9s&#8221;, per Crist\u00f3bal Aguado, president de AVA-Asaja"},"content":{"rendered":"<div class=\"wp-block-image\">\n<figure class=\"alignleft size-full is-resized\"><img loading=\"lazy\" decoding=\"async\" width=\"533\" height=\"802\" src=\"https:\/\/www.tucomarca.com\/wordpress\/segunda\/wp-content\/uploads\/2023\/04\/ava_asaja_cristobal_aguado.jpg\" alt=\"\" class=\"wp-image-183871\" style=\"width:221px;height:auto\" srcset=\"https:\/\/tucomarca.whitekongsoftware.com\/wp-content\/uploads\/2023\/04\/ava_asaja_cristobal_aguado.jpg 533w, https:\/\/tucomarca.whitekongsoftware.com\/wp-content\/uploads\/2023\/04\/ava_asaja_cristobal_aguado-199x300.jpg 199w\" sizes=\"auto, (max-width: 533px) 100vw, 533px\" \/><\/figure>\n<\/div>\n\n\n<p class=\"wp-block-paragraph\">Alguns no han apr\u00e9s res de la DANA. Barrancs com el Carraixet continuen sent un bosc de canyes, com ho eren el riu Magre o la rambla de Poio abans del 29 d&#8217;octubre de 2024. La CHJ, dependent del Miteco, pensa que aquesta selva \u00e9s bona per a frenar les crescudes. Per\u00f2 les tr\u00e0giques conseq\u00fc\u00e8ncies de la DANA ens van ensenyar que si la pr\u00f2xima riuada tinguera lloc a l&#8217;Horta Nord, el Carraixet seria una bomba explosiva que s&#8217;emportaria tot per davant -aigua, vegetaci\u00f3 i estris- com ja va oc\u00f3rrer a l&#8217;Horta Sud i La Ribera. Per cert, tamb\u00e9 es carregaria el nou pont del bypass, que l&#8217;han posat m\u00e9s baix que les canyes.<\/p>\n\n\n\n<p class=\"wp-block-paragraph\">Ens agradaria que en el jutjat de Catarroja -on som l&#8217;\u00fanica organitzaci\u00f3 agr\u00e0ria personada en el cas- es parlara de les causes que van elevar la magnitud de la cat\u00e0strofe, de per qu\u00e8 els desbordaments van ser tan desastrosos i els danys tan extraordinaris. Va sent hora de determinar si s&#8217;hauria minimitzat la riuada en cas que el Govern, en compliment de la normativa europea sobre el risc d&#8217;inundacions en el litoral valenci\u00e0, haguera escom\u00e9s les actuacions requerides i necess\u00e0ries: tant la construcci\u00f3 d&#8217;infraestructures hidr\u00e0uliques d&#8217;emmagatzematge, laminaci\u00f3 i distribuci\u00f3, com la gesti\u00f3 d&#8217;uns llits m\u00e9s nets, m\u00e9s amples i interconnectats per a evacuar l&#8217;aigua pel nou llit del T\u00faria, que per a aix\u00f2 es va construir. Ja est\u00e0 b\u00e9 d&#8217;imposar un ecologisme radical que s&#8217;ha demostrat equivocat. Cal previndre per a evitar danys i salvar vides.<\/p>\n\n\n\n<p class=\"wp-block-paragraph\">La reconstrucci\u00f3 tamb\u00e9 est\u00e0 donant que parlar. Tragsa est\u00e0 limitant les seues intervencions en s\u00e9quies i canals afectats per la DANA per suposats efectes en la nidificaci\u00f3. El treball de Tragsa \u00e9s essencial i ja porta bastant retard, per falta de disponibilitat de maquin\u00e0ria i personal especialitzat, com per a contes xinesos. La vida i el mitj\u00e0 de vida de les persones sempre han de ser la prioritat; mai una au o una rata poden ser m\u00e9s importants que les persones i la necessitat de reconstruir els danys de la DANA.<\/p>\n\n\n\n<p class=\"wp-block-paragraph\">El Miteco aix\u00ed mateix anteposa la burocr\u00e0cia absurda i est\u00e8ril als interessos dels agricultors que encara estan esperant que Tragsa entre als seus camps a trav\u00e9s de llits p\u00fablics per a reconstruir-los. El normal seria que un ministeri aclarira amb l&#8217;empresa p\u00fablica d&#8217;un altre ministeri els arranjaments que cal realitzar, per\u00f2 en el Miteco pensen amb els peus i li demanen els permisos a l&#8217;agricultor, que naturalment no sap ni per on comen\u00e7ar aquest projecte d&#8217;obra.<\/p>\n\n\n\n<p class=\"wp-block-paragraph\">Eixa incompet\u00e8ncia manifesta o eixa mala voluntat pol\u00edtica del Miteco aconsegueix quotes especialment indignants quan parlem dels camps pr\u00f2xims a llits que van quedar afectats i fins i tot van desapar\u00e9ixer. Primer no va fer el que havia de fer en el llit per a impedir que eixes terres quedaren arrasades. I ara intenta passar eixos terrenys de propietat privada al Domini P\u00fablic Hidr\u00e0ulic (DPH) sense pagar cap compensaci\u00f3. Eixa confiscaci\u00f3, a m\u00e9s, s&#8217;ha intentat fer d&#8217;amagatons, a trav\u00e9s d&#8217;una normativa peri\u00f2dica del BOE, mentre est\u00e0vem esperant que el Miteco -tal com ens havia dit en diverses reunions- estudiava alguna via per a indemnitzar als propietaris. Ens sentim tra\u00efts. Aix\u00ed no actua un Estat de Dret democr\u00e0tic.<\/p>\n\n\n\n<p class=\"wp-block-paragraph\">El Ministeri d&#8217;Agricultura l&#8217;ha estat fent millor, per\u00f2 no prou. Ens sembla molt b\u00e9 que haja tret les ajudes als agricultors i ramaders afectats per les borrasques d&#8217;Andalusia i Extremadura, per\u00f2 primer hauria d&#8217;haver resolt el pagament de les ajudes als damnificats per la DANA -ocorreguda m\u00e9s d&#8217;un any abans- i sembla haver-nos oblidat. Com en tantes coses, el Govern ens relega als \u00faltims de la fila.<\/p>\n\n\n\n<p class=\"wp-block-paragraph\">En fi, la gesti\u00f3 de la DANA, abans i despr\u00e9s, deixa en evid\u00e8ncia que els pol\u00edtics han de separar el gra de la palla, ser assenyats i eficients, servir als ciutadans i no complicar-los la vida, legislar amb menys burocr\u00e0cia i m\u00e9s sentit com\u00fa. N&#8217;hi ha prou de controlar en exc\u00e9s, passar-se de la ratlla i frenar l&#8217;activitat empresarial. Perqu\u00e8 sense voluntat de reconstruir i generar economia, no podrem pagar el progr\u00e9s i el benestar social de tots.<\/p>\n\n\n\n<p class=\"wp-block-paragraph\"><\/p>\n","protected":false},"excerpt":{"rendered":"<div class=\"mh-excerpt\">Alguns no han apr\u00e9s res de la DANA. Barrancs com el Carraixet continuen sent un bosc de canyes, com ho eren el riu Magre o la rambla de Poio abans del 29 d&#8217;octubre de 2024. <a class=\"mh-excerpt-more\" href=\"https:\/\/tucomarca.whitekongsoftware.com\/ca\/opinio-la-dana-a-peu-de-camp-any-i-mig-despres-per-cristobal-aguado-president-de-ava-asaja\/\" title=\"Opini\u00f3: &#8220;La DANA a peu de camp, any i mig despr\u00e9s&#8221;, per Crist\u00f3bal Aguado, president de AVA-Asaja\">[+] <\/a><\/div>\n","protected":false},"author":12,"featured_media":301714,"comment_status":"closed","ping_status":"open","sticky":false,"template":"","format":"standard","meta":{"footnotes":""},"categories":[10905,21466,10898,10948,10894,10904,10912,10903,11020,11021,10947,10909,10896,10897],"tags":[15409,11199,10910],"class_list":["post-301715","post","type-post","status-publish","format-standard","has-post-thumbnail","category-agricultura-la-comarca-ca","category-dana-ca","category-ventana-ca","category-infraestructuras-ca","category-la-comarca-ca","category-sin-categorizar-ca","category-la-hoya-ca","category-medio-ambiente-la-comarca-ca","category-opinion-ca","category-opinion-ca-2","category-politica","category-requena-utiel-ca","category-seccion-ca","category-sucesos-la-comarca-ca","tag-dana-2-ca","tag-la-comunitat-ca","tag-requena-utiel-ca"],"_links":{"self":[{"href":"https:\/\/tucomarca.whitekongsoftware.com\/ca\/wp-json\/wp\/v2\/posts\/301715","targetHints":{"allow":["GET"]}}],"collection":[{"href":"https:\/\/tucomarca.whitekongsoftware.com\/ca\/wp-json\/wp\/v2\/posts"}],"about":[{"href":"https:\/\/tucomarca.whitekongsoftware.com\/ca\/wp-json\/wp\/v2\/types\/post"}],"author":[{"embeddable":true,"href":"https:\/\/tucomarca.whitekongsoftware.com\/ca\/wp-json\/wp\/v2\/users\/12"}],"replies":[{"embeddable":true,"href":"https:\/\/tucomarca.whitekongsoftware.com\/ca\/wp-json\/wp\/v2\/comments?post=301715"}],"version-history":[{"count":0,"href":"https:\/\/tucomarca.whitekongsoftware.com\/ca\/wp-json\/wp\/v2\/posts\/301715\/revisions"}],"wp:featuredmedia":[{"embeddable":true,"href":"https:\/\/tucomarca.whitekongsoftware.com\/ca\/wp-json\/wp\/v2\/media\/301714"}],"wp:attachment":[{"href":"https:\/\/tucomarca.whitekongsoftware.com\/ca\/wp-json\/wp\/v2\/media?parent=301715"}],"wp:term":[{"taxonomy":"category","embeddable":true,"href":"https:\/\/tucomarca.whitekongsoftware.com\/ca\/wp-json\/wp\/v2\/categories?post=301715"},{"taxonomy":"post_tag","embeddable":true,"href":"https:\/\/tucomarca.whitekongsoftware.com\/ca\/wp-json\/wp\/v2\/tags?post=301715"}],"curies":[{"name":"wp","href":"https:\/\/api.w.org\/{rel}","templated":true}]}}