{"id":301708,"date":"2026-05-11T12:00:00","date_gmt":"2026-05-11T10:00:00","guid":{"rendered":"https:\/\/www.tucomarca.com\/wordpress\/segunda\/?p=301708"},"modified":"2026-05-11T19:28:05","modified_gmt":"2026-05-11T17:28:05","slug":"la-generalitat-concedix-94-milions-deuros-a-77-municipis-per-a-la-proteccio-del-seu-patrimoni-i-la-renovacio-despais-municipals","status":"publish","type":"post","link":"https:\/\/tucomarca.whitekongsoftware.com\/ca\/la-generalitat-concedix-94-milions-deuros-a-77-municipis-per-a-la-proteccio-del-seu-patrimoni-i-la-renovacio-despais-municipals\/","title":{"rendered":"La Generalitat concedix 9,4 milions d\u2019euros a 77 municipis per a la protecci\u00f3 del seu patrimoni i la renovaci\u00f3 d\u2019espais municipals"},"content":{"rendered":"\n<h3 class=\"wp-block-heading\">El Consell ha prioritzat la lluita contra el despoblament en esta l\u00ednia d\u2019ajudes per la qual cosa el 95 % dels municipis beneficiaris tenen un m\u00e0xim de 5.000 habitants.<\/h3>\n\n\n\n<h3 class=\"wp-block-heading\">El vicepresident segon i conseller de Presid\u00e8ncia destaca que \u201csi volem que la gent puga viure en els seus pobles, cal donar-los condicions, cal rehabilitar el seu passat i facilitar el seu present\u201d.<\/h3>\n\n\n\n<p class=\"wp-block-paragraph\">La Vicepresid\u00e8ncia Segona i Conselleria de Presid\u00e8ncia ha concedit un total de 9.428.569 euros a 77 municipis i entitats locals menors per a la protecci\u00f3 del patrimoni, la dinamitzaci\u00f3 cultural i la renovaci\u00f3 de b\u00e9ns i espais municipals.<\/p>\n\n\n\n<p class=\"wp-block-paragraph\">L\u2019objectiu \u00e9s la reparaci\u00f3, la conservaci\u00f3 o el manteniment, la restauraci\u00f3 i la rehabilitaci\u00f3 de b\u00e9ns immobles que tinguen valor hist\u00f2ric, art\u00edstic o d\u2019inter\u00e9s local, aix\u00ed com obres destinades a l\u2019adequaci\u00f3 i la renovaci\u00f3 de b\u00e9ns i espais municipals, d\u2019acc\u00e9s o utilitzaci\u00f3 p\u00fablica.<\/p>\n\n\n\n<p class=\"wp-block-paragraph\">El 95 % dels municipis beneficiaris d\u2019estes ajudes, un total de 73, tenen un m\u00e0xim de 5.000 habitants. Des del Consell s\u2019ha prioritzat la lluita contra el despoblament en esta l\u00ednia d\u2019ajudes, donant m\u00e9s punts en la baremaci\u00f3 a les entitats locals amb menys habitants i menor pressupost i a les que tinguen m\u00e9s rellev\u00e0ncia patrimonial del b\u00e9 o espai sobre el qual s\u2019actuar\u00e0. Aix\u00ed, a estos 73 municipis se\u2019ls ha atorgat la majoria del pressupost: 8.797.086 euros (m\u00e9s del 93 %).<\/p>\n\n\n\n<p class=\"wp-block-paragraph\">El vicepresident segon i conseller de Presid\u00e8ncia, Jos\u00e9 D\u00edez, ha destacat que estes ajudes mostren una especial sensibilitat cap a les entitats locals m\u00e9s xicotetes, perqu\u00e8 \u201cel despoblament es combat amb servicis, amb accessibilitat i amb respecte al patrimoni que definix la nostra identitat. No hi ha pobles xicotets ni irrellevants, sin\u00f3 tot el contrari. El m\u00f3n rural \u00e9s el cor de la nostra hist\u00f2ria, i si volem que la gent es quede en els seus pobles, cal donar-los condicions, cal rehabilitar el seu passat i facilitar el seu present\u201d.<\/p>\n\n\n\n<p class=\"wp-block-paragraph\">En este sentit, Jos\u00e9 D\u00edez ha manifestat que \u201cestes ajudes se sumen a les que tamb\u00e9 hem concedit recentment per valor de prop de 5 milions per a eliminar barreres arquitect\u00f2niques en edificis p\u00fablics de municipis amb menys habitants, amb la finalitat de garantir la igualtat en l\u2019acc\u00e9s als servicis p\u00fablics, sense importar si el lloc de resid\u00e8ncia \u00e9s una gran ciutat o un xicotet municipi\u201d.<\/p>\n\n\n\n<p class=\"wp-block-paragraph\"><strong>Municipis beneficiaris<\/strong><\/p>\n\n\n\n<p class=\"wp-block-paragraph\">Les ajudes van dirigides a finan\u00e7ar els gastos en els quals inc\u00f3rreguen les entitats benefici\u00e0ries relacionats amb el cost d\u2019execuci\u00f3 de les obres, dels treballs i instal\u00b7lacions, la redacci\u00f3 dels projectes (incl\u00f2s, si \u00e9s el cas, l\u2019estudi geot\u00e8cnic, arqueol\u00f2gic, o estructural), i de direcci\u00f3 de les obres.<\/p>\n\n\n\n<p class=\"wp-block-paragraph\">Els municipis que han resultat beneficiaris s\u00f3n els seg\u00fcents, organitzats per prov\u00edncies.<br>En la prov\u00edncia d\u2019Alacant: Benifallim, Alcoleja, Parcent, Biar, Jacarilla, Pen\u00e0guila, Orba, Confrides. Xal\u00f3, Callosa d\u2019en Sarri\u00e0, i l\u2019Orxa<\/p>\n\n\n\n<p class=\"wp-block-paragraph\">En la prov\u00edncia de Castell\u00f3: Eslida, Espadilla, J\u00e9rica, Culla, Ay\u00f3dar, Vilanova d\u2019Alcolea, Pina de Montalgrao, Traiguera, Suera, Olocau del Rey, Ludiente, Castellfort, Alcudia de Veo, Herbers, Benafer, Sant Mateu, Portell de Morella, Les Coves de Vinrom\u00e0, Tales, Xodos, Argelita, Cabanes, Todolella, Torreblanca, Figueroles, Canet lo Roig, la Salzadella, Segorbe, Navajas, el Toro, la Jana, Ares del Maestrat, Viver, Altura, Forcall i Teresa.<\/p>\n\n\n\n<p class=\"wp-block-paragraph\">En la prov\u00edncia de Val\u00e8ncia: Vallada, Castielfabib, Bolbaite, Moixent, Chera, Olocau, Cortes de Pall\u00e1s, Estubeny, Benavites, Xeraco, Potries, Alpuente, Titaguas, Quartell, Y\u00e1tova, Gilet, Poliny\u00e0 de X\u00faquer, Castellonet de la Conquesta, Otos, el Genov\u00e9s, Agullent, Guadass\u00e9quies, Torrella, Serra, Ademuz, Albalat de la Ribera, Vinalesa, Benimodo, l\u2019\u00c9nova i Quatretonda.<\/p>\n\n\n\n<p class=\"wp-block-paragraph\"><\/p>\n","protected":false},"excerpt":{"rendered":"<div class=\"mh-excerpt\">El Consell ha prioritzat la lluita contra el despoblament en esta l\u00ednia d\u2019ajudes per la qual cosa el 95 % dels municipis beneficiaris tenen un m\u00e0xim de 5.000 habitants. El vicepresident segon i conseller de <a class=\"mh-excerpt-more\" href=\"https:\/\/tucomarca.whitekongsoftware.com\/ca\/la-generalitat-concedix-94-milions-deuros-a-77-municipis-per-a-la-proteccio-del-seu-patrimoni-i-la-renovacio-despais-municipals\/\" title=\"La Generalitat concedix 9,4 milions d\u2019euros a 77 municipis per a la protecci\u00f3 del seu patrimoni i la renovaci\u00f3 d\u2019espais municipals\">[+] <\/a><\/div>\n","protected":false},"author":12,"featured_media":111716,"comment_status":"closed","ping_status":"open","sticky":false,"template":"","format":"standard","meta":{"footnotes":""},"categories":[10951,10953,10898,10948,10894,10904,10947,10896],"tags":[23155,24307],"class_list":["post-301708","post","type-post","status-publish","format-standard","has-post-thumbnail","category-ayora-cofrentes-ca","category-cortes-de-pallas-ca","category-ventana-ca","category-infraestructuras-ca","category-la-comarca-ca","category-sin-categorizar-ca","category-politica","category-seccion-ca","tag-generaliltat-valenciana-ca","tag-proteccion-de-patrimonio"],"_links":{"self":[{"href":"https:\/\/tucomarca.whitekongsoftware.com\/ca\/wp-json\/wp\/v2\/posts\/301708","targetHints":{"allow":["GET"]}}],"collection":[{"href":"https:\/\/tucomarca.whitekongsoftware.com\/ca\/wp-json\/wp\/v2\/posts"}],"about":[{"href":"https:\/\/tucomarca.whitekongsoftware.com\/ca\/wp-json\/wp\/v2\/types\/post"}],"author":[{"embeddable":true,"href":"https:\/\/tucomarca.whitekongsoftware.com\/ca\/wp-json\/wp\/v2\/users\/12"}],"replies":[{"embeddable":true,"href":"https:\/\/tucomarca.whitekongsoftware.com\/ca\/wp-json\/wp\/v2\/comments?post=301708"}],"version-history":[{"count":0,"href":"https:\/\/tucomarca.whitekongsoftware.com\/ca\/wp-json\/wp\/v2\/posts\/301708\/revisions"}],"wp:featuredmedia":[{"embeddable":true,"href":"https:\/\/tucomarca.whitekongsoftware.com\/ca\/wp-json\/wp\/v2\/media\/111716"}],"wp:attachment":[{"href":"https:\/\/tucomarca.whitekongsoftware.com\/ca\/wp-json\/wp\/v2\/media?parent=301708"}],"wp:term":[{"taxonomy":"category","embeddable":true,"href":"https:\/\/tucomarca.whitekongsoftware.com\/ca\/wp-json\/wp\/v2\/categories?post=301708"},{"taxonomy":"post_tag","embeddable":true,"href":"https:\/\/tucomarca.whitekongsoftware.com\/ca\/wp-json\/wp\/v2\/tags?post=301708"}],"curies":[{"name":"wp","href":"https:\/\/api.w.org\/{rel}","templated":true}]}}