{"id":301538,"date":"2026-05-08T08:45:00","date_gmt":"2026-05-08T06:45:00","guid":{"rendered":"https:\/\/www.tucomarca.com\/wordpress\/segunda\/?p=301538"},"modified":"2026-05-08T20:35:35","modified_gmt":"2026-05-08T18:35:35","slug":"la-diputacio-oferix-en-la-principal-fira-de-turisme-del-pais-basc-els-productes-i-experiencies-de-la-provincia-de-valencia","status":"publish","type":"post","link":"https:\/\/tucomarca.whitekongsoftware.com\/ca\/la-diputacio-oferix-en-la-principal-fira-de-turisme-del-pais-basc-els-productes-i-experiencies-de-la-provincia-de-valencia\/","title":{"rendered":"La Diputaci\u00f3 oferix en la principal fira de Turisme del Pa\u00eds Basc els productes i experi\u00e8ncies de la prov\u00edncia de Val\u00e8ncia"},"content":{"rendered":"\n<h3 class=\"wp-block-heading\">El diputat de Turisme, Pedro Cuesta, assistix a la Fira Expovacaciones, que se celebra fins al diumenge en el Bilbao Exhibition Centre (BEC) de Barakaldo (Biscaia), i que va dirigida al p\u00fablic general.<\/h3>\n\n\n\n<p class=\"wp-block-paragraph\">El diputat de Turisme i Esports de la Diputaci\u00f3 de Val\u00e8ncia, Pedro Cuesta, ha assistit a la primera jornada de la Fira Expovacaciones 2026, que se celebra en el Bilbao Exhibition Centre (BEC) de Barakaldo (Biscaia) fins al 10 de maig i en la qual participa la corporaci\u00f3 provincial a trav\u00e9s de la seua marca Val\u00e8ncia Turisme.<\/p>\n\n\n\n<p class=\"wp-block-paragraph\">\u201c\u00c9s una fira anual consolidada, que ja ha aconseguit 46 edicions, i est\u00e0 dirigida al p\u00fablic final, la qual cosa juntament amb la seua excel\u00b7lent ubicaci\u00f3 la convertixen en un canal directe d&#8217;influ\u00e8ncia en la decisi\u00f3 de viatge i en el principal aparador tur\u00edstic del Pa\u00eds Basc i del nord peninsular, un mercat tradicionalment interessant per al nostre territori\u201d, ha destacat el diputat.<\/p>\n\n\n\n<p class=\"wp-block-paragraph\">Pedro Cuesta ha participat en la inauguraci\u00f3 de la fira, juntament amb el viceconsejero de Turisme del Govern Basc, Jakes Agirrezabal, i la diputada foral de Turisme de Biscaia, Sonia P\u00e9rez, entre altres autoritats locals.<\/p>\n\n\n\n<p class=\"wp-block-paragraph\">Tamb\u00e9 ha mantingut diverses trobades en l&#8217;estand de la Diputaci\u00f3 amb representants municipals per a \u201ccon\u00e9ixer de primera m\u00e0 les demandes actuals del turista basc i catalitzar la seua sintonia amb els productes i experi\u00e8ncies que li oferim a la prov\u00edncia de Val\u00e8ncia, tant en general com de cara al pr\u00f2xim estiu\u201d, segons ha manifestat.<\/p>\n\n\n\n<figure class=\"wp-block-gallery has-nested-images columns-default is-cropped wp-block-gallery-1 is-layout-flex wp-block-gallery-is-layout-flex\">\n<figure class=\"wp-block-image size-large\"><img loading=\"lazy\" decoding=\"async\" width=\"945\" height=\"614\" data-id=\"301531\" src=\"https:\/\/www.tucomarca.com\/wordpress\/segunda\/wp-content\/uploads\/2026\/05\/TurismeVizcaya1.jpeg\" alt=\"\" class=\"wp-image-301531\" srcset=\"https:\/\/tucomarca.whitekongsoftware.com\/wp-content\/uploads\/2026\/05\/TurismeVizcaya1.jpeg 945w, https:\/\/tucomarca.whitekongsoftware.com\/wp-content\/uploads\/2026\/05\/TurismeVizcaya1-300x195.jpeg 300w, https:\/\/tucomarca.whitekongsoftware.com\/wp-content\/uploads\/2026\/05\/TurismeVizcaya1-768x499.jpeg 768w\" sizes=\"auto, (max-width: 945px) 100vw, 945px\" \/><\/figure>\n\n\n\n<figure class=\"wp-block-image size-large\"><img loading=\"lazy\" decoding=\"async\" width=\"945\" height=\"614\" data-id=\"301533\" src=\"https:\/\/www.tucomarca.com\/wordpress\/segunda\/wp-content\/uploads\/2026\/05\/TurismeVizcaya2.jpeg\" alt=\"\" class=\"wp-image-301533\" srcset=\"https:\/\/tucomarca.whitekongsoftware.com\/wp-content\/uploads\/2026\/05\/TurismeVizcaya2.jpeg 945w, https:\/\/tucomarca.whitekongsoftware.com\/wp-content\/uploads\/2026\/05\/TurismeVizcaya2-300x195.jpeg 300w, https:\/\/tucomarca.whitekongsoftware.com\/wp-content\/uploads\/2026\/05\/TurismeVizcaya2-768x499.jpeg 768w\" sizes=\"auto, (max-width: 945px) 100vw, 945px\" \/><\/figure>\n<\/figure>\n\n\n\n<p class=\"wp-block-paragraph\"><strong>Municipis coexpositores<\/strong><\/p>\n\n\n\n<p class=\"wp-block-paragraph\">La Diputaci\u00f3 de Val\u00e8ncia participa en Expovacaciones 2026 per a promocionar l&#8217;oferta tur\u00edstica general de la prov\u00edncia de Val\u00e8ncia amb un estand de 30 metres quadrats i juntament amb els municipis de Cullera, Gandia, Ll\u00edria, Oliva, Sagunt i Tavernes de la Valldigna, a m\u00e9s de la Mancomunitat Intermunicipal de l&#8217;Horta Sud, com coexpositores.<\/p>\n\n\n\n<p class=\"wp-block-paragraph\">En el certamen, dirigit al p\u00fablic general, es congreguen altres destinacions nacionals, ag\u00e8ncies de viatges, oficines de turisme internacionals, majoristes i organismes p\u00fablics oficials, a m\u00e9s de companyies relacionades amb l&#8217;allotjament, el transport i els servicis de turisme actiu, rural, cultural i gastron\u00f2mic, entre altres.<\/p>\n\n\n\n<p class=\"wp-block-paragraph\">Els turistes procedents del Pa\u00eds Basc que visiten la Comunitat Valenciana romanen ac\u00ed una mitjana de 10,5 dies i realitzen un gasto diari de 59 euros al dia, aproximadament. S&#8217;allotgen majorit\u00e0riament en establiments hotelers durant el tercer trimestre de l&#8217;any i venen atrets, b\u00e0sicament, per l&#8217;oferta d&#8217;oci de sol i platja dels municipis costaners valencians.<\/p>\n","protected":false},"excerpt":{"rendered":"<div class=\"mh-excerpt\">El diputat de Turisme, Pedro Cuesta, assistix a la Fira Expovacaciones, que se celebra fins al diumenge en el Bilbao Exhibition Centre (BEC) de Barakaldo (Biscaia), i que va dirigida al p\u00fablic general. El diputat <a class=\"mh-excerpt-more\" href=\"https:\/\/tucomarca.whitekongsoftware.com\/ca\/la-diputacio-oferix-en-la-principal-fira-de-turisme-del-pais-basc-els-productes-i-experiencies-de-la-provincia-de-valencia\/\" title=\"La Diputaci\u00f3 oferix en la principal fira de Turisme del Pa\u00eds Basc els productes i experi\u00e8ncies de la prov\u00edncia de Val\u00e8ncia\">[+] <\/a><\/div>\n","protected":false},"author":12,"featured_media":301536,"comment_status":"closed","ping_status":"open","sticky":false,"template":"","format":"gallery","meta":{"footnotes":""},"categories":[10898,10948,10894,10904,11007,10947,10896],"tags":[11246,24303,18066],"class_list":["post-301538","post","type-post","status-publish","format-gallery","has-post-thumbnail","category-ventana-ca","category-infraestructuras-ca","category-la-comarca-ca","category-sin-categorizar-ca","category-ocio-y-cultura-ca","category-politica","category-seccion-ca","tag-diputacio-de-valencia-ca","tag-feria-expovacaciones","tag-valencia-turisme-2-ca","post_format-post-format-gallery"],"_links":{"self":[{"href":"https:\/\/tucomarca.whitekongsoftware.com\/ca\/wp-json\/wp\/v2\/posts\/301538","targetHints":{"allow":["GET"]}}],"collection":[{"href":"https:\/\/tucomarca.whitekongsoftware.com\/ca\/wp-json\/wp\/v2\/posts"}],"about":[{"href":"https:\/\/tucomarca.whitekongsoftware.com\/ca\/wp-json\/wp\/v2\/types\/post"}],"author":[{"embeddable":true,"href":"https:\/\/tucomarca.whitekongsoftware.com\/ca\/wp-json\/wp\/v2\/users\/12"}],"replies":[{"embeddable":true,"href":"https:\/\/tucomarca.whitekongsoftware.com\/ca\/wp-json\/wp\/v2\/comments?post=301538"}],"version-history":[{"count":0,"href":"https:\/\/tucomarca.whitekongsoftware.com\/ca\/wp-json\/wp\/v2\/posts\/301538\/revisions"}],"wp:featuredmedia":[{"embeddable":true,"href":"https:\/\/tucomarca.whitekongsoftware.com\/ca\/wp-json\/wp\/v2\/media\/301536"}],"wp:attachment":[{"href":"https:\/\/tucomarca.whitekongsoftware.com\/ca\/wp-json\/wp\/v2\/media?parent=301538"}],"wp:term":[{"taxonomy":"category","embeddable":true,"href":"https:\/\/tucomarca.whitekongsoftware.com\/ca\/wp-json\/wp\/v2\/categories?post=301538"},{"taxonomy":"post_tag","embeddable":true,"href":"https:\/\/tucomarca.whitekongsoftware.com\/ca\/wp-json\/wp\/v2\/tags?post=301538"}],"curies":[{"name":"wp","href":"https:\/\/api.w.org\/{rel}","templated":true}]}}