{"id":301528,"date":"2026-05-08T12:00:00","date_gmt":"2026-05-08T10:00:00","guid":{"rendered":"https:\/\/www.tucomarca.com\/wordpress\/segunda\/?p=301528"},"modified":"2026-05-08T20:39:26","modified_gmt":"2026-05-08T18:39:26","slug":"mompo-tenim-la-responsabilitat-de-no-ser-neutrals-a-lhora-de-condemnar-lexplotacio-sexual-de-les-dones","status":"publish","type":"post","link":"https:\/\/tucomarca.whitekongsoftware.com\/ca\/mompo-tenim-la-responsabilitat-de-no-ser-neutrals-a-lhora-de-condemnar-lexplotacio-sexual-de-les-dones\/","title":{"rendered":"Momp\u00f3: \u201cTenim la responsabilitat de no ser neutrals a l&#8217;hora de condemnar l&#8217;explotaci\u00f3 sexual de les dones\u201d"},"content":{"rendered":"\n<h3 class=\"wp-block-heading\">El president obri la segona jornada del Feminari reafirmant la posici\u00f3 \u201cvalenta\u201d de la instituci\u00f3 contra els que mercantilitzen el cos de la dona.<\/h3>\n\n\n\n<h3 class=\"wp-block-heading\">\u201cNo ens valen les posicions c\u00f2modes i calculades pol\u00edticament entorn de la prostituci\u00f3, ni els discursos eufemistes que la suavitzen\u201d, afirma Momp\u00f3.<\/h3>\n\n\n\n<h3 class=\"wp-block-heading\">La vicepresidenta Enguix coincidix en destacar \u201cl&#8217;autoritat moral i pol\u00edtica\u201d de les supervivents d&#8217;explotaci\u00f3 sexual que participen en el debat.<\/h3>\n\n\n\n<p class=\"wp-block-paragraph\">El president de la Diputaci\u00f3 de Val\u00e8ncia, Vicent Momp\u00f3, ha obert la segona i definitiva jornada del nov\u00e9 Feminari, que debat sobre l&#8217;abolici\u00f3 de la prostituci\u00f3 en el complex cultural La Petxina. Momp\u00f3 ha deixat molt clara la postura de la corporaci\u00f3 que dirigix: \u201cenfront dels discursos que durant molt de temps han suavitzat l&#8217;explotaci\u00f3 sexual amb eufemismes, des de la Diputaci\u00f3 tenim la responsabilitat de no ser neutrals davant la injust\u00edcia. Demanar l&#8217;abolici\u00f3 de la prostituci\u00f3 \u00e9s dignitat democr\u00e0tica perqu\u00e8 les dones no s\u00f3n un producte i, enfront de posicions calculades pol\u00edticament, condemnem la mercantilitzaci\u00f3 del cos de la dona i als qui convertixen la desigualtat en un negoci\u201d.<\/p>\n\n\n\n<p class=\"wp-block-paragraph\">Acompanyat per la vicepresidenta primera, Nat\u00e0lia Enguix, el m\u00e0xim responsable provincial ha destacat el treball que impulsa l&#8217;\u00e0rea d&#8217;Igualtat que coordina Enguix: \u201cestem acostumats a postures m\u00e9s c\u00f2modes des de les institucions, per\u00f2 la vicepresidenta ha demostrat la valentia de dir a les coses pel seu nom\u201d. \u201cLa Diputaci\u00f3 est\u00e0 del costat de la dignitat humana, contra les xarxes d&#8217;explotaci\u00f3 i tracta, contra aquells que es lucren amb la vulnerabilitat aliena, contra els que miren cap a un altre costat davant una ind\u00fastria que se sost\u00e9 en la desigualtat\u201d, ha afirmat el president Momp\u00f3, qui considera que este posicionament \u201c\u00e9s lideratge pol\u00edtic\u201d.<\/p>\n\n\n\n<p class=\"wp-block-paragraph\">Vicent Momp\u00f3 ha tingut tamb\u00e9 paraules per a les supervivents d&#8217;explotaci\u00f3 sexual que participen en el nov\u00e9 Feminari, en assegurar que \u201cno estan ac\u00ed per a provocar compassi\u00f3; escoltar-les \u00e9s dur i al temps necessari, ja que les seues experi\u00e8ncies desmunten tots els discursos dels diners i el poder, les an\u00e0lisis des de la dist\u00e0ncia de persones que no han patit el que elles han patit\u201d. La vicepresidenta Enguix ha coincidit en \u201cl&#8217;autoritat moral i pol\u00edtica\u201d d&#8217;eixes dones que han elevat la seua veu en el f\u00f2rum de debat de la Diputaci\u00f3, el \u201cm\u00e9s combatiu de tots els Feminaris celebrats fins a la data, en vespres del des\u00e9 aniversari\u201d.<\/p>\n\n\n\n<p class=\"wp-block-paragraph\">No \u00e9s en l&#8217;\u00fanica cosa que han coincidit Momp\u00f3 i Enguix, que en la seua defensa de l&#8217;abolici\u00f3 de la prostituci\u00f3 miren cap a l&#8217;executiu estatal. \u201cLa Diputaci\u00f3 no \u00e9s neutral, i tampoc ha de ser-ho el Govern d&#8217;Espanya, al qual animem a aprovar una llei abolicionista\u201d, ha expressat el president. Per part seua, la diputada d&#8217;Igualtat ha insistit en el missatge que es ve escoltant des del dijous en el Feminari, i que no \u00e9s un altre que impulsar de manera definitiva \u201cla llei org\u00e0nica que ens permeta d&#8217;una vegada per sempre deixar de ser un Estat proxeneta\u201d.<\/p>\n\n\n\n<figure class=\"wp-block-gallery has-nested-images columns-default is-cropped wp-block-gallery-1 is-layout-flex wp-block-gallery-is-layout-flex\">\n<figure class=\"wp-block-image size-large\"><img loading=\"lazy\" decoding=\"async\" width=\"945\" height=\"614\" data-id=\"301523\" src=\"https:\/\/www.tucomarca.com\/wordpress\/segunda\/wp-content\/uploads\/2026\/05\/MompoIXFeminari1.jpg\" alt=\"\" class=\"wp-image-301523\" srcset=\"https:\/\/tucomarca.whitekongsoftware.com\/wp-content\/uploads\/2026\/05\/MompoIXFeminari1.jpg 945w, https:\/\/tucomarca.whitekongsoftware.com\/wp-content\/uploads\/2026\/05\/MompoIXFeminari1-300x195.jpg 300w, https:\/\/tucomarca.whitekongsoftware.com\/wp-content\/uploads\/2026\/05\/MompoIXFeminari1-768x499.jpg 768w\" sizes=\"auto, (max-width: 945px) 100vw, 945px\" \/><\/figure>\n\n\n\n<figure class=\"wp-block-image size-large\"><img loading=\"lazy\" decoding=\"async\" width=\"945\" height=\"614\" data-id=\"301525\" src=\"https:\/\/www.tucomarca.com\/wordpress\/segunda\/wp-content\/uploads\/2026\/05\/MompoIXFeminari7.jpg\" alt=\"\" class=\"wp-image-301525\" srcset=\"https:\/\/tucomarca.whitekongsoftware.com\/wp-content\/uploads\/2026\/05\/MompoIXFeminari7.jpg 945w, https:\/\/tucomarca.whitekongsoftware.com\/wp-content\/uploads\/2026\/05\/MompoIXFeminari7-300x195.jpg 300w, https:\/\/tucomarca.whitekongsoftware.com\/wp-content\/uploads\/2026\/05\/MompoIXFeminari7-768x499.jpg 768w\" sizes=\"auto, (max-width: 945px) 100vw, 945px\" \/><\/figure>\n<\/figure>\n\n\n\n<p class=\"wp-block-paragraph\"><\/p>\n\n\n\n<p class=\"wp-block-paragraph\"><strong>La prostituci\u00f3 en l&#8217;era digital<\/strong><\/p>\n\n\n\n<p class=\"wp-block-paragraph\">La jornada del Feminari d&#8217;este divendres inclou dos taules de debat. La primera, segons ha explicat Nat\u00e0lia Enguix en la pr\u00e8via, aborda el tema de la prostituci\u00f3 adaptat a l&#8217;era digital, amb ponents de primer nivell com la polit\u00f2loga i activista digital Julia Salander, la presidenta de la Federaci\u00f3 de Dones Joves, Laura Barrios, i la investigadora de la Universitat d&#8217;Alacant Lydia Delicado, moderades per la periodista Isabel Olmos, subdirectora de Levante EMV.<\/p>\n\n\n\n<p class=\"wp-block-paragraph\">La segona taula, moderada per la psic\u00f2loga i pol\u00edtica feminista Laura Berja, compta amb l&#8217;advocada Charo Carracedo i les periodistes Gabriela Atencio i Kajsa Ekis, que debaten sobre el marc legal de l&#8217;abolicionisme. Una vegada finalitzat el debat que va arrancar en la vesprada del dijous amb la pon\u00e8ncia inaugural de l&#8217;escriptora Rosa Cobo, la vicepresidenta Enguix tornar\u00e0 a prendre la paraula per a clausurar el Feminari i exposar les seues conclusions.<\/p>\n","protected":false},"excerpt":{"rendered":"<div class=\"mh-excerpt\">El president obri la segona jornada del Feminari reafirmant la posici\u00f3 \u201cvalenta\u201d de la instituci\u00f3 contra els que mercantilitzen el cos de la dona. \u201cNo ens valen les posicions c\u00f2modes i calculades pol\u00edticament entorn de <a class=\"mh-excerpt-more\" href=\"https:\/\/tucomarca.whitekongsoftware.com\/ca\/mompo-tenim-la-responsabilitat-de-no-ser-neutrals-a-lhora-de-condemnar-lexplotacio-sexual-de-les-dones\/\" title=\"Momp\u00f3: \u201cTenim la responsabilitat de no ser neutrals a l&#8217;hora de condemnar l&#8217;explotaci\u00f3 sexual de les dones\u201d\">[+] <\/a><\/div>\n","protected":false},"author":12,"featured_media":301522,"comment_status":"closed","ping_status":"open","sticky":false,"template":"","format":"standard","meta":{"footnotes":""},"categories":[10898,10948,10894,10904,10947,10896,10897],"tags":[11246,24275,16563],"class_list":["post-301528","post","type-post","status-publish","format-standard","has-post-thumbnail","category-ventana-ca","category-infraestructuras-ca","category-la-comarca-ca","category-sin-categorizar-ca","category-politica","category-seccion-ca","category-sucesos-la-comarca-ca","tag-diputacio-de-valencia-ca","tag-ix-feminario-de-la-diputacio","tag-vicente-mompo-ca"],"_links":{"self":[{"href":"https:\/\/tucomarca.whitekongsoftware.com\/ca\/wp-json\/wp\/v2\/posts\/301528","targetHints":{"allow":["GET"]}}],"collection":[{"href":"https:\/\/tucomarca.whitekongsoftware.com\/ca\/wp-json\/wp\/v2\/posts"}],"about":[{"href":"https:\/\/tucomarca.whitekongsoftware.com\/ca\/wp-json\/wp\/v2\/types\/post"}],"author":[{"embeddable":true,"href":"https:\/\/tucomarca.whitekongsoftware.com\/ca\/wp-json\/wp\/v2\/users\/12"}],"replies":[{"embeddable":true,"href":"https:\/\/tucomarca.whitekongsoftware.com\/ca\/wp-json\/wp\/v2\/comments?post=301528"}],"version-history":[{"count":0,"href":"https:\/\/tucomarca.whitekongsoftware.com\/ca\/wp-json\/wp\/v2\/posts\/301528\/revisions"}],"wp:featuredmedia":[{"embeddable":true,"href":"https:\/\/tucomarca.whitekongsoftware.com\/ca\/wp-json\/wp\/v2\/media\/301522"}],"wp:attachment":[{"href":"https:\/\/tucomarca.whitekongsoftware.com\/ca\/wp-json\/wp\/v2\/media?parent=301528"}],"wp:term":[{"taxonomy":"category","embeddable":true,"href":"https:\/\/tucomarca.whitekongsoftware.com\/ca\/wp-json\/wp\/v2\/categories?post=301528"},{"taxonomy":"post_tag","embeddable":true,"href":"https:\/\/tucomarca.whitekongsoftware.com\/ca\/wp-json\/wp\/v2\/tags?post=301528"}],"curies":[{"name":"wp","href":"https:\/\/api.w.org\/{rel}","templated":true}]}}