{"id":301445,"date":"2026-05-08T10:15:00","date_gmt":"2026-05-08T08:15:00","guid":{"rendered":"https:\/\/www.tucomarca.com\/wordpress\/segunda\/?p=301445"},"modified":"2026-05-08T18:34:59","modified_gmt":"2026-05-08T16:34:59","slug":"fotogaleria-la-aecc-de-bunyol-participa-activament-en-la-cuestacion-anual-contra-el-cancer-2026-a-valencia","status":"publish","type":"post","link":"https:\/\/tucomarca.whitekongsoftware.com\/ca\/fotogaleria-la-aecc-de-bunyol-participa-activament-en-la-cuestacion-anual-contra-el-cancer-2026-a-valencia\/","title":{"rendered":"Fotogaleria: la AECC de Bunyol participa activament en la Cuestaci\u00f3n Anual contra el C\u00e1ncer 2026 a Val\u00e8ncia"},"content":{"rendered":"\n<p class=\"wp-block-paragraph\">Representants de la Junta Local de l\u2019Associaci\u00f3 Espanyola Contra el C\u00e0ncer (AECC) de Bu\u00f1ol ha participat de manera activa en la Cuestaci\u00f3n Anual contra el C\u00e1ncer 2026 celebrada este dijous 7 de maig a la ciutat de Val\u00e8ncia, una jornada solid\u00e0ria organitzada per l\u2019Associaci\u00f3 Espanyola Contra el C\u00e0ncer amb l\u2019objectiu de recaptar fons destinats a la investigaci\u00f3 oncol\u00f2gica, la prevenci\u00f3 i el suport a pacients i familiars.<\/p>\n\n\n\n<p class=\"wp-block-paragraph\">Com \u00e9s tradici\u00f3, l\u2019entitat va instal\u00b7lar la seua taula petit\u00f2ria principal davant de l\u2019Ajuntament de Val\u00e8ncia, convertint-se en un dels punts centrals d\u2019una campanya que va mobilitzar centenars de voluntaris i col\u00b7laboradors. La iniciativa va comptar amb la visita de l\u2019alcaldessa de Val\u00e8ncia, M\u00aa Jos\u00e9 Catal\u00e1, juntament amb membres de la corporaci\u00f3 municipal, aix\u00ed com del vicepresident i gerent de l\u2019Associaci\u00f3 Espanyola Contra el C\u00e0ncer a Val\u00e8ncia, Antonio Llombart i Javier Llombart, respectivament. Tamb\u00e9 va voler mostrar el seu suport la fallera major de Val\u00e8ncia 2026, Carmen Prades.<\/p>\n\n\n\n<p class=\"wp-block-paragraph\">La participaci\u00f3 de la AECC de Bu\u00f1ol posa de manifest, una vegada m\u00e9s, el comprom\u00eds solidari de l\u2019associaci\u00f3 local i dels seus voluntaris en la lluita contra el c\u00e0ncer, col\u00b7laborant activament en una jornada que va reunir m\u00e9s de 100 taules solid\u00e0ries distribu\u00efdes per tota la ciutat de Val\u00e8ncia.<\/p>\n\n\n\n<p class=\"wp-block-paragraph\">Durant tota la jornada, voluntaris, pacients i familiars es van implicar en esta tradicional cuestaci\u00f3 amb l\u2019objectiu de continuar impulsant projectes d\u2019investigaci\u00f3 i mantindre els serveis d\u2019atenci\u00f3 i acompanyament a les persones afectades per la malaltia.<\/p>\n\n\n\n<p class=\"wp-block-paragraph\">Des de la AECC de Bu\u00f1ol han volgut agrair la implicaci\u00f3 de totes les persones que van col\u00b7laborar amb els seus donatius i van destacar la import\u00e0ncia de continuar sumant esfor\u00e7os per avan\u00e7ar en la investigaci\u00f3 i millorar la qualitat de vida dels pacients oncol\u00f2gics i de les seues fam\u00edlies. Informa, <strong>P. Ferrer<\/strong>.<\/p>\n\n\n\n<p class=\"wp-block-paragraph\"><\/p>\n\n\n\n<figure class=\"wp-block-gallery has-nested-images columns-2 is-cropped wp-block-gallery-1 is-layout-flex wp-block-gallery-is-layout-flex\">\n<figure class=\"wp-block-image size-large\"><img loading=\"lazy\" decoding=\"async\" width=\"945\" height=\"614\" data-id=\"301431\" src=\"https:\/\/www.tucomarca.com\/wordpress\/segunda\/wp-content\/uploads\/2026\/05\/AECCBunol_valencia0.jpg\" alt=\"\" class=\"wp-image-301431\" srcset=\"https:\/\/tucomarca.whitekongsoftware.com\/wp-content\/uploads\/2026\/05\/AECCBunol_valencia0.jpg 945w, https:\/\/tucomarca.whitekongsoftware.com\/wp-content\/uploads\/2026\/05\/AECCBunol_valencia0-300x195.jpg 300w, https:\/\/tucomarca.whitekongsoftware.com\/wp-content\/uploads\/2026\/05\/AECCBunol_valencia0-768x499.jpg 768w\" sizes=\"auto, (max-width: 945px) 100vw, 945px\" \/><\/figure>\n\n\n\n<figure class=\"wp-block-image size-large\"><img loading=\"lazy\" decoding=\"async\" width=\"945\" height=\"614\" data-id=\"301433\" src=\"https:\/\/www.tucomarca.com\/wordpress\/segunda\/wp-content\/uploads\/2026\/05\/AECCBunol_valencia3.jpg\" alt=\"\" class=\"wp-image-301433\" srcset=\"https:\/\/tucomarca.whitekongsoftware.com\/wp-content\/uploads\/2026\/05\/AECCBunol_valencia3.jpg 945w, https:\/\/tucomarca.whitekongsoftware.com\/wp-content\/uploads\/2026\/05\/AECCBunol_valencia3-300x195.jpg 300w, https:\/\/tucomarca.whitekongsoftware.com\/wp-content\/uploads\/2026\/05\/AECCBunol_valencia3-768x499.jpg 768w\" sizes=\"auto, (max-width: 945px) 100vw, 945px\" \/><\/figure>\n\n\n\n<figure class=\"wp-block-image size-large\"><img loading=\"lazy\" decoding=\"async\" width=\"945\" height=\"614\" data-id=\"301429\" src=\"https:\/\/www.tucomarca.com\/wordpress\/segunda\/wp-content\/uploads\/2026\/05\/AECCBunol_valencia2.jpg\" alt=\"\" class=\"wp-image-301429\" srcset=\"https:\/\/tucomarca.whitekongsoftware.com\/wp-content\/uploads\/2026\/05\/AECCBunol_valencia2.jpg 945w, https:\/\/tucomarca.whitekongsoftware.com\/wp-content\/uploads\/2026\/05\/AECCBunol_valencia2-300x195.jpg 300w, https:\/\/tucomarca.whitekongsoftware.com\/wp-content\/uploads\/2026\/05\/AECCBunol_valencia2-768x499.jpg 768w\" sizes=\"auto, (max-width: 945px) 100vw, 945px\" \/><\/figure>\n\n\n\n<figure class=\"wp-block-image size-large\"><img loading=\"lazy\" decoding=\"async\" width=\"945\" height=\"614\" data-id=\"301427\" src=\"https:\/\/www.tucomarca.com\/wordpress\/segunda\/wp-content\/uploads\/2026\/05\/AECCBunol_valencia1.jpg\" alt=\"\" class=\"wp-image-301427\" srcset=\"https:\/\/tucomarca.whitekongsoftware.com\/wp-content\/uploads\/2026\/05\/AECCBunol_valencia1.jpg 945w, https:\/\/tucomarca.whitekongsoftware.com\/wp-content\/uploads\/2026\/05\/AECCBunol_valencia1-300x195.jpg 300w, https:\/\/tucomarca.whitekongsoftware.com\/wp-content\/uploads\/2026\/05\/AECCBunol_valencia1-768x499.jpg 768w\" sizes=\"auto, (max-width: 945px) 100vw, 945px\" \/><\/figure>\n\n\n\n<figure class=\"wp-block-image size-large\"><img loading=\"lazy\" decoding=\"async\" width=\"945\" height=\"614\" data-id=\"301437\" src=\"https:\/\/www.tucomarca.com\/wordpress\/segunda\/wp-content\/uploads\/2026\/05\/AECCBunol_valencia5.jpg\" alt=\"\" class=\"wp-image-301437\" srcset=\"https:\/\/tucomarca.whitekongsoftware.com\/wp-content\/uploads\/2026\/05\/AECCBunol_valencia5.jpg 945w, https:\/\/tucomarca.whitekongsoftware.com\/wp-content\/uploads\/2026\/05\/AECCBunol_valencia5-300x195.jpg 300w, https:\/\/tucomarca.whitekongsoftware.com\/wp-content\/uploads\/2026\/05\/AECCBunol_valencia5-768x499.jpg 768w\" sizes=\"auto, (max-width: 945px) 100vw, 945px\" \/><\/figure>\n\n\n\n<figure class=\"wp-block-image size-large\"><img loading=\"lazy\" decoding=\"async\" width=\"945\" height=\"614\" data-id=\"301435\" src=\"https:\/\/www.tucomarca.com\/wordpress\/segunda\/wp-content\/uploads\/2026\/05\/AECCBunol_valencia4.jpg\" alt=\"\" class=\"wp-image-301435\" srcset=\"https:\/\/tucomarca.whitekongsoftware.com\/wp-content\/uploads\/2026\/05\/AECCBunol_valencia4.jpg 945w, https:\/\/tucomarca.whitekongsoftware.com\/wp-content\/uploads\/2026\/05\/AECCBunol_valencia4-300x195.jpg 300w, https:\/\/tucomarca.whitekongsoftware.com\/wp-content\/uploads\/2026\/05\/AECCBunol_valencia4-768x499.jpg 768w\" sizes=\"auto, (max-width: 945px) 100vw, 945px\" \/><\/figure>\n\n\n\n<figure class=\"wp-block-image size-large\"><img loading=\"lazy\" decoding=\"async\" width=\"945\" height=\"614\" data-id=\"301439\" src=\"https:\/\/www.tucomarca.com\/wordpress\/segunda\/wp-content\/uploads\/2026\/05\/AECCBunol_valencia6.jpg\" alt=\"\" class=\"wp-image-301439\" srcset=\"https:\/\/tucomarca.whitekongsoftware.com\/wp-content\/uploads\/2026\/05\/AECCBunol_valencia6.jpg 945w, https:\/\/tucomarca.whitekongsoftware.com\/wp-content\/uploads\/2026\/05\/AECCBunol_valencia6-300x195.jpg 300w, https:\/\/tucomarca.whitekongsoftware.com\/wp-content\/uploads\/2026\/05\/AECCBunol_valencia6-768x499.jpg 768w\" sizes=\"auto, (max-width: 945px) 100vw, 945px\" \/><\/figure>\n<\/figure>\n","protected":false},"excerpt":{"rendered":"<div class=\"mh-excerpt\">Representants de la Junta Local de l\u2019Associaci\u00f3 Espanyola Contra el C\u00e0ncer (AECC) de Bu\u00f1ol ha participat de manera activa en la Cuestaci\u00f3n Anual contra el C\u00e1ncer 2026 celebrada este dijous 7 de maig a la <a class=\"mh-excerpt-more\" href=\"https:\/\/tucomarca.whitekongsoftware.com\/ca\/fotogaleria-la-aecc-de-bunyol-participa-activament-en-la-cuestacion-anual-contra-el-cancer-2026-a-valencia\/\" title=\"Fotogaleria: la AECC de Bunyol participa activament en la Cuestaci\u00f3n Anual contra el C\u00e1ncer 2026 a Val\u00e8ncia\">[+] <\/a><\/div>\n","protected":false},"author":12,"featured_media":301443,"comment_status":"closed","ping_status":"open","sticky":false,"template":"","format":"gallery","meta":{"footnotes":""},"categories":[10911,11010,10948,10894,10912,11007,10896],"tags":[11425,10913,10914],"class_list":["post-301445","post","type-post","status-publish","format-gallery","has-post-thumbnail","category-bunol-ca","category-canal-salud","category-infraestructuras-ca","category-la-comarca-ca","category-la-hoya-ca","category-ocio-y-cultura-ca","category-seccion-ca","tag-aecc-bunol-ca","tag-bunol-ca","tag-la-hoya-de-bunol-chiva-ca","post_format-post-format-gallery"],"_links":{"self":[{"href":"https:\/\/tucomarca.whitekongsoftware.com\/ca\/wp-json\/wp\/v2\/posts\/301445","targetHints":{"allow":["GET"]}}],"collection":[{"href":"https:\/\/tucomarca.whitekongsoftware.com\/ca\/wp-json\/wp\/v2\/posts"}],"about":[{"href":"https:\/\/tucomarca.whitekongsoftware.com\/ca\/wp-json\/wp\/v2\/types\/post"}],"author":[{"embeddable":true,"href":"https:\/\/tucomarca.whitekongsoftware.com\/ca\/wp-json\/wp\/v2\/users\/12"}],"replies":[{"embeddable":true,"href":"https:\/\/tucomarca.whitekongsoftware.com\/ca\/wp-json\/wp\/v2\/comments?post=301445"}],"version-history":[{"count":0,"href":"https:\/\/tucomarca.whitekongsoftware.com\/ca\/wp-json\/wp\/v2\/posts\/301445\/revisions"}],"wp:featuredmedia":[{"embeddable":true,"href":"https:\/\/tucomarca.whitekongsoftware.com\/ca\/wp-json\/wp\/v2\/media\/301443"}],"wp:attachment":[{"href":"https:\/\/tucomarca.whitekongsoftware.com\/ca\/wp-json\/wp\/v2\/media?parent=301445"}],"wp:term":[{"taxonomy":"category","embeddable":true,"href":"https:\/\/tucomarca.whitekongsoftware.com\/ca\/wp-json\/wp\/v2\/categories?post=301445"},{"taxonomy":"post_tag","embeddable":true,"href":"https:\/\/tucomarca.whitekongsoftware.com\/ca\/wp-json\/wp\/v2\/tags?post=301445"}],"curies":[{"name":"wp","href":"https:\/\/api.w.org\/{rel}","templated":true}]}}